{"id":668759,"date":"2026-03-07T20:58:54","date_gmt":"2026-03-08T00:58:54","guid":{"rendered":"https:\/\/diariodominicano.com\/?p=668759"},"modified":"2026-03-07T21:02:46","modified_gmt":"2026-03-08T01:02:46","slug":"abogado-dominicano-viaja-a-ny-para-evaluar-curso-del-proceso-judicial-y-definir-nueva-estrategia-en-caso-nido-2","status":"publish","type":"post","link":"https:\/\/diariodominicano.com\/?p=668759","title":{"rendered":"Abogado dominicano viaja a NY para evaluar curso del proceso judicial y definir nueva estrategia en Caso Nido"},"content":{"rendered":"\n<p><strong>Por Ram\u00f3n Mercedes&nbsp;<\/strong><\/p>\n\n\n\n<p><strong>NUEVA YORK.-&nbsp;El abogado dominicano Elim Sep\u00falveda viaj\u00f3 esta semana desde Rep\u00fablica Dominicana a esta ciudad para evaluar el curso del proceso judicial y definir una nueva estrategia conjunta en el llamado Caso Nido, que ha afectado a m\u00e1s de 300 dominicanos estafados tras invertir en proyectos inmobiliarios que nunca se construyeron en Rep\u00fablica Dominicana.<\/strong><\/p>\n\n\n\n<p><strong>El principal imputado, Emmanuel Rivera Ledesma, es se\u00f1alado por el Ministerio P\u00fablico como el cabecilla de una red que estaf\u00f3 a los dominicanos con aproximadamente 17 millones de d\u00f3lares, seg\u00fan las denuncias de las v\u00edctimas.<\/strong><\/p>\n\n\n\n<p><strong>El doctor Sep\u00falveda indic\u00f3 que visitar\u00e1 al congresista Adriano Espaillat y a la Fiscal General de NY, Letitia James, adem\u00e1s de realizar una visita formal al Departamento de Estado para solicitar acompa\u00f1amiento institucional.<\/strong><\/p>\n\n\n\n<p><strong>A\u00f1adi\u00f3 que la Procuradora General de la Rep\u00fablica, Yeni Berenice Reynoso, se ha reunido en varias ocasiones con la Fiscal General de NY para dar seguimiento a este caso.<\/strong><\/p>\n\n\n\n<p><strong>Las v\u00edctimas reiteraron la necesidad de establecer responsabilidades claras, transparentar el destino de los fondos y garantizar su devoluci\u00f3n, dinero ganado con sacrificio y jornadas de trabajo doble lejos de nuestra tierra.<\/strong><\/p>\n\n\n\n<p><strong>\u201cEl cansancio no nos vencer\u00e1\u201d. \u201cLa indignaci\u00f3n nos impulsa\u201d, \u201cy la justicia la vamos a exigir hasta el final, porque familias enteras perdieron los ahorros de toda una vida, dinero ganado con a\u00f1os de trabajo honesto dentro y fuera del pa\u00eds.\u201d<\/strong><\/p>\n\n\n\n<p><strong>El encuentro se realiz\u00f3 en el restaurante \u201cLa Mesa del Rey\u201d, ubicado en el 1712 de la avenida University, en El Bronx, y cont\u00f3 con la participaci\u00f3n de Dayanara Borb\u00f3n, Edwin Crescioni y Carlos Roa, as\u00ed como Radham\u00e9s Garc\u00eda, representante de la comunidad TRUENAN. &nbsp;<\/strong><\/p>\n","protected":false},"excerpt":{"rendered":"<p>Por Ram\u00f3n Mercedes&nbsp; NUEVA YORK.-&nbsp;El abogado dominicano Elim Sep\u00falveda viaj\u00f3 esta semana desde Rep\u00fablica Dominicana a esta ciudad para evaluar el curso del proceso judicial y definir una nueva estrategia conjunta en el llamado Caso Nido, que ha afectado a m\u00e1s de 300 dominicanos estafados tras invertir en proyectos inmobiliarios que nunca se construyeron en [&hellip;]<\/p>\n","protected":false},"author":7,"featured_media":668748,"comment_status":"closed","ping_status":"closed","sticky":false,"template":"","format":"standard","meta":{"footnotes":""},"categories":[23],"tags":[181],"class_list":["post-668759","post","type-post","status-publish","format-standard","has-post-thumbnail","hentry","category-internacional","tag-ramon-mercedes"],"_links":{"self":[{"href":"https:\/\/diariodominicano.com\/index.php?rest_route=\/wp\/v2\/posts\/668759","targetHints":{"allow":["GET"]}}],"collection":[{"href":"https:\/\/diariodominicano.com\/index.php?rest_route=\/wp\/v2\/posts"}],"about":[{"href":"https:\/\/diariodominicano.com\/index.php?rest_route=\/wp\/v2\/types\/post"}],"author":[{"embeddable":true,"href":"https:\/\/diariodominicano.com\/index.php?rest_route=\/wp\/v2\/users\/7"}],"replies":[{"embeddable":true,"href":"https:\/\/diariodominicano.com\/index.php?rest_route=%2Fwp%2Fv2%2Fcomments&post=668759"}],"version-history":[{"count":1,"href":"https:\/\/diariodominicano.com\/index.php?rest_route=\/wp\/v2\/posts\/668759\/revisions"}],"predecessor-version":[{"id":668763,"href":"https:\/\/diariodominicano.com\/index.php?rest_route=\/wp\/v2\/posts\/668759\/revisions\/668763"}],"wp:featuredmedia":[{"embeddable":true,"href":"https:\/\/diariodominicano.com\/index.php?rest_route=\/wp\/v2\/media\/668748"}],"wp:attachment":[{"href":"https:\/\/diariodominicano.com\/index.php?rest_route=%2Fwp%2Fv2%2Fmedia&parent=668759"}],"wp:term":[{"taxonomy":"category","embeddable":true,"href":"https:\/\/diariodominicano.com\/index.php?rest_route=%2Fwp%2Fv2%2Fcategories&post=668759"},{"taxonomy":"post_tag","embeddable":true,"href":"https:\/\/diariodominicano.com\/index.php?rest_route=%2Fwp%2Fv2%2Ftags&post=668759"}],"curies":[{"name":"wp","href":"https:\/\/api.w.org\/{rel}","templated":true}]}}