{"id":668727,"date":"2026-03-07T18:03:09","date_gmt":"2026-03-07T22:03:09","guid":{"rendered":"https:\/\/diariodominicano.com\/?p=668727"},"modified":"2026-03-07T21:52:18","modified_gmt":"2026-03-08T01:52:18","slug":"pld-reafirma-compromiso-con-los-derechos-de-las-mujeres-cristina-rodriguez","status":"publish","type":"post","link":"https:\/\/diariodominicano.com\/?p=668727","title":{"rendered":"PLD reafirma compromiso con los derechos de las mujeres: Cristina Rodr\u00edguez"},"content":{"rendered":"\n<p><strong><em>Cristina Rodr\u00edguez Mota:<\/em><\/strong><em>&nbsp;\u201cLas mujeres del PLD estamos comprometidas con nuestra naci\u00f3n, con nuestro partido y con seguir luchando por cada dominicana de este pa\u00eds\u201d<\/em><\/p>\n\n\n\n<p><strong>La titular de la Secretar\u00eda de Igualdad y Equidad de G\u00e9nero del Partido de la Liberaci\u00f3n Dominicana (PLD), Cristina Rodr\u00edguez Mota,<\/strong>&nbsp;afirm\u00f3 que las mujeres dominicanas contin\u00faan enfrentando importantes desaf\u00edos sociales y econ\u00f3micos, al tiempo que reafirm\u00f3 el compromiso de esa organizaci\u00f3n pol\u00edtica de seguir luchando por la igualdad de derechos y oportunidades.<\/p>\n\n\n\n<p>Las declaraciones fueron ofrecidas durante una ofrenda floral realizada en el Altar de la Patria, en v\u00edsperas del D\u00eda Internacional de la Mujer, actividad organizada por la Secretar\u00eda de Igualdad y Equidad de G\u00e9nero del PLD.<\/p>\n\n\n\n<p>Rodr\u00edguez Mota dicha ofrenda a los fundadores de la Rep\u00fablica Dominicana, simboliza el compromiso de las mujeres pelede\u00edstas con la historia, la democracia y el fortalecimiento de los derechos ciudadanos.<\/p>\n\n\n\n<p>\u201cHoy estamos frente a nuestros Padres de la Patria, recordando tambi\u00e9n a las mujeres que fueron fundamentales para que hoy seamos Rep\u00fablica Dominicana, como Concepci\u00f3n Bona, Juana Saltitopa y Mar\u00eda Trinidad S\u00e1nchez\u201d, manifest\u00f3.<\/p>\n\n\n\n<p>Se\u00f1al\u00f3 que la conmemoraci\u00f3n del 8 de marzo recuerda la lucha hist\u00f3rica por los derechos de las mujeres y la necesidad de continuar fortaleciendo las pol\u00edticas p\u00fablicas que garanticen dignidad, oportunidades laborales y acceso a la educaci\u00f3n para las dominicanas.<\/p>\n\n\n\n<p>Durante sus declaraciones a los medios de comunicaci\u00f3n, Rodr\u00edguez Mota sostuvo que a\u00fan persisten desigualdades y estereotipos que limitan la participaci\u00f3n plena de la mujer en la sociedad.<\/p>\n\n\n\n<p>Indic\u00f3 que muchas mujeres enfrentan dificultades econ\u00f3micas que afectan sus peque\u00f1os emprendimientos, como salones de belleza, negocios de u\u00f1as y cocinas informales, debido al incremento en los costos de los insumos y la situaci\u00f3n econ\u00f3mica actual.<\/p>\n\n\n\n<p>Asimismo, se\u00f1al\u00f3 que numerosas madres han tenido que luchar para conseguir cupos escolares para sus hijos e hijas, situaci\u00f3n que calific\u00f3 como preocupante por tratarse de un derecho fundamental.<\/p>\n\n\n\n<p>\u201cTodav\u00eda la mujer dominicana enfrenta sesgos en la sociedad. Muchas veces se le quiere colocar como simple decoraci\u00f3n, cuando en realidad es superaci\u00f3n, trabajo y preparaci\u00f3n acad\u00e9mica\u201d, expres\u00f3.<\/p>\n\n\n\n<p>Rodr\u00edguez Mota destac\u00f3 que, durante los gobiernos del PLD, especialmente bajo la gesti\u00f3n del expresidente Danilo Medina, se impulsaron pol\u00edticas p\u00fablicas que contribuyeron al avance de las mujeres en distintos \u00e1mbitos.<\/p>\n\n\n\n<p>En ese sentido, afirm\u00f3 que las mujeres del PLD mantienen el compromiso de trabajar por el fortalecimiento del pa\u00eds y por impulsar nuevas transformaciones sociales.<\/p>\n\n\n\n<p>\u201cLas mujeres del Partido de la Liberaci\u00f3n Dominicana estamos comprometidas con nuestra naci\u00f3n, con nuestro partido y con seguir luchando por cada dominicana de este pa\u00eds\u201d, sostuvo.<\/p>\n\n\n\n<p>La dirigente pol\u00edtica concluy\u00f3 reafirmando la voluntad de la organizaci\u00f3n de continuar trabajando por el bienestar de las mujeres y por el retorno del partido al gobierno en el a\u00f1o 2028.<\/p>\n\n\n\n<p><strong>Sobre la Ofrenda<\/strong><\/p>\n\n\n\n<p>El acto inici\u00f3 con un recorrido desde la Puerta del Conde, donde dos mujeres de la organizaci\u00f3n portaban la bandera nacional, mientras la corona de flores era trasladada de manera solemne por los custodios del sagrado recinto patrio<\/p>\n\n\n\n<p>Posteriormente, la delegaci\u00f3n lleg\u00f3 al Altar de la Patria, donde se enton\u00f3 el Himno Nacional antes de las palabras centrales de Cristina Rodr\u00edguez Mota.<\/p>\n\n\n\n<p>En la actividad participaron integrantes del Comit\u00e9 Pol\u00edtico, entre ellas Aura Toribio; as\u00ed como mujeres integrantes del Comit\u00e9 Central, presidentas municipales, titulares de secretar\u00edas y otras dirigentes, reconocidas por su labor en favor de la igualdad y el desarrollo de las mujeres.<\/p>\n\n\n\n<p>Al finalizar el acto solemne, los soldados custodios del monumento entregaron la bandera nacional debidamente doblada a Cristina Rodr\u00edguez Mota.<\/p>\n\n\n\n<p><strong>SECRETAR\u00cdA DE COMUNICACIONES<\/strong><\/p>\n\n\n\n<p><strong>07 DE MARZO, 2026.-<\/strong><\/p>\n","protected":false},"excerpt":{"rendered":"<p>Cristina Rodr\u00edguez Mota:&nbsp;\u201cLas mujeres del PLD estamos comprometidas con nuestra naci\u00f3n, con nuestro partido y con seguir luchando por cada dominicana de este pa\u00eds\u201d La titular de la Secretar\u00eda de Igualdad y Equidad de G\u00e9nero del Partido de la Liberaci\u00f3n Dominicana (PLD), Cristina Rodr\u00edguez Mota,&nbsp;afirm\u00f3 que las mujeres dominicanas contin\u00faan enfrentando importantes desaf\u00edos sociales y [&hellip;]<\/p>\n","protected":false},"author":2,"featured_media":668729,"comment_status":"open","ping_status":"closed","sticky":false,"template":"","format":"standard","meta":{"footnotes":""},"categories":[26,22],"tags":[3518,175],"class_list":["post-668727","post","type-post","status-publish","format-standard","has-post-thumbnail","hentry","category-efemerides","category-politica","tag-cristina-rodriguez","tag-pld"],"_links":{"self":[{"href":"https:\/\/diariodominicano.com\/index.php?rest_route=\/wp\/v2\/posts\/668727","targetHints":{"allow":["GET"]}}],"collection":[{"href":"https:\/\/diariodominicano.com\/index.php?rest_route=\/wp\/v2\/posts"}],"about":[{"href":"https:\/\/diariodominicano.com\/index.php?rest_route=\/wp\/v2\/types\/post"}],"author":[{"embeddable":true,"href":"https:\/\/diariodominicano.com\/index.php?rest_route=\/wp\/v2\/users\/2"}],"replies":[{"embeddable":true,"href":"https:\/\/diariodominicano.com\/index.php?rest_route=%2Fwp%2Fv2%2Fcomments&post=668727"}],"version-history":[{"count":3,"href":"https:\/\/diariodominicano.com\/index.php?rest_route=\/wp\/v2\/posts\/668727\/revisions"}],"predecessor-version":[{"id":668751,"href":"https:\/\/diariodominicano.com\/index.php?rest_route=\/wp\/v2\/posts\/668727\/revisions\/668751"}],"wp:featuredmedia":[{"embeddable":true,"href":"https:\/\/diariodominicano.com\/index.php?rest_route=\/wp\/v2\/media\/668729"}],"wp:attachment":[{"href":"https:\/\/diariodominicano.com\/index.php?rest_route=%2Fwp%2Fv2%2Fmedia&parent=668727"}],"wp:term":[{"taxonomy":"category","embeddable":true,"href":"https:\/\/diariodominicano.com\/index.php?rest_route=%2Fwp%2Fv2%2Fcategories&post=668727"},{"taxonomy":"post_tag","embeddable":true,"href":"https:\/\/diariodominicano.com\/index.php?rest_route=%2Fwp%2Fv2%2Ftags&post=668727"}],"curies":[{"name":"wp","href":"https:\/\/api.w.org\/{rel}","templated":true}]}}