{"id":668710,"date":"2026-03-07T17:41:47","date_gmt":"2026-03-07T21:41:47","guid":{"rendered":"https:\/\/diariodominicano.com\/?p=668710"},"modified":"2026-03-07T17:55:57","modified_gmt":"2026-03-07T21:55:57","slug":"el-secretario-de-estado-marco-rubio-y-la-secretaria-de-seguridad-nacional-kristi-noem-en-el-almuerzo-de-trabajo-de-la-cumbre-del-escudo-de-las-americas","status":"publish","type":"post","link":"https:\/\/diariodominicano.com\/?p=668710","title":{"rendered":"El Secretario de Estado Marco Rubio y la Secretaria de Seguridad Nacional Kristi Noem en el Almuerzo de Trabajo de la Cumbre del Escudo de las Am\u00e9ricas"},"content":{"rendered":"\n<p>7 de marzo de 2026<\/p>\n\n\n\n<p><strong>SECRETARIO RUBIO:<\/strong>&nbsp;&nbsp; Quiero darles la bienvenida a todos. Gracias por venir y formar parte de esta importante iniciativa. Es una iniciativa crucial. Obviamente, comenzamos con un fuerte enfoque en la seguridad, pero hay mucho m\u00e1s aqu\u00ed. Y como han visto, podemos trabajar juntos en mucho m\u00e1s, y como han visto por los miembros del gabinete que est\u00e1n aqu\u00ed hoy. De nuevo, en nombre del Presidente, se dirige a la Base A\u00e9rea de Dover para recibir, lamentablemente, los restos de los seis estadounidenses que perdieron la vida en la operaci\u00f3n contra el terrorismo iran\u00ed. Por eso, se disculpa por no poder acompa\u00f1arnos en este almuerzo, pero sab\u00eda que lo comprender\u00edan.&nbsp;<\/p>\n\n\n\n<p>Pero \u00e9l est\u00e1 muy entusiasmado con esta iniciativa, y yo personalmente estoy muy emocionado de formar parte de ella con cada uno de ustedes hoy. Es una prioridad absoluta para nosotros, y si bien hay un enfoque claro en la seguridad del hemisferio, como pueden ver en la representaci\u00f3n en nuestro Gabinete, desde Comercio hasta Energ\u00eda y Hacienda. Tambi\u00e9n hay un enfoque muy fuerte en las oportunidades que tenemos para colaborar econ\u00f3micamente, pero no se puede lograr progreso econ\u00f3mico sin seguridad.<\/p>\n\n\n\n<p>Como prueba del firme compromiso del Presidente con esta iniciativa, para que no se limite a reunirnos una vez, conversar, reunirnos una vez al a\u00f1o y publicar un documento, quer\u00edamos que se convirtiera en un tema de acci\u00f3n. Ha nombrado a la Secretaria Noem como enviada especial dedicada a esta relaci\u00f3n. La ver\u00e1n mucho; estar\u00e1 muy involucrada con cada uno de ustedes a nivel personal, diaria, semanal y mensual, para garantizar que lo que hablamos hoy aqu\u00ed y el trabajo que realizamos juntos contin\u00faen y podamos seguir construyendo sobre ello.<\/p>\n\n\n\n<p>As\u00ed que, quiero cederle la palabra a nuestra enviada, quien estar\u00e1 a cargo de esto y dirigir\u00e1 nuestro programa. Y, de nuevo, much\u00edsimas gracias por acompa\u00f1arnos en esta, que considero una reuni\u00f3n hist\u00f3rica de aliados y amigos, como dije en mis comentarios de hoy.<\/p>\n\n\n\n<p>Nombre de la secretaria.<\/p>\n\n\n\n<p><strong>SECRETARIA NOEM:<\/strong>&nbsp;&nbsp; Bueno, gracias, Secretario Rubio. Agradezco a todos su presencia hoy y por priorizar esto. En primer lugar, quiero agradecer a nuestro Presidente, quien tuvo la visi\u00f3n de reunirlos a todos, como l\u00edderes mundiales, para dialogar no solo sobre la protecci\u00f3n de sus pa\u00edses, sino tambi\u00e9n sobre la protecci\u00f3n de sus vecinos y sobre c\u00f3mo el Escudo de las Am\u00e9ricas se convierte en una visi\u00f3n real.<\/p>\n\n\n\n<p>Este grupo busca trabajar en conjunto para garantizar que cada uno de nosotros defienda su soberan\u00eda, su seguridad y su prosperidad econ\u00f3mica, y que al mismo tiempo siga fortaleciendo estas relaciones para garantizar que podamos hacerlo de forma eficaz, derrotando a nuestros enemigos, las organizaciones de c\u00e1rteles, que nuestro pa\u00eds ha designado como Organizaciones Terroristas Extranjeras. Al a\u00f1adir este elemento de seguridad, tenemos la oportunidad de lograr una prosperidad econ\u00f3mica que beneficie a toda nuestra gente.<\/p>\n\n\n\n<p>As\u00ed que quiero agradecer al Presidente por crear esto y por darme el honor y la oportunidad de servir como enviado especial a esta regi\u00f3n, al Hemisferio Occidental. Este Escudo de las Am\u00e9ricas ser\u00e1 un poderoso ejemplo para el resto del mundo de lo que es posible. No hay nada parecido hoy en d\u00eda en ning\u00fan otro lugar del mundo, y la forma en que cooperamos en nuestros ideales compartidos de libertad, democracia y seguridad ser\u00e1 una luz para todos aquellos que desean ser m\u00e1s como nosotros.<\/p>\n\n\n\n<p>Mi formaci\u00f3n es la de agricultor y ganadero que sirvi\u00f3 en el gobierno, en el Congreso, como gobernador y luego como Secretario de Seguridad Nacional. Durante el \u00faltimo a\u00f1o, como Secretario de Seguridad Nacional, nos hemos centrado en asegurar nuestra frontera. Hemos transformado nuestro pa\u00eds, que estaba siendo invadido por enemigos, millones de ellos que llegaban sin ser investigados, sin saber qui\u00e9n estaba all\u00ed ni qui\u00e9n quer\u00eda hacernos da\u00f1o. Hemos asegurado esa frontera. Nos hemos centrado en eliminar las amenazas a la seguridad p\u00fablica. Y m\u00e1s de tres millones de personas han sido deportadas o expulsadas de nuestro pa\u00eds el a\u00f1o pasado.<\/p>\n\n\n\n<p>La seguridad fronteriza lo ha cambiado todo para nuestro pa\u00eds. Nos ha brindado la oportunidad de enfocarnos en las relaciones comerciales y de inversi\u00f3n con otros pa\u00edses y ha puesto fin a la crisis que atravesaba nuestro pa\u00eds en los a\u00f1os previos al liderazgo del presidente Trump. Por lo tanto, reconocemos que ahora que Estados Unidos est\u00e1 seguro y nuestras fronteras est\u00e1n protegidas, queremos centrarnos en nuestros vecinos y ayudarlos con sus fronteras y los desaf\u00edos que enfrentan, para que puedan tener la seguridad que nosotros disfrutamos.<\/p>\n\n\n\n<p>Ten\u00eda muchas ganas de conocer a muchos de ustedes. A muchos los conoc\u00ed durante el \u00faltimo a\u00f1o y con quienes pas\u00e9 tiempo. S\u00e9 que el presidente Bukele fue probablemente, creo, el primer l\u00edder mundial con el que tuve la oportunidad de visitarlo. Colaboramos en materia de seguridad en El Salvador y apreciamos la forma en que ha tra\u00eddo la paz al pa\u00eds y la prosperidad que le sigue. Ha sido un gran ejemplo.<\/p>\n\n\n\n<p>Tambi\u00e9n fui a Chile, pas\u00e9 un tiempo y lo disfrut\u00e9 mucho. Nos centramos en&#8230; bajo el Departamento de Seguridad Nacional, contamos con operaciones y expertos en ciberseguridad, y trabajamos all\u00ed integrando a algunos expertos en ciberseguridad y tenemos la oportunidad de seguir desarrollando eso si ese es uno de los desaf\u00edos que puedan tener.&nbsp;<\/p>\n\n\n\n<p>Tambi\u00e9n pas\u00e9 un tiempo en Argentina con el presidente Milei y apreci\u00e9 su enfoque en la prosperidad econ\u00f3mica y c\u00f3mo podr\u00edamos colaborar en ello. Y, por supuesto, Ecuador ha sido un socio muy s\u00f3lido para todos nosotros. Hemos trabajado no solo en seguridad y lucha contra los c\u00e1rteles, sino tambi\u00e9n en asegurarnos de que se aborde el narcotr\u00e1fico y podamos fortalecer esas relaciones.<\/p>\n\n\n\n<p>He estado en muchos de sus otros pa\u00edses trabajando con sus presidentes y l\u00edderes, y espero seguir trabajando en ello para que podamos tener conversaciones francas sobre qu\u00e9 hacer en el futuro. Nuestros objetivos ser\u00e1n destruir a los c\u00e1rteles, perseguir a estos narcoterroristas que est\u00e1n destruyendo a nuestra gente, matando a nuestros hijos y nietos. Tambi\u00e9n mantendremos a raya a nuestros adversarios. Queremos asegurarnos de mantener fuera de nuestro hemisferio a aquellos adversarios que desean cambiar nuestra forma de vida y nuestros valores, y que est\u00e1n fuera de nuestro hemisferio, y centrarnos en construir alianzas entre nosotros y en nuestras fortalezas.&nbsp;<\/p>\n\n\n\n<p>Hemos colaborado y nos sentimos orgullosos del Departamento de Guerra en la conferencia a la que muchos de ustedes asistieron hace unos d\u00edas, y seguiremos haci\u00e9ndolo. Queremos que nuestro hemisferio sea m\u00e1s seguro, m\u00e1s soberano y m\u00e1s pr\u00f3spero, y esperamos trabajar con ustedes en todo ello.&nbsp;<\/p>\n\n\n\n<p>El primer objetivo no ser\u00e1 solo la soberan\u00eda, sino tambi\u00e9n el control migratorio; trabajaremos por la prosperidad econ\u00f3mica. Revertiremos estas influencias extranjeras da\u00f1inas que han invadido muchos de nuestros negocios y tecnolog\u00edas, y que hemos visto infiltrarse en diferentes \u00e1reas de nuestro estilo de vida. Ese ser\u00e1 mi objetivo diario. Al finalizar la sesi\u00f3n, les dar\u00e9 mi n\u00famero de celular personal para que puedan contactarme cuando necesiten algo. Trabajaremos juntos para seguir garantizando que nuestra relaci\u00f3n sea un escudo para las Am\u00e9ricas, para que este sea un hemisferio occidental mejor, m\u00e1s seguro, m\u00e1s pr\u00f3spero y m\u00e1s libre gracias al liderazgo que todos ustedes brindan.<\/p>\n\n\n\n<p>As\u00ed que, gracias al Secretario Rubio por organizar esto y tener la visi\u00f3n de reunirnos a todos. Creo que esto traer\u00e1 mayor seguridad a nuestras naciones en los pr\u00f3ximos a\u00f1os.<\/p>\n\n\n\n<p><strong>SECRETARIO RUBIO:<\/strong>&nbsp;&nbsp; De acuerdo. Bueno, gracias. Les pediremos a nuestros amigos, y no amigos, que se vayan. De acuerdo.<\/p>\n\n\n\n<p>U.S. Department of State<\/p>\n\n\n\n<p><a target=\"_blank\" href=\"mailto:usstatebpa@public.govdelivery.com\" rel=\"noreferrer noopener\">usstatebpa@public.govdelivery.com<\/a><\/p>\n","protected":false},"excerpt":{"rendered":"<p>7 de marzo de 2026 SECRETARIO RUBIO:&nbsp;&nbsp; Quiero darles la bienvenida a todos. Gracias por venir y formar parte de esta importante iniciativa. Es una iniciativa crucial. Obviamente, comenzamos con un fuerte enfoque en la seguridad, pero hay mucho m\u00e1s aqu\u00ed. Y como han visto, podemos trabajar juntos en mucho m\u00e1s, y como han visto [&hellip;]<\/p>\n","protected":false},"author":2,"featured_media":668712,"comment_status":"open","ping_status":"closed","sticky":false,"template":"","format":"standard","meta":{"footnotes":""},"categories":[23],"tags":[5002,3227],"class_list":["post-668710","post","type-post","status-publish","format-standard","has-post-thumbnail","hentry","category-internacional","tag-cumbre-del-escudo-de-las-americas","tag-marco-rubio"],"_links":{"self":[{"href":"https:\/\/diariodominicano.com\/index.php?rest_route=\/wp\/v2\/posts\/668710","targetHints":{"allow":["GET"]}}],"collection":[{"href":"https:\/\/diariodominicano.com\/index.php?rest_route=\/wp\/v2\/posts"}],"about":[{"href":"https:\/\/diariodominicano.com\/index.php?rest_route=\/wp\/v2\/types\/post"}],"author":[{"embeddable":true,"href":"https:\/\/diariodominicano.com\/index.php?rest_route=\/wp\/v2\/users\/2"}],"replies":[{"embeddable":true,"href":"https:\/\/diariodominicano.com\/index.php?rest_route=%2Fwp%2Fv2%2Fcomments&post=668710"}],"version-history":[{"count":4,"href":"https:\/\/diariodominicano.com\/index.php?rest_route=\/wp\/v2\/posts\/668710\/revisions"}],"predecessor-version":[{"id":668726,"href":"https:\/\/diariodominicano.com\/index.php?rest_route=\/wp\/v2\/posts\/668710\/revisions\/668726"}],"wp:featuredmedia":[{"embeddable":true,"href":"https:\/\/diariodominicano.com\/index.php?rest_route=\/wp\/v2\/media\/668712"}],"wp:attachment":[{"href":"https:\/\/diariodominicano.com\/index.php?rest_route=%2Fwp%2Fv2%2Fmedia&parent=668710"}],"wp:term":[{"taxonomy":"category","embeddable":true,"href":"https:\/\/diariodominicano.com\/index.php?rest_route=%2Fwp%2Fv2%2Fcategories&post=668710"},{"taxonomy":"post_tag","embeddable":true,"href":"https:\/\/diariodominicano.com\/index.php?rest_route=%2Fwp%2Fv2%2Ftags&post=668710"}],"curies":[{"name":"wp","href":"https:\/\/api.w.org\/{rel}","templated":true}]}}