{"id":668708,"date":"2026-03-07T17:24:43","date_gmt":"2026-03-07T21:24:43","guid":{"rendered":"https:\/\/diariodominicano.com\/?p=668708"},"modified":"2026-03-07T17:24:46","modified_gmt":"2026-03-07T21:24:46","slug":"cuba-celebra-120-anos-del-natalicio-de-alejandro-garcia-caturla","status":"publish","type":"post","link":"https:\/\/diariodominicano.com\/?p=668708","title":{"rendered":"Cuba celebra 120 a\u00f1os del natalicio de Alejandro Garc\u00eda Caturla"},"content":{"rendered":"\n<p>La Habana, 7 mar (Prensa Latina) Cuba conmemora hoy el aniversario 120 del natalicio del compositor Alejandro Garc\u00eda Caturla, figura esencial de la m\u00fasica nacional y un referente universal por la originalidad de su obra.<\/p>\n\n\n\n<ul class=\"wp-block-list\">\n<li><a href=\"https:\/\/www.prensa-latina.cu\/2026\/03\/07\/\"><time>marzo 7, 2026 | 14:05<\/time><\/a><\/li>\n<\/ul>\n\n\n\n<ul class=\"wp-block-list\">\n<li><a href=\"https:\/\/www.prensa-latina.cu\/2026\/03\/07\/cuba-celebra-120-anos-del-natalicio-de-alejandro-garcia-caturla\/#\"><\/a><\/li>\n\n\n\n<li><a href=\"https:\/\/www.prensa-latina.cu\/2026\/03\/07\/cuba-celebra-120-anos-del-natalicio-de-alejandro-garcia-caturla\/#\"><\/a><\/li>\n\n\n\n<li><a href=\"https:\/\/www.prensa-latina.cu\/2026\/03\/07\/cuba-celebra-120-anos-del-natalicio-de-alejandro-garcia-caturla\/#\"><\/a><\/li>\n\n\n\n<li><a href=\"https:\/\/www.prensa-latina.cu\/2026\/03\/07\/cuba-celebra-120-anos-del-natalicio-de-alejandro-garcia-caturla\/#\"><\/a><\/li>\n<\/ul>\n\n\n\n<p>Naci\u00f3 en 1906 en el pueblo Remedios, provincia central de Villa Clara e ingres\u00f3 en la Universidad de La Habana en 1923 para estudiar Derecho Civil, aunque la m\u00fasica, en especial los ritmos afrocubanos, fueron siempre su pasi\u00f3n.<\/p>\n\n\n\n<p>Integr\u00f3 la Orquesta Sinf\u00f3nica y luego la Filarm\u00f3nica, form\u00e1ndose como bar\u00edtono en la Academia de Canto de La Filarm\u00f3nica Italiana; de su autoria son las obras Dos poemas afrocubanos, Bemb\u00e9, Danzas del tambor, Suite para Orquesta, Obertura cubana, entre otras.<\/p>\n\n\n\n<p>El Museo Nacional de la M\u00fasica, que resguarda gran parte de su legado, entre partituras, documentos y fotograf\u00edas, record\u00f3 en redes sociales que la conservaci\u00f3n del rico archivo fue fruto de la labor de su directora fundadora, Mar\u00eda Antonieta Henr\u00edquez, quien impuls\u00f3 la preservaci\u00f3n de la memoria del creador remediano.<\/p>\n\n\n\n<p>Entre sus iniciativas destacan la apertura en 1975 del Museo Memorial en Remedios y la publicaci\u00f3n de vol\u00famenes como Correspondencia (1978), que re\u00fane cartas con personalidades de Cuba y el extranjero, y Alejandro Garc\u00eda Caturla (1998), textos que consolidan el estudio de su vida y obra, explic\u00f3 el centro cultural.<\/p>\n\n\n\n<p>La instituci\u00f3n mencion\u00f3 adem\u00e1s los m\u00faltiples homenajes dedicados al m\u00fasico y recomienda dos investigaciones recientes: 120 Aniversario del natalicio de Alejandro Garc\u00eda Caturla, de Dolores Flovia Rodr\u00edguez, y Caturla en la mirada de Juan Marinello, del muse\u00f3logo Osmani Pedro Ibarra.<\/p>\n\n\n\n<p>Alejandro Garc\u00eda Caturla falleci\u00f3 el 12 de noviembre de 1940 a los 34 a\u00f1os de edad, asesinado con arma de fuego por uno de los acusados que deb\u00eda juzgar en esos d\u00edas.<\/p>\n\n\n\n<p>jcm\/vnl<\/p>\n\n\n\n<ul class=\"wp-block-list\">\n<li>#<a href=\"https:\/\/www.prensa-latina.cu\/etiqueta\/cuba\/\">cuba<\/a>\u00a0#<a href=\"https:\/\/www.prensa-latina.cu\/etiqueta\/cultura\/\">cultura<\/a><\/li>\n<\/ul>\n","protected":false},"excerpt":{"rendered":"<p>La Habana, 7 mar (Prensa Latina) Cuba conmemora hoy el aniversario 120 del natalicio del compositor Alejandro Garc\u00eda Caturla, figura esencial de la m\u00fasica nacional y un referente universal por la originalidad de su obra. Naci\u00f3 en 1906 en el pueblo Remedios, provincia central de Villa Clara e ingres\u00f3 en la Universidad de La Habana [&hellip;]<\/p>\n","protected":false},"author":2,"featured_media":0,"comment_status":"open","ping_status":"closed","sticky":false,"template":"","format":"standard","meta":{"footnotes":""},"categories":[21,26],"tags":[],"class_list":["post-668708","post","type-post","status-publish","format-standard","hentry","category-cultura","category-efemerides"],"_links":{"self":[{"href":"https:\/\/diariodominicano.com\/index.php?rest_route=\/wp\/v2\/posts\/668708","targetHints":{"allow":["GET"]}}],"collection":[{"href":"https:\/\/diariodominicano.com\/index.php?rest_route=\/wp\/v2\/posts"}],"about":[{"href":"https:\/\/diariodominicano.com\/index.php?rest_route=\/wp\/v2\/types\/post"}],"author":[{"embeddable":true,"href":"https:\/\/diariodominicano.com\/index.php?rest_route=\/wp\/v2\/users\/2"}],"replies":[{"embeddable":true,"href":"https:\/\/diariodominicano.com\/index.php?rest_route=%2Fwp%2Fv2%2Fcomments&post=668708"}],"version-history":[{"count":1,"href":"https:\/\/diariodominicano.com\/index.php?rest_route=\/wp\/v2\/posts\/668708\/revisions"}],"predecessor-version":[{"id":668709,"href":"https:\/\/diariodominicano.com\/index.php?rest_route=\/wp\/v2\/posts\/668708\/revisions\/668709"}],"wp:attachment":[{"href":"https:\/\/diariodominicano.com\/index.php?rest_route=%2Fwp%2Fv2%2Fmedia&parent=668708"}],"wp:term":[{"taxonomy":"category","embeddable":true,"href":"https:\/\/diariodominicano.com\/index.php?rest_route=%2Fwp%2Fv2%2Fcategories&post=668708"},{"taxonomy":"post_tag","embeddable":true,"href":"https:\/\/diariodominicano.com\/index.php?rest_route=%2Fwp%2Fv2%2Ftags&post=668708"}],"curies":[{"name":"wp","href":"https:\/\/api.w.org\/{rel}","templated":true}]}}