{"id":668700,"date":"2026-03-07T19:26:42","date_gmt":"2026-03-07T23:26:42","guid":{"rendered":"https:\/\/diariodominicano.com\/?p=668700"},"modified":"2026-03-07T19:26:46","modified_gmt":"2026-03-07T23:26:46","slug":"fundacion-salud-y-desarrollo-destaca-el-papel-transformador-de-la-mujer-en-el-dia-internacional-de-la-mujer","status":"publish","type":"post","link":"https:\/\/diariodominicano.com\/?p=668700","title":{"rendered":"Fundaci\u00f3n Salud y Desarrollo destaca el papel transformador de la mujer en el D\u00eda Internacional de la Mujer\u00a0"},"content":{"rendered":"\n<p><strong>La Fundaci\u00f3n Salud y Desarrollo<\/strong> manifest\u00f3 su reconocimiento a todas las mujeres por su invaluable aporte al fortalecimiento de las familias y al desarrollo de la sociedad.<\/p>\n\n\n\n<p>En ocasi\u00f3n de la conmemoraci\u00f3n del D\u00eda Internacional de la Mujer, este 8 de marzo, la entidad, que opera, adem\u00e1s, como un&nbsp; centro de atenci\u00f3n primaria comprometido con el bienestar comunitario,&nbsp; resalt\u00f3 que las mujeres representan una fuerza esencial en la construcci\u00f3n de comunidades m\u00e1s solidarias, resilientes y llenas de esperanza.<\/p>\n\n\n\n<p>\u201cMujer virtuosa, \u00bfqui\u00e9n la hallar\u00e1? Porque su valor sobrepasa largamente al de las piedras preciosas define&nbsp; el libro de Proverbios (31:10), cuya reflexi\u00f3n inspira a reconocer el profundo valor y la dignidad de cada mujer\u201d, subray\u00f3&nbsp; la la Fundaci\u00f3n Salud y Desarrollo en un documento puesto a circular en los medios de prensa.<\/p>\n\n\n\n<p>\u201cA lo largo de la historia de la humanidad, las mujeres han demostrado una extraordinaria capacidad para liderar procesos de transformaci\u00f3n en sus hogares, comunidades y espacios profesionales\u201d, puntualiz\u00f3.<\/p>\n\n\n\n<p>Y de inmediato con respecto al rol de la mujer sostuvo:<\/p>\n\n\n\n<p>\u201c Su dedicaci\u00f3n, sensibilidad y compromiso han sido fundamentales para promover valores, cuidar la vida y construir un futuro mejor para las nuevas generaciones\u201d.<\/p>\n\n\n\n<p>En ese sentido,&nbsp; la Fundaci\u00f3n Salud y Desarrollo en el documento elaborado para esta ocasi\u00f3n,&nbsp; reafirm\u00f3 su compromiso de continuar impulsando iniciativas orientadas a promover la salud integral de la mujer.<\/p>\n\n\n\n<p>La entidad, asimismo, expres\u00f3 su compromiso de continuar con los programas de orientaci\u00f3n y acompa\u00f1amiento que contribuyan a mejorar el&nbsp; bienestar f\u00edsico, emocional y social de la mujer.<\/p>\n\n\n\n<p>\u201cLa salud de la mujer es un pilar esencial para el desarrollo de las familias y de la sociedad. Cuando una mujer cuida su bienestar y fortalece su esperanza, tiene el poder de transformar su entorno\u201d, destac\u00f3 la instituci\u00f3n.<\/p>\n\n\n\n<p>En este contexto, la fundaci\u00f3n tambi\u00e9n impulsa espacios de educaci\u00f3n y apoyo comunitario dirigidos a mujeres, con el prop\u00f3sito de fomentar una mayor conciencia sobre la importancia del cuidado de la salud y el fortalecimiento del bienestar integral.<\/p>\n\n\n\n<p>En el marco de esta conmemoraci\u00f3n, la instituci\u00f3n reiter\u00f3 su reconocimiento a todas las mujeres que, con su trabajo diario, su dedicaci\u00f3n y su amor, contribuyen a construir una sociedad m\u00e1s humana, solidaria y llena de oportunidades.<\/p>\n\n\n\n<p>La Fundaci\u00f3n Salud y Desarrollo exhort\u00f3&nbsp; a las mujeres a seguir fortaleciendo su bienestar y a participar en iniciativas comunitarias orientadas a promover una vida saludable y con prop\u00f3sito porque cuando una mujer se levanta con dignidad, esperanza y determinaci\u00f3n, se fortalece su familia, crece su comunidad y avanza toda la sociedad.<\/p>\n\n\n\n<p>Juan Mieses juanmiesesp@gmail.com&nbsp;<\/p>\n","protected":false},"excerpt":{"rendered":"<p>La Fundaci\u00f3n Salud y Desarrollo manifest\u00f3 su reconocimiento a todas las mujeres por su invaluable aporte al fortalecimiento de las familias y al desarrollo de la sociedad. En ocasi\u00f3n de la conmemoraci\u00f3n del D\u00eda Internacional de la Mujer, este 8 de marzo, la entidad, que opera, adem\u00e1s, como un&nbsp; centro de atenci\u00f3n primaria comprometido con [&hellip;]<\/p>\n","protected":false},"author":7,"featured_media":668756,"comment_status":"closed","ping_status":"closed","sticky":false,"template":"","format":"standard","meta":{"footnotes":""},"categories":[21,36],"tags":[1917,5003],"class_list":["post-668700","post","type-post","status-publish","format-standard","has-post-thumbnail","hentry","category-cultura","category-hombresmujeresycosas","tag-dia-internacional-de-la-mujer","tag-fundacion-salud-y-desarrollo"],"_links":{"self":[{"href":"https:\/\/diariodominicano.com\/index.php?rest_route=\/wp\/v2\/posts\/668700","targetHints":{"allow":["GET"]}}],"collection":[{"href":"https:\/\/diariodominicano.com\/index.php?rest_route=\/wp\/v2\/posts"}],"about":[{"href":"https:\/\/diariodominicano.com\/index.php?rest_route=\/wp\/v2\/types\/post"}],"author":[{"embeddable":true,"href":"https:\/\/diariodominicano.com\/index.php?rest_route=\/wp\/v2\/users\/7"}],"replies":[{"embeddable":true,"href":"https:\/\/diariodominicano.com\/index.php?rest_route=%2Fwp%2Fv2%2Fcomments&post=668700"}],"version-history":[{"count":1,"href":"https:\/\/diariodominicano.com\/index.php?rest_route=\/wp\/v2\/posts\/668700\/revisions"}],"predecessor-version":[{"id":668757,"href":"https:\/\/diariodominicano.com\/index.php?rest_route=\/wp\/v2\/posts\/668700\/revisions\/668757"}],"wp:featuredmedia":[{"embeddable":true,"href":"https:\/\/diariodominicano.com\/index.php?rest_route=\/wp\/v2\/media\/668756"}],"wp:attachment":[{"href":"https:\/\/diariodominicano.com\/index.php?rest_route=%2Fwp%2Fv2%2Fmedia&parent=668700"}],"wp:term":[{"taxonomy":"category","embeddable":true,"href":"https:\/\/diariodominicano.com\/index.php?rest_route=%2Fwp%2Fv2%2Fcategories&post=668700"},{"taxonomy":"post_tag","embeddable":true,"href":"https:\/\/diariodominicano.com\/index.php?rest_route=%2Fwp%2Fv2%2Ftags&post=668700"}],"curies":[{"name":"wp","href":"https:\/\/api.w.org\/{rel}","templated":true}]}}