{"id":668648,"date":"2026-03-07T02:08:51","date_gmt":"2026-03-07T06:08:51","guid":{"rendered":"https:\/\/diariodominicano.com\/?p=668648"},"modified":"2026-03-07T02:09:24","modified_gmt":"2026-03-07T06:09:24","slug":"presidente-abinader-arriba-a-miami-para-participar-en-cumbre-regional-convocada-por-donald-trump","status":"publish","type":"post","link":"https:\/\/diariodominicano.com\/?p=668648","title":{"rendered":"Presidente Abinader arriba a Miami para participar en cumbre regional convocada por Donald Trump"},"content":{"rendered":"\n<p>6 de Marzo 2026 |<\/p>\n\n\n\n<figure class=\"wp-block-image\"><img decoding=\"async\" src=\"https:\/\/platform-cdn.sharethis.com\/img\/facebook.svg\" alt=\"facebook sharing button\"\/><\/figure>\n\n\n\n<figure class=\"wp-block-image\"><img decoding=\"async\" src=\"https:\/\/platform-cdn.sharethis.com\/img\/sharethis.svg\" alt=\"sharethis sharing button\"\/><\/figure>\n\n\n\n<p>Miami, Florida.\u2013\u00a0<strong>El presidente de la Rep\u00fablica Dominicana, Luis Abinader,<\/strong>\u00a0arrib\u00f3 el viernes a las\u00a0<strong>2:24 de la tarde<\/strong>\u00a0(hora de Miami) al\u00a0<strong>Aeropuerto Internacional de Miami,<\/strong>\u00a0para asistir a la\u00a0<strong>cumbre presidencial<\/strong>\u00a0convocada por el mandatario de los Estados Unidos,\u00a0<strong>Donald Trump.<\/strong>\u00a0<\/p>\n\n\n\n<p><strong>Agenda estrat\u00e9gica y temas de inter\u00e9s com\u00fan<\/strong><\/p>\n\n\n\n<p>La cumbre, que se celebrar\u00e1 este s\u00e1bado&nbsp;<strong>7 de marzo<\/strong>, reunir\u00e1 a diversos&nbsp;<strong>l\u00edderes internacionales<\/strong>&nbsp;en un encuentro orientado a abordar desaf\u00edos en el \u00e1mbito regional y global.<\/p>\n\n\n\n<p>Esta cumbre lleva como nombre \u201c<strong>Escudo de las Am\u00e9ricas\u201d<\/strong>&nbsp;y tiene por objetivo promover la&nbsp;<strong>libertad, la seguridad y la prosperidad<\/strong>&nbsp;en la regi\u00f3n.<\/p>\n\n\n\n<p>El presidente Trump dialogar\u00e1 con los l\u00edderes de estos pa\u00edses para trabajar juntos y abordar la&nbsp;<strong>migraci\u00f3n ilegal y masiva<\/strong>&nbsp;en Estados Unidos y el hemisferio occidental, as\u00ed como la amenaza de&nbsp;<strong>bandas criminales, narcotraficantes y terroristas, seguridad<\/strong>&nbsp;y lucha contra el&nbsp;<strong>crimen organizado.<\/strong><\/p>\n\n\n\n<p><strong>Reuniones bilaterales<\/strong><\/p>\n\n\n\n<p>El mandatario dominicano tambi\u00e9n tiene previsto agotar una serie de&nbsp;<strong>reuniones bilaterales&nbsp;<\/strong>en el marco del evento, con el fin de promover los&nbsp;<strong>intereses nacionales<\/strong>&nbsp;y estrechar los v\u00ednculos de amistad con las naciones hermanas de la regi\u00f3n.&nbsp;<\/p>\n\n\n\n<p>Esta visita se enmarca en la intensa&nbsp;<strong>agenda internacional<\/strong>&nbsp;que el presidente Abinader desarrollar\u00e1 durante el mes de marzo, la cual incluye tambi\u00e9n compromisos oficiales&nbsp;<strong>en Chile y Francia,<\/strong>&nbsp;reafirmando el papel activo de la Rep\u00fablica Dominicana en los principales&nbsp;<strong>foros de decisi\u00f3n global.<\/strong><\/p>\n\n\n\n<p>Con informaci\u00f3n de la Presidencia de la Rep\u00fablica.<\/p>\n","protected":false},"excerpt":{"rendered":"<p>6 de Marzo 2026 | Miami, Florida.\u2013\u00a0El presidente de la Rep\u00fablica Dominicana, Luis Abinader,\u00a0arrib\u00f3 el viernes a las\u00a02:24 de la tarde\u00a0(hora de Miami) al\u00a0Aeropuerto Internacional de Miami,\u00a0para asistir a la\u00a0cumbre presidencial\u00a0convocada por el mandatario de los Estados Unidos,\u00a0Donald Trump.\u00a0 Agenda estrat\u00e9gica y temas de inter\u00e9s com\u00fan La cumbre, que se celebrar\u00e1 este s\u00e1bado&nbsp;7 de marzo, [&hellip;]<\/p>\n","protected":false},"author":2,"featured_media":668649,"comment_status":"closed","ping_status":"closed","sticky":false,"template":"","format":"standard","meta":{"footnotes":""},"categories":[17],"tags":[4105],"class_list":["post-668648","post","type-post","status-publish","format-standard","has-post-thumbnail","hentry","category-deportes","tag-abinader"],"_links":{"self":[{"href":"https:\/\/diariodominicano.com\/index.php?rest_route=\/wp\/v2\/posts\/668648","targetHints":{"allow":["GET"]}}],"collection":[{"href":"https:\/\/diariodominicano.com\/index.php?rest_route=\/wp\/v2\/posts"}],"about":[{"href":"https:\/\/diariodominicano.com\/index.php?rest_route=\/wp\/v2\/types\/post"}],"author":[{"embeddable":true,"href":"https:\/\/diariodominicano.com\/index.php?rest_route=\/wp\/v2\/users\/2"}],"replies":[{"embeddable":true,"href":"https:\/\/diariodominicano.com\/index.php?rest_route=%2Fwp%2Fv2%2Fcomments&post=668648"}],"version-history":[{"count":1,"href":"https:\/\/diariodominicano.com\/index.php?rest_route=\/wp\/v2\/posts\/668648\/revisions"}],"predecessor-version":[{"id":668650,"href":"https:\/\/diariodominicano.com\/index.php?rest_route=\/wp\/v2\/posts\/668648\/revisions\/668650"}],"wp:featuredmedia":[{"embeddable":true,"href":"https:\/\/diariodominicano.com\/index.php?rest_route=\/wp\/v2\/media\/668649"}],"wp:attachment":[{"href":"https:\/\/diariodominicano.com\/index.php?rest_route=%2Fwp%2Fv2%2Fmedia&parent=668648"}],"wp:term":[{"taxonomy":"category","embeddable":true,"href":"https:\/\/diariodominicano.com\/index.php?rest_route=%2Fwp%2Fv2%2Fcategories&post=668648"},{"taxonomy":"post_tag","embeddable":true,"href":"https:\/\/diariodominicano.com\/index.php?rest_route=%2Fwp%2Fv2%2Ftags&post=668648"}],"curies":[{"name":"wp","href":"https:\/\/api.w.org\/{rel}","templated":true}]}}