{"id":668647,"date":"2026-03-07T02:18:18","date_gmt":"2026-03-07T06:18:18","guid":{"rendered":"https:\/\/diariodominicano.com\/?p=668647"},"modified":"2026-03-07T02:18:47","modified_gmt":"2026-03-07T06:18:47","slug":"director-de-prensa-del-presidente-abinader-detalla-agenda-en-cumbre-convocada-para-el-sabado-por-el-presidente-trump-en-miami","status":"publish","type":"post","link":"https:\/\/diariodominicano.com\/?p=668647","title":{"rendered":"Director de Prensa del Presidente  Abinader detalla agenda en cumbre convocada para el s\u00e1bado por el presidente Trump, en Miami"},"content":{"rendered":"\n<h3 class=\"wp-block-heading\"><\/h3>\n\n\n\n<p>6 de Marzo 2026 <\/p>\n\n\n\n<figure class=\"wp-block-image\"><img decoding=\"async\" src=\"https:\/\/platform-cdn.sharethis.com\/img\/facebook.svg\" alt=\"facebook sharing button\"\/><\/figure>\n\n\n\n<figure class=\"wp-block-image\"><img decoding=\"async\" src=\"https:\/\/platform-cdn.sharethis.com\/img\/sharethis.svg\" alt=\"sharethis sharing button\"\/><\/figure>\n\n\n\n<p>Miami, Florida.\u2013&nbsp;<strong>El presidente de la Rep\u00fablica Dominicana, Luis Abinader,<\/strong>&nbsp;arrib\u00f3 este viernes a las&nbsp;<strong>2:24 de la tarde<\/strong>&nbsp;(hora de Miami) al&nbsp;<strong>Aeropuerto Internacional de Miami,<\/strong>&nbsp;para asistir a la&nbsp;<strong>cumbre presidencial<\/strong>&nbsp;convocada por el mandatario de los Estados Unidos,&nbsp;<strong>Donald Trump.<\/strong>&nbsp;<\/p>\n\n\n\n<p><strong>Agenda estrat\u00e9gica y temas de inter\u00e9s com\u00fan<\/strong><\/p>\n\n\n\n<p>La cumbre, que se celebrar\u00e1 este s\u00e1bado&nbsp;<strong>7 de marzo<\/strong>, reunir\u00e1 a diversos&nbsp;<strong>l\u00edderes internacionales<\/strong>&nbsp;en un encuentro orientado a abordar desaf\u00edos en el \u00e1mbito regional y global.<\/p>\n\n\n\n<p>Esta cumbre lleva como nombre \u201c<strong>Escudo de las Am\u00e9ricas\u201d<\/strong>&nbsp;y tiene por objetivo promover la&nbsp;<strong>libertad, la seguridad y la prosperidad<\/strong>&nbsp;en la regi\u00f3n.<\/p>\n\n\n\n<p>El presidente Trump dialogar\u00e1 con los l\u00edderes de estos pa\u00edses para trabajar juntos y abordar la&nbsp;<strong>migraci\u00f3n ilegal y masiva<\/strong>&nbsp;en Estados Unidos y el hemisferio occidental, as\u00ed como la amenaza de&nbsp;<strong>bandas criminales, narcotraficantes y terroristas, seguridad<\/strong>&nbsp;y lucha contra el&nbsp;<strong>crimen organizado.<\/strong><\/p>\n\n\n\n<p><strong>Reuniones bilaterales<\/strong><\/p>\n\n\n\n<p>El mandatario dominicano tambi\u00e9n tiene previsto agotar una serie de&nbsp;<strong>reuniones bilaterales&nbsp;<\/strong>en el marco del evento, con el fin de promover los&nbsp;<strong>intereses nacionales<\/strong>&nbsp;y estrechar los v\u00ednculos de amistad con las naciones hermanas de la regi\u00f3n.&nbsp;<\/p>\n\n\n\n<p>Esta visita se enmarca en la intensa&nbsp;<strong>agenda internacional<\/strong>&nbsp;que el presidente Abinader desarrollar\u00e1 durante el mes de marzo, la cual incluye tambi\u00e9n compromisos oficiales&nbsp;<strong>en Chile y Francia,<\/strong>&nbsp;reafirmando el papel activo de la Rep\u00fablica Dominicana en los principales&nbsp;<strong>foros de decisi\u00f3n global.<\/strong><\/p>\n","protected":false},"excerpt":{"rendered":"<p>6 de Marzo 2026 Miami, Florida.\u2013&nbsp;El presidente de la Rep\u00fablica Dominicana, Luis Abinader,&nbsp;arrib\u00f3 este viernes a las&nbsp;2:24 de la tarde&nbsp;(hora de Miami) al&nbsp;Aeropuerto Internacional de Miami,&nbsp;para asistir a la&nbsp;cumbre presidencial&nbsp;convocada por el mandatario de los Estados Unidos,&nbsp;Donald Trump.&nbsp; Agenda estrat\u00e9gica y temas de inter\u00e9s com\u00fan La cumbre, que se celebrar\u00e1 este s\u00e1bado&nbsp;7 de marzo, reunir\u00e1 [&hellip;]<\/p>\n","protected":false},"author":28,"featured_media":668652,"comment_status":"open","ping_status":"closed","sticky":false,"template":"","format":"standard","meta":{"footnotes":""},"categories":[20,27],"tags":[5000,4995],"class_list":["post-668647","post","type-post","status-publish","format-standard","has-post-thumbnail","hentry","category-dominicana-hoy","category-portada","tag-cumbre-trump","tag-luis-abinader"],"_links":{"self":[{"href":"https:\/\/diariodominicano.com\/index.php?rest_route=\/wp\/v2\/posts\/668647","targetHints":{"allow":["GET"]}}],"collection":[{"href":"https:\/\/diariodominicano.com\/index.php?rest_route=\/wp\/v2\/posts"}],"about":[{"href":"https:\/\/diariodominicano.com\/index.php?rest_route=\/wp\/v2\/types\/post"}],"author":[{"embeddable":true,"href":"https:\/\/diariodominicano.com\/index.php?rest_route=\/wp\/v2\/users\/28"}],"replies":[{"embeddable":true,"href":"https:\/\/diariodominicano.com\/index.php?rest_route=%2Fwp%2Fv2%2Fcomments&post=668647"}],"version-history":[{"count":2,"href":"https:\/\/diariodominicano.com\/index.php?rest_route=\/wp\/v2\/posts\/668647\/revisions"}],"predecessor-version":[{"id":668654,"href":"https:\/\/diariodominicano.com\/index.php?rest_route=\/wp\/v2\/posts\/668647\/revisions\/668654"}],"wp:featuredmedia":[{"embeddable":true,"href":"https:\/\/diariodominicano.com\/index.php?rest_route=\/wp\/v2\/media\/668652"}],"wp:attachment":[{"href":"https:\/\/diariodominicano.com\/index.php?rest_route=%2Fwp%2Fv2%2Fmedia&parent=668647"}],"wp:term":[{"taxonomy":"category","embeddable":true,"href":"https:\/\/diariodominicano.com\/index.php?rest_route=%2Fwp%2Fv2%2Fcategories&post=668647"},{"taxonomy":"post_tag","embeddable":true,"href":"https:\/\/diariodominicano.com\/index.php?rest_route=%2Fwp%2Fv2%2Ftags&post=668647"}],"curies":[{"name":"wp","href":"https:\/\/api.w.org\/{rel}","templated":true}]}}