{"id":668621,"date":"2026-03-07T01:44:59","date_gmt":"2026-03-07T05:44:59","guid":{"rendered":"https:\/\/diariodominicano.com\/?p=668621"},"modified":"2026-03-07T01:47:39","modified_gmt":"2026-03-07T05:47:39","slug":"accion-militar-de-eeuu-e-israel-contra-iran-es-un-error-extraordinario-senala-presidente-del-gobierno-espanol","status":"publish","type":"post","link":"https:\/\/diariodominicano.com\/?p=668621","title":{"rendered":"Acci\u00f3n militar de EEUU e Israel contra Ir\u00e1n es un \u00aberror extraordinario\u00bb, se\u00f1ala presidente del Gobierno espa\u00f1ol"},"content":{"rendered":"\n<p><em>spanish.news.cn<\/em>|<em>\u00a02026-03-07 00:42:00<\/em><\/p>\n\n\n\n<p>HUELVA, 6 marzo, 2026 (Xinhua) &#8212; Imagen prove\u00edda por La Moncloa del presidente del Gobierno espa\u00f1ol, Pedro S\u00e1nchez, hablando durante una conferencia de prensa despu\u00e9s de la Cumbre Hispano-Portuguesa, en La R\u00e1bida, en Huelva, Espa\u00f1a, el 6 de marzo de 2026. S\u00e1nchez afirm\u00f3 el viernes que la acci\u00f3n militar de Estados Unidos e Israel contra Ir\u00e1n constituye un \u00aberror extraordinario\u00bb y rechaz\u00f3 las cr\u00edticas del presidente estadounidense, Donald Trump, por la negativa de Espa\u00f1a a permitir que Estados Unidos utilice sus bases en el pa\u00eds en el actual asalto a\u00e9reo. (Xinhua\/La Moncloa)<\/p>\n\n\n\n<p>MADRID, 6 mar (Xinhua) &#8212; El presidente del Gobierno de Espa\u00f1a, Pedro S\u00e1nchez, afirm\u00f3 hoy viernes que la acci\u00f3n militar de Estados Unidos e Israel contra Ir\u00e1n constituye un \u00aberror extraordinario\u00bb y defendi\u00f3 el env\u00edo de una fragata espa\u00f1ola a Chipre como parte de una misi\u00f3n defensiva.<\/p>\n\n\n\n<p>\u00abEntre pa\u00edses aliados es bueno ayudar cuando se tiene raz\u00f3n y tambi\u00e9n se\u00f1alar cuando se est\u00e1 equivocado o se est\u00e1 cometiendo un error. Esta guerra en Ir\u00e1n (&#8230;) a juicio del Gobierno de Espa\u00f1a es un extraordinario error que vamos a pagar\u00bb, dijo S\u00e1nchez, al comparecer junto al primer ministro portugu\u00e9s, Lu\u00eds Montenegro, en la Cumbre Hispano-Portuguesa celebrada en La R\u00e1bida, en la provincia de Huelva, en el sur espa\u00f1ol.<\/p>\n\n\n\n<p>S\u00e1nchez subray\u00f3 que el Gobierno espa\u00f1ol mantiene \u00abun enorme respeto\u00bb hacia la Presidencia de Estados Unidos y hacia la sociedad estadounidense, pero insisti\u00f3 en que la posici\u00f3n de Espa\u00f1a es clara y se basa en el respeto al derecho internacional.<\/p>\n\n\n\n<p>Reiter\u00f3 que su Gobierno considera que el ataque contra Ir\u00e1n est\u00e1 \u00abfuera de la legalidad internacional\u00bb y defendi\u00f3 la necesidad de mantener una pol\u00edtica exterior basada en el respeto al derecho internacional y a los derechos humanos.<\/p>\n\n\n\n<p>Al mismo tiempo, el presidente defendi\u00f3 la decisi\u00f3n de enviar la fragata espa\u00f1ola Crist\u00f3bal Col\u00f3n al Mediterr\u00e1neo oriental para apoyar a Chipre, tras los ataques sufridos en el contexto de la escalada b\u00e9lica regional.<\/p>\n\n\n\n<p>Explic\u00f3 que se trata de una operaci\u00f3n defensiva que Espa\u00f1a participe en una misi\u00f3n de \u00abprotecci\u00f3n, defensa y rescate\u00bb solicitada por Chipre, un Estado miembro de la Uni\u00f3n Europea.<\/p>\n\n\n\n<p>\u00abCon la misma determinaci\u00f3n que nos lleva a decir &#8216;no a la guerra en Ir\u00e1n&#8217;, tenemos la determinaci\u00f3n de ser solidarios (con) un Estado miembro de la Uni\u00f3n Europea que es v\u00edctima de ese conflicto\u00bb, afirm\u00f3.<\/p>\n\n\n\n<p>S\u00e1nchez anunci\u00f3 tambi\u00e9n que solicitar\u00e1 comparecer ante el Congreso de los Diputados para explicar la posici\u00f3n del Gobierno sobre el conflicto en Oriente Medio y el despliegue naval espa\u00f1ol.<\/p>\n\n\n\n<p>El presidente insisti\u00f3 en que Espa\u00f1a no participar\u00e1 en lo que calific\u00f3 como una \u00abguerra ilegal\u00bb, mientras contin\u00faa con la defensa de la diplomacia y el respeto al orden internacional como v\u00edas para resolver la crisis.<\/p>\n\n\n\n<figure class=\"wp-block-image\"><img decoding=\"async\" src=\"https:\/\/spanish.xinhuanet.com\/20260307\/3211d4f138be411d80c7aa0424776eb9\/499463f035c44baeaca1443d5ca65656.jpg\" alt=\"\"\/><\/figure>\n\n\n\n<p>HUELVA, 6 marzo, 2026 (Xinhua) &#8212; Imagen prove\u00edda por La Moncloa del presidente del Gobierno espa\u00f1ol, Pedro S\u00e1nchez (d), hablando durante una conferencia de prensa despu\u00e9s de la Cumbre Hispano-Portuguesa, en La R\u00e1bida, en Huelva, Espa\u00f1a, el 6 de marzo de 2026. S\u00e1nchez afirm\u00f3 el viernes que la acci\u00f3n militar de Estados Unidos e Israel contra Ir\u00e1n constituye un \u00aberror extraordinario\u00bb y rechaz\u00f3 las cr\u00edticas del presidente estadounidense, Donald Trump, por la negativa de Espa\u00f1a a permitir que Estados Unidos utilice sus bases en el pa\u00eds en el actual asalto a\u00e9reo. (Xinhua\/La Moncloa)<\/p>\n\n\n\n<figure class=\"wp-block-image\"><img decoding=\"async\" src=\"https:\/\/spanish.xinhuanet.com\/20260307\/3211d4f138be411d80c7aa0424776eb9\/7b7a46e1721c44a2be671218f66f98ff.jpg\" alt=\"\"\/><\/figure>\n\n\n\n<p>HUELVA, 6 marzo, 2026 (Xinhua) &#8212; Imagen prove\u00edda por La Moncloa del presidente del Gobierno espa\u00f1ol, Pedro S\u00e1nchez, hablando durante una conferencia de prensa despu\u00e9s de la Cumbre Hispano-Portuguesa, en La R\u00e1bida, en Huelva, Espa\u00f1a, el 6 de marzo de 2026. S\u00e1nchez afirm\u00f3 el viernes que la acci\u00f3n militar de Estados Unidos e Israel contra Ir\u00e1n constituye un \u00aberror extraordinario\u00bb y rechaz\u00f3 las cr\u00edticas del presidente estadounidense, Donald Trump, por la negativa de Espa\u00f1a a permitir que Estados Unidos utilice sus bases en el pa\u00eds en el actual asalto a\u00e9reo. (Xinhua\/La Moncloa)<\/p>\n","protected":false},"excerpt":{"rendered":"<p>spanish.news.cn|\u00a02026-03-07 00:42:00 HUELVA, 6 marzo, 2026 (Xinhua) &#8212; Imagen prove\u00edda por La Moncloa del presidente del Gobierno espa\u00f1ol, Pedro S\u00e1nchez, hablando durante una conferencia de prensa despu\u00e9s de la Cumbre Hispano-Portuguesa, en La R\u00e1bida, en Huelva, Espa\u00f1a, el 6 de marzo de 2026. S\u00e1nchez afirm\u00f3 el viernes que la acci\u00f3n militar de Estados Unidos e [&hellip;]<\/p>\n","protected":false},"author":28,"featured_media":668623,"comment_status":"open","ping_status":"closed","sticky":false,"template":"","format":"standard","meta":{"footnotes":""},"categories":[23,27],"tags":[4990],"class_list":["post-668621","post","type-post","status-publish","format-standard","has-post-thumbnail","hentry","category-internacional","category-portada","tag-pedro-sanchez"],"_links":{"self":[{"href":"https:\/\/diariodominicano.com\/index.php?rest_route=\/wp\/v2\/posts\/668621","targetHints":{"allow":["GET"]}}],"collection":[{"href":"https:\/\/diariodominicano.com\/index.php?rest_route=\/wp\/v2\/posts"}],"about":[{"href":"https:\/\/diariodominicano.com\/index.php?rest_route=\/wp\/v2\/types\/post"}],"author":[{"embeddable":true,"href":"https:\/\/diariodominicano.com\/index.php?rest_route=\/wp\/v2\/users\/28"}],"replies":[{"embeddable":true,"href":"https:\/\/diariodominicano.com\/index.php?rest_route=%2Fwp%2Fv2%2Fcomments&post=668621"}],"version-history":[{"count":2,"href":"https:\/\/diariodominicano.com\/index.php?rest_route=\/wp\/v2\/posts\/668621\/revisions"}],"predecessor-version":[{"id":668625,"href":"https:\/\/diariodominicano.com\/index.php?rest_route=\/wp\/v2\/posts\/668621\/revisions\/668625"}],"wp:featuredmedia":[{"embeddable":true,"href":"https:\/\/diariodominicano.com\/index.php?rest_route=\/wp\/v2\/media\/668623"}],"wp:attachment":[{"href":"https:\/\/diariodominicano.com\/index.php?rest_route=%2Fwp%2Fv2%2Fmedia&parent=668621"}],"wp:term":[{"taxonomy":"category","embeddable":true,"href":"https:\/\/diariodominicano.com\/index.php?rest_route=%2Fwp%2Fv2%2Fcategories&post=668621"},{"taxonomy":"post_tag","embeddable":true,"href":"https:\/\/diariodominicano.com\/index.php?rest_route=%2Fwp%2Fv2%2Ftags&post=668621"}],"curies":[{"name":"wp","href":"https:\/\/api.w.org\/{rel}","templated":true}]}}