{"id":668595,"date":"2026-03-07T01:12:37","date_gmt":"2026-03-07T05:12:37","guid":{"rendered":"https:\/\/diariodominicano.com\/?p=668595"},"modified":"2026-03-07T01:16:30","modified_gmt":"2026-03-07T05:16:30","slug":"sanchez-209-anos-de-su-nacimiento","status":"publish","type":"post","link":"https:\/\/diariodominicano.com\/?p=668595","title":{"rendered":"S\u00c1NCHEZ, 209 A\u00d1OS DE SU NACIMIENTO"},"content":{"rendered":"\n<p><strong>&nbsp;&nbsp;&nbsp;&nbsp;&nbsp;&nbsp;&nbsp;&nbsp;&nbsp;&nbsp;&nbsp;&nbsp;&nbsp;&nbsp;&nbsp;&nbsp;&nbsp; POR TE\u00d3FILO LAPPOT ROBLES<\/strong><\/p>\n\n\n\n<p>El 9 de marzo de este 2026 se celebran en el pa\u00eds los 209 a\u00f1os del nacimiento de Francisco del Rosario S\u00e1nchez. Lleg\u00f3 a la vida terrenal el domingo 9 de marzo de 1817 en la ciudad de Santo Domingo, en un hogar formado por humildes dominicanos.<\/p>\n\n\n\n<figure class=\"wp-block-image size-large\"><img loading=\"lazy\" decoding=\"async\" width=\"1024\" height=\"526\" src=\"https:\/\/diariodominicano.com\/wp-content\/uploads\/2021\/03\/9-de-marzo-de-1817-Nace-Francisco-del-RosarioSanchez-1024x526.jpg\" alt=\"\" class=\"wp-image-266811\" srcset=\"https:\/\/diariodominicano.com\/wp-content\/uploads\/2021\/03\/9-de-marzo-de-1817-Nace-Francisco-del-RosarioSanchez-1024x526.jpg 1024w, https:\/\/diariodominicano.com\/wp-content\/uploads\/2021\/03\/9-de-marzo-de-1817-Nace-Francisco-del-RosarioSanchez-300x154.jpg 300w, https:\/\/diariodominicano.com\/wp-content\/uploads\/2021\/03\/9-de-marzo-de-1817-Nace-Francisco-del-RosarioSanchez-768x395.jpg 768w, https:\/\/diariodominicano.com\/wp-content\/uploads\/2021\/03\/9-de-marzo-de-1817-Nace-Francisco-del-RosarioSanchez-1536x789.jpg 1536w, https:\/\/diariodominicano.com\/wp-content\/uploads\/2021\/03\/9-de-marzo-de-1817-Nace-Francisco-del-RosarioSanchez-2048x1052.jpg 2048w, https:\/\/diariodominicano.com\/wp-content\/uploads\/2021\/03\/9-de-marzo-de-1817-Nace-Francisco-del-RosarioSanchez-816x419.jpg 816w\" sizes=\"auto, (max-width: 1024px) 100vw, 1024px\" \/><\/figure>\n\n\n\n<p>Forma parte de la trilog\u00eda de los Padres de la Patria, aunque el historiador Alcides Garc\u00eda Lluberes no lo considere como uno de \u201clos supremos pr\u00f3ceres ep\u00f3nimos de los tres grandes esfuerzos de emancipaci\u00f3n que hemos hecho\u2026\u201d<\/p>\n\n\n\n<p>Su figura es fundamental para conocer un tramo importante de la historia dominicana, pues aunque no fue de los nueve fundadores de la Trinitaria (cuna de nuestra soberan\u00eda) pronto se incorpor\u00f3 a la misma y desempe\u00f1\u00f3 a partir de ese momento papeles esenciales para dotar al pueblo de la libertad que nunca hab\u00eda disfrutado.<\/p>\n\n\n\n<p>Tambi\u00e9n fue de los primeros que se opuso con palabras y hechos a la nefasta anexi\u00f3n de la Rep\u00fablica al Reino de Espa\u00f1a, perdiendo la vida en el intento de anular ese crimen de lesa patria.<\/p>\n\n\n\n<p>Ser\u00eda prolijo analizar todos los actos de matices heroicos en los que particip\u00f3 S\u00e1nchez, desde que siendo veintea\u00f1ero se involucr\u00f3 en la suerte del pueblo dominicano hasta que fue fulminado por la metralla anexionista; pero es importante resaltar algunos puntos de su excepcional biograf\u00eda.<\/p>\n\n\n\n<p>Por causas ajenas a su voluntad no estuvo entre los febreristas que participaron en los hechos de la media noche del 27 de febrero de 1844 en las Puertas de la Misericordia y del Conde. El motivo de esa ausencia qued\u00f3 vinculada con esta frase: \u201cLa venida de Rivi\u00e9re lo descompuso todo\u2026los \u00e1nimos se enfriaron\u201d (Figuras Americanas. Bahoruco No.187 del 24-3-1934.P11. Am\u00e9rico Lugo).<\/p>\n\n\n\n<p>&nbsp;Dicho eso aunque vale resaltar que tres d\u00edas antes de la alborada de libertad, en una reuni\u00f3n de los l\u00edderes presentes del movimiento trinitario, S\u00e1nchez fue designado a unanimidad comandante en jefe de los revolucionarios en lucha, en reconocimiento a su preeminencia, lo que fue una demostraci\u00f3n clara de que ante las adversidades del momento los trinitarios mantuvieron su esp\u00edritu de lucha.<\/p>\n\n\n\n<p>Llevaba un tiempo refugiado en la casa de la familia de la Concha, protegi\u00e9ndose de la persecuci\u00f3n desatada por el siniestro Charles Rivi\u00e9re- H\u00e9rard, quien desde que lleg\u00f3 a la ciudad de Santo Domingo, el 12 de julio de 1843, orden\u00f3 hostigar a todos los l\u00edderes contrarios a su voluntad. No logr\u00f3 la captura de S\u00e1nchez, aunque otros no corrieron igual suerte.<\/p>\n\n\n\n<p>Por ejemplo, en la capital dominicana fueron apresados y vejados por la soldadesca extranjera los independentistas Juan Nepomuceno Ravelo, F\u00e9lix Mercenario, Narciso S\u00e1nchez, Norberto Linares, Pedro Pablo Bonilla, etc. En Hig\u00fcey fueron apresados en esas redadas Vicente Ram\u00edrez y Nicol\u00e1s Rijo, igual ocurri\u00f3 en otros pueblos como El Seibo, San Crist\u00f3bal, Azua, Cotu\u00ed, La Vega, San Francisco de Macor\u00eds, Santiago y Puerto Plata.<\/p>\n\n\n\n<p>Sin embargo, a las pocas horas del trabucazo de Mella y los actos siguientes le correspondi\u00f3 a S\u00e1nchez izar por primera vez la bandera nacional, con la carga de simbolismo que signific\u00f3 para los dominicanos ese hecho de fe en los destinos nacionales.<\/p>\n\n\n\n<p>Ya antes, en la tarde del 24 de marzo de 1843, Francisco del Rosario S\u00e1nchez particip\u00f3 en un enfrentamiento armado contra los haitianos, que en realidad fue el bautismo de fuego de los trinitarios. Ah\u00ed estuvo Duarte con espada en mano. El objetivo de ese d\u00eda era arrebatarle el mando al general y pol\u00edtico haitiano Bernard-Philippe Carri\u00e9, que dirig\u00eda las tropas de ocupaci\u00f3n y ten\u00eda el control del personal civil del gobierno de facto.<\/p>\n\n\n\n<p>Ese hecho poco analizado en los textos de nuestra historia se produjo en la explanada del Carmen, que ahora es el parque La Trinitaria. En esa breve, intensa y sangrienta contienda los dominicanos s\u00f3lo ten\u00edan \u201cpistolas, escopetas, trabucos y armas blancas\u201d. (Historia eclesi\u00e1stica\u2026Tomo II.P.428. Impresora La Cuna de Am\u00e9rica. Carlos Nouel Pierret). &nbsp;<\/p>\n\n\n\n<p>Los patriotas fueron enfrentados por el temible Regimiento 32, al servicio de los ocupantes.&nbsp; De momento no cuaj\u00f3 lo que se buscaba, pero dos d\u00edas despu\u00e9s el referido Carri\u00e9 (apodado duque de la Vega Real) tuvo que renunciar a la alta posici\u00f3n que de manera il\u00edcita ocupaba en lo que es la Rep\u00fablica Dominicana. Esa dejaci\u00f3n fue, en consecuencia, un triunfo pol\u00edtico coyuntural para la causa independentista.<\/p>\n\n\n\n<p>Luego de dicho encuentro armado y la salida de dicho gerifalte haitiano, Duarte dirigi\u00f3 una importante reuni\u00f3n en la casa de su t\u00edo materno Jos\u00e9 Diez para continuar los trabajos de consolidaci\u00f3n de las actividades independentistas.<\/p>\n\n\n\n<p>All\u00ed S\u00e1nchez tuvo una destacada participaci\u00f3n, secundado por patriotas del calibre de Mella, Benito Gonz\u00e1lez, Jacinto de la Concha y otros luchadores, entre ellos los hermanos Jos\u00e9 Joaquin, Gabino y Eusebio Puello de Castro; los dos primeros fueron fusilados el 23 de diciembre de 1847 por \u00f3rdenes del general Pedro Santana. Eusebio se convirti\u00f3 en traidor a los ideales de libertad y fue verdugo de muchos valientes dominicanos que enfrentaron la anexi\u00f3n a Espa\u00f1a, la cual \u00e9l defendi\u00f3 fieramente.<\/p>\n\n\n\n<p>Al proclamarse la Independencia Dominicana S\u00e1nchez fue nombrado gobernador de la provincia de Santo Domingo, que entonces era una territorio enorme, pero las maldades en su contra siguieron con una cadena de intrigas dirigidas por Tom\u00e1s Bobadilla Briones y Jos\u00e9 Mar\u00eda Caminero Ferrer desde la Junta Central Gubernativa, tal y como dej\u00f3 anotado el patriota Manuel Leguisam\u00f3n.<\/p>\n\n\n\n<p>S\u00e1nchez fue declarado traidor a la patria y condenado al destierro y \u201cextra\u00f1ado a perpetuidad del pa\u00eds\u201d, mediante una malhadada decisi\u00f3n ordenada por la Junta Central Gubernativa el 22 de agosto de 1844, la cual era presidida desde el 16 de julio de dicho a\u00f1o por el general Pedro Santana Familias. Ese mismo d\u00eda fue expulsado hacia Inglaterra, junto con otros independentistas tambi\u00e9n penados.<\/p>\n\n\n\n<p>Retorn\u00f3 al pa\u00eds, pero fue expulsado de nuevo en 1859. Antes de producirse la anexi\u00f3n a Espa\u00f1a el 18 de marzo de 1861 advirti\u00f3 ese inmenso da\u00f1o y alert\u00f3 al pueblo a rechazar con las armas esa ofensa a la dignidad nacional.<\/p>\n\n\n\n<p>Regres\u00f3 a su tierra en junio de dicho a\u00f1o. Estaba resuelto a combatir a los anexionistas y restaurar la Rep\u00fablica, pero fue v\u00edctima de traici\u00f3n, lo que provoc\u00f3 su apresamiento en un lugar monta\u00f1oso llamado Juan de la Cruz, en las afueras del pueblo de El Cercado.<\/p>\n\n\n\n<p>S\u00e1nchez, herido y maltratado, junto a varios de sus fieles seguidores, fueron llevados a la ciudad de San Juan de la Maguana. All\u00ed, en una pantomima de juicio, se les conden\u00f3 a muerte el 3 de julio de 1861. Fueron fusilados al d\u00eda siguiente, en una hecatombe que fue una jornada gris y plomiza en el calendario de nuestra historia.<\/p>\n","protected":false},"excerpt":{"rendered":"<p>&nbsp;&nbsp;&nbsp;&nbsp;&nbsp;&nbsp;&nbsp;&nbsp;&nbsp;&nbsp;&nbsp;&nbsp;&nbsp;&nbsp;&nbsp;&nbsp;&nbsp; POR TE\u00d3FILO LAPPOT ROBLES El 9 de marzo de este 2026 se celebran en el pa\u00eds los 209 a\u00f1os del nacimiento de Francisco del Rosario S\u00e1nchez. Lleg\u00f3 a la vida terrenal el domingo 9 de marzo de 1817 en la ciudad de Santo Domingo, en un hogar formado por humildes dominicanos. Forma parte de [&hellip;]<\/p>\n","protected":false},"author":28,"featured_media":525185,"comment_status":"open","ping_status":"closed","sticky":false,"template":"","format":"standard","meta":{"footnotes":""},"categories":[21,36,26,27],"tags":[4985],"class_list":["post-668595","post","type-post","status-publish","format-standard","has-post-thumbnail","hentry","category-cultura","category-hombresmujeresycosas","category-efemerides","category-portada","tag-sanchez"],"_links":{"self":[{"href":"https:\/\/diariodominicano.com\/index.php?rest_route=\/wp\/v2\/posts\/668595","targetHints":{"allow":["GET"]}}],"collection":[{"href":"https:\/\/diariodominicano.com\/index.php?rest_route=\/wp\/v2\/posts"}],"about":[{"href":"https:\/\/diariodominicano.com\/index.php?rest_route=\/wp\/v2\/types\/post"}],"author":[{"embeddable":true,"href":"https:\/\/diariodominicano.com\/index.php?rest_route=\/wp\/v2\/users\/28"}],"replies":[{"embeddable":true,"href":"https:\/\/diariodominicano.com\/index.php?rest_route=%2Fwp%2Fv2%2Fcomments&post=668595"}],"version-history":[{"count":2,"href":"https:\/\/diariodominicano.com\/index.php?rest_route=\/wp\/v2\/posts\/668595\/revisions"}],"predecessor-version":[{"id":668600,"href":"https:\/\/diariodominicano.com\/index.php?rest_route=\/wp\/v2\/posts\/668595\/revisions\/668600"}],"wp:featuredmedia":[{"embeddable":true,"href":"https:\/\/diariodominicano.com\/index.php?rest_route=\/wp\/v2\/media\/525185"}],"wp:attachment":[{"href":"https:\/\/diariodominicano.com\/index.php?rest_route=%2Fwp%2Fv2%2Fmedia&parent=668595"}],"wp:term":[{"taxonomy":"category","embeddable":true,"href":"https:\/\/diariodominicano.com\/index.php?rest_route=%2Fwp%2Fv2%2Fcategories&post=668595"},{"taxonomy":"post_tag","embeddable":true,"href":"https:\/\/diariodominicano.com\/index.php?rest_route=%2Fwp%2Fv2%2Ftags&post=668595"}],"curies":[{"name":"wp","href":"https:\/\/api.w.org\/{rel}","templated":true}]}}