{"id":668578,"date":"2026-03-07T00:10:58","date_gmt":"2026-03-07T04:10:58","guid":{"rendered":"https:\/\/diariodominicano.com\/?p=668578"},"modified":"2026-03-07T00:11:03","modified_gmt":"2026-03-07T04:11:03","slug":"cambios-en-haiti-comprenden-nombramientos-de-cinco-nuevos-ministros","status":"publish","type":"post","link":"https:\/\/diariodominicano.com\/?p=668578","title":{"rendered":"Cambios en Hait\u00ed comprenden nombramientos de cinco nuevos ministros"},"content":{"rendered":"\n<figure class=\"wp-block-image\"><img decoding=\"async\" src=\"https:\/\/www.prensa-latina.cu\/wp-content\/uploads\/2026\/03\/primer-ministro-haitiano-1.jpg\" alt=\"\" class=\"wp-image-1716022\"\/><\/figure>\n\n\n\n<p>Puerto Pr\u00edncipe, 6 mar (Prensa Latina) Los cambios asumidos frente a la crisis que sufre hoy Hait\u00ed incluyen el nombramiento de cinco nuevos titulares por el gobierno del primer ministro Alix Didier Fils-Aim\u00e9, seg\u00fan el peri\u00f3dico Le Nouvelliste.<\/p>\n\n\n\n<ul class=\"wp-block-list\">\n<li><a href=\"https:\/\/www.prensa-latina.cu\/2026\/03\/06\/\"><time>marzo 6, 2026 | 19:47<\/time><\/a><\/li>\n<\/ul>\n\n\n\n<ul class=\"wp-block-list\">\n<li><a href=\"https:\/\/www.prensa-latina.cu\/2026\/03\/06\/cambios-en-haiti-comprenden-nombramientos-de-cinco-nuevos-ministros\/#\"><\/a><\/li>\n\n\n\n<li><a href=\"https:\/\/www.prensa-latina.cu\/2026\/03\/06\/cambios-en-haiti-comprenden-nombramientos-de-cinco-nuevos-ministros\/#\"><\/a><\/li>\n\n\n\n<li><a href=\"https:\/\/www.prensa-latina.cu\/2026\/03\/06\/cambios-en-haiti-comprenden-nombramientos-de-cinco-nuevos-ministros\/#\"><\/a><\/li>\n\n\n\n<li><a href=\"https:\/\/www.prensa-latina.cu\/2026\/03\/06\/cambios-en-haiti-comprenden-nombramientos-de-cinco-nuevos-ministros\/#\"><\/a><\/li>\n<\/ul>\n\n\n\n<p>La actual plantilla del gabinete, que trabajar\u00e1 como prioridades para el mejoramiento de la seguridad, la recuperaci\u00f3n econ\u00f3mica y el respaldo a la convocatoria de nuevas elecciones, integra a Emmanuel M\u00e9nard como titular de Cultura y Comunicaci\u00f3n, a\u00f1adi\u00f3 la publicaci\u00f3n.<\/p>\n\n\n\n<p>El Ministerio de Agricultura, Recursos Naturales y Desarrollo Rural, por su parte, estar\u00e1 en manos del ingeniero agr\u00f3nomo Marcelin Aubourg, y el de turismo en las de St\u00e9phanie Smith.<\/p>\n\n\n\n<p>La cartera de Juventud, Deportes y Acci\u00f3n C\u00edvica estar\u00e1 encabezada por Dumas Pythagore, y la de Medio Ambiente por Val\u00e9ry Fils-Aim\u00e9.<\/p>\n\n\n\n<p>rc\/apb<\/p>\n\n\n\n<ul class=\"wp-block-list\">\n<li>#<a href=\"https:\/\/www.prensa-latina.cu\/etiqueta\/cambios-haiti\/\">Cambios Hait\u00ed<\/a>\u00a0#<a href=\"https:\/\/www.prensa-latina.cu\/etiqueta\/comprenden-nombramientos-cinco-nuevos-ministros\/\">comprenden nombramientos cinco nuevos ministros<\/a><\/li>\n<\/ul>\n","protected":false},"excerpt":{"rendered":"<p>Puerto Pr\u00edncipe, 6 mar (Prensa Latina) Los cambios asumidos frente a la crisis que sufre hoy Hait\u00ed incluyen el nombramiento de cinco nuevos titulares por el gobierno del primer ministro Alix Didier Fils-Aim\u00e9, seg\u00fan el peri\u00f3dico Le Nouvelliste. La actual plantilla del gabinete, que trabajar\u00e1 como prioridades para el mejoramiento de la seguridad, la recuperaci\u00f3n [&hellip;]<\/p>\n","protected":false},"author":28,"featured_media":643168,"comment_status":"open","ping_status":"closed","sticky":false,"template":"","format":"standard","meta":{"footnotes":""},"categories":[112,23],"tags":[4390],"class_list":["post-668578","post","type-post","status-publish","format-standard","has-post-thumbnail","hentry","category-haiti","category-internacional","tag-haiti-2"],"_links":{"self":[{"href":"https:\/\/diariodominicano.com\/index.php?rest_route=\/wp\/v2\/posts\/668578","targetHints":{"allow":["GET"]}}],"collection":[{"href":"https:\/\/diariodominicano.com\/index.php?rest_route=\/wp\/v2\/posts"}],"about":[{"href":"https:\/\/diariodominicano.com\/index.php?rest_route=\/wp\/v2\/types\/post"}],"author":[{"embeddable":true,"href":"https:\/\/diariodominicano.com\/index.php?rest_route=\/wp\/v2\/users\/28"}],"replies":[{"embeddable":true,"href":"https:\/\/diariodominicano.com\/index.php?rest_route=%2Fwp%2Fv2%2Fcomments&post=668578"}],"version-history":[{"count":1,"href":"https:\/\/diariodominicano.com\/index.php?rest_route=\/wp\/v2\/posts\/668578\/revisions"}],"predecessor-version":[{"id":668579,"href":"https:\/\/diariodominicano.com\/index.php?rest_route=\/wp\/v2\/posts\/668578\/revisions\/668579"}],"wp:featuredmedia":[{"embeddable":true,"href":"https:\/\/diariodominicano.com\/index.php?rest_route=\/wp\/v2\/media\/643168"}],"wp:attachment":[{"href":"https:\/\/diariodominicano.com\/index.php?rest_route=%2Fwp%2Fv2%2Fmedia&parent=668578"}],"wp:term":[{"taxonomy":"category","embeddable":true,"href":"https:\/\/diariodominicano.com\/index.php?rest_route=%2Fwp%2Fv2%2Fcategories&post=668578"},{"taxonomy":"post_tag","embeddable":true,"href":"https:\/\/diariodominicano.com\/index.php?rest_route=%2Fwp%2Fv2%2Ftags&post=668578"}],"curies":[{"name":"wp","href":"https:\/\/api.w.org\/{rel}","templated":true}]}}