{"id":668566,"date":"2026-03-06T23:50:56","date_gmt":"2026-03-07T03:50:56","guid":{"rendered":"https:\/\/diariodominicano.com\/?p=668566"},"modified":"2026-03-06T23:51:02","modified_gmt":"2026-03-07T03:51:02","slug":"sin-condiciones-para-normalizar-las-relaciones-entre-rusia-y-la-ue","status":"publish","type":"post","link":"https:\/\/diariodominicano.com\/?p=668566","title":{"rendered":"Sin condiciones para normalizar las relaciones entre Rusia y la UE"},"content":{"rendered":"\n<p>Mosc\u00fa, 6 mar (Prensa Latina) Actualmente no existen condiciones para normalizar las relaciones y el restablecer la cooperaci\u00f3n entre Rusia y la Uni\u00f3n Europea (UE), dijo hoy el diplom\u00e1tico del pa\u00eds eslavo, Vladislav M\u00e1slennikov.<\/p>\n\n\n\n<ul class=\"wp-block-list\">\n<li><a href=\"https:\/\/www.prensa-latina.cu\/2026\/03\/06\/\"><time>marzo 6, 2026 | 04:32<\/time><\/a><\/li>\n<\/ul>\n\n\n\n<ul class=\"wp-block-list\">\n<li><a href=\"https:\/\/www.prensa-latina.cu\/2026\/03\/06\/sin-condiciones-para-normalizar-las-relaciones-entre-rusia-y-la-ue\/#\"><\/a><\/li>\n\n\n\n<li><a href=\"https:\/\/www.prensa-latina.cu\/2026\/03\/06\/sin-condiciones-para-normalizar-las-relaciones-entre-rusia-y-la-ue\/#\"><\/a><\/li>\n\n\n\n<li><a href=\"https:\/\/www.prensa-latina.cu\/2026\/03\/06\/sin-condiciones-para-normalizar-las-relaciones-entre-rusia-y-la-ue\/#\"><\/a><\/li>\n\n\n\n<li><a href=\"https:\/\/www.prensa-latina.cu\/2026\/03\/06\/sin-condiciones-para-normalizar-las-relaciones-entre-rusia-y-la-ue\/#\"><\/a><\/li>\n<\/ul>\n\n\n\n<p>Seg\u00fan refiri\u00f3 este viernes a la prensa M\u00e1slennikoiv, quien ocupa el cargo de director del Departamento de Asuntos Europeos del Ministerio de Asuntos Exteriores ruso, la esencia de tal estado de cosas se debe a la rusofobia de muchos pol\u00edticos de la UE.<\/p>\n\n\n\n<p>El alto diplom\u00e1tico se\u00f1al\u00f3 que la parte rusa registra \u00abla intenci\u00f3n de la Comisi\u00f3n Europea, encabezada por Ursula von der Leyen, de crear una base jur\u00eddica a largo plazo para la ruptura total de los lazos econ\u00f3micos con nuestro pa\u00eds, a pesar del da\u00f1o que ya ha sufrido la Uni\u00f3n Europea\u00bb.<\/p>\n\n\n\n<p>Al mismo tiempo, el diplom\u00e1tico se\u00f1al\u00f3 que \u00abla vida no se detiene\u00bb, y muchos nichos que antes ocupaban empresas europeas en el mercado ruso \u00abhan sido transferidos a los socios de otros pa\u00edses o han sido desarrollados por empresas nacionales\u00bb.<\/p>\n\n\n\n<p>Este factor, por supuesto, tambi\u00e9n se tendr\u00e1 en cuenta si la pol\u00edtica exterior de Bruselas cambia y surgen las condiciones para una interacci\u00f3n m\u00e1s constructiva, agreg\u00f3.<\/p>\n\n\n\n<p>kmg\/gfa<\/p>\n\n\n\n<ul class=\"wp-block-list\">\n<li>#<a href=\"https:\/\/www.prensa-latina.cu\/etiqueta\/normalizar\/\">normalizar<\/a>\u00a0#<a href=\"https:\/\/www.prensa-latina.cu\/etiqueta\/relaciones\/\">relaciones<\/a>\u00a0#<a href=\"https:\/\/www.prensa-latina.cu\/etiqueta\/rusia\/\">Rusia<\/a>\u00a0#<a href=\"https:\/\/www.prensa-latina.cu\/etiqueta\/sin-condiciones\/\">sin condiciones<\/a>\u00a0#<a href=\"https:\/\/www.prensa-latina.cu\/etiqueta\/ue\/\">UE<\/a><\/li>\n<\/ul>\n","protected":false},"excerpt":{"rendered":"<p>Mosc\u00fa, 6 mar (Prensa Latina) Actualmente no existen condiciones para normalizar las relaciones y el restablecer la cooperaci\u00f3n entre Rusia y la Uni\u00f3n Europea (UE), dijo hoy el diplom\u00e1tico del pa\u00eds eslavo, Vladislav M\u00e1slennikov. Seg\u00fan refiri\u00f3 este viernes a la prensa M\u00e1slennikoiv, quien ocupa el cargo de director del Departamento de Asuntos Europeos del Ministerio [&hellip;]<\/p>\n","protected":false},"author":28,"featured_media":668567,"comment_status":"open","ping_status":"closed","sticky":false,"template":"","format":"standard","meta":{"footnotes":""},"categories":[23],"tags":[3560,673],"class_list":["post-668566","post","type-post","status-publish","format-standard","has-post-thumbnail","hentry","category-internacional","tag-rusia","tag-ue"],"_links":{"self":[{"href":"https:\/\/diariodominicano.com\/index.php?rest_route=\/wp\/v2\/posts\/668566","targetHints":{"allow":["GET"]}}],"collection":[{"href":"https:\/\/diariodominicano.com\/index.php?rest_route=\/wp\/v2\/posts"}],"about":[{"href":"https:\/\/diariodominicano.com\/index.php?rest_route=\/wp\/v2\/types\/post"}],"author":[{"embeddable":true,"href":"https:\/\/diariodominicano.com\/index.php?rest_route=\/wp\/v2\/users\/28"}],"replies":[{"embeddable":true,"href":"https:\/\/diariodominicano.com\/index.php?rest_route=%2Fwp%2Fv2%2Fcomments&post=668566"}],"version-history":[{"count":1,"href":"https:\/\/diariodominicano.com\/index.php?rest_route=\/wp\/v2\/posts\/668566\/revisions"}],"predecessor-version":[{"id":668568,"href":"https:\/\/diariodominicano.com\/index.php?rest_route=\/wp\/v2\/posts\/668566\/revisions\/668568"}],"wp:featuredmedia":[{"embeddable":true,"href":"https:\/\/diariodominicano.com\/index.php?rest_route=\/wp\/v2\/media\/668567"}],"wp:attachment":[{"href":"https:\/\/diariodominicano.com\/index.php?rest_route=%2Fwp%2Fv2%2Fmedia&parent=668566"}],"wp:term":[{"taxonomy":"category","embeddable":true,"href":"https:\/\/diariodominicano.com\/index.php?rest_route=%2Fwp%2Fv2%2Fcategories&post=668566"},{"taxonomy":"post_tag","embeddable":true,"href":"https:\/\/diariodominicano.com\/index.php?rest_route=%2Fwp%2Fv2%2Ftags&post=668566"}],"curies":[{"name":"wp","href":"https:\/\/api.w.org\/{rel}","templated":true}]}}