{"id":668553,"date":"2026-03-06T14:31:57","date_gmt":"2026-03-06T18:31:57","guid":{"rendered":"https:\/\/diariodominicano.com\/?p=668553"},"modified":"2026-03-06T14:31:59","modified_gmt":"2026-03-06T18:31:59","slug":"ante-la-violencia-mas-cultura-de-paz","status":"publish","type":"post","link":"https:\/\/diariodominicano.com\/?p=668553","title":{"rendered":"Ante la violencia m\u00e1s cultura de paz\u00a0"},"content":{"rendered":"\n<p>\u00c1ngel Gomera<\/p>\n\n\n\n<p>El 8 de marzo se celebra el D\u00eda Internacional de la&nbsp;Mujer; este d\u00eda nos llega en un momento muy complicado en la humanidad, ya que estamos recibiendo la embestida de activos conflictos b\u00e9licos, que est\u00e1n generando mucho dolor, sufrimiento e incertidumbre en el mundo.<\/p>\n\n\n\n<p>A pesar de estas guerras o inestabilidades cruentas que en la actualidad estamos viviendo y que est\u00e1n dejando profundas huellas; el ser humano a lo largo de la historia ha demostrado encaminarse en la resiliencia. Esto se refiere a la capacidad de sobreponerse a momentos cr\u00edticos y adaptarse luego de experimentar alguna situaci\u00f3n inusual e inesperada.<\/p>\n\n\n\n<p>Por lo que, ante la celebraci\u00f3n del D\u00eda Internacional de la Mujer, apostamos a la necesidad de l\u00edderes resilientes que, en medio de este vendaval de situaciones adversas y peligrosas, tomen decisiones sabias y conviertan estos momentos acuciantes y dif\u00edciles en una oportunidad de cambio hacia el mejoramiento y fortalecimiento de un mundo&nbsp;m\u00e1s justo, pac\u00edfico, humano y m\u00e1s sostenible en la paz.<\/p>\n\n\n\n<p>Asimismo, apostamos a una resiliencia compartida entre hombres y mujeres que se base en la gesti\u00f3n emocional, la comunicaci\u00f3n abierta y el apoyo mutuo para as\u00ed superar las adversidades.<\/p>\n\n\n\n<p>\u00bfC\u00f3mo se alcanza el prop\u00f3sito del hombre y la mujer hacia una cultura de paz?<\/p>\n\n\n\n<p>Debemos partir del entendido que el&nbsp;hombre&nbsp;y la&nbsp;mujer&nbsp;tienen una dignidad que nunca se pierde.&nbsp;Dicho lo anterior, este prop\u00f3sito se alcanza con mayor solidez cuando se trabaja en equipo; imbuido con un esp\u00edritu transparente de apoyo mutuo marcado con la esencia de la tolerancia; sintiendo admiraci\u00f3n el uno&nbsp;por&nbsp;otro, sin que el ego\u00edsmo da\u00f1e la construcci\u00f3n de relaciones sanas; sin que se deval\u00fae la persona al valor de cualquier objeto.<\/p>\n\n\n\n<p>Tambi\u00e9n impulsando la cooperaci\u00f3n sujeta a la complementariedad, sin menosprecio, divisiones ni odios; con disposici\u00f3n expresa a colaborar sin convertirnos en adversarios; y asumiendo que la&nbsp;paz&nbsp;es un proceso continuo que se construye d\u00eda a d\u00eda con acciones que demuestren amor, protecci\u00f3n emocional y respeto, evitando la competencia o las luchas de poder.<\/p>\n\n\n\n<p>\u00bfQu\u00e9 no debemos pasar&nbsp;por&nbsp;alto?<\/p>\n\n\n\n<p>Anterior a la pandemia&nbsp;observ\u00e1bamos las estad\u00edsticas lamentables, de c\u00f3mo la violencia estaba alcanzando a muchas mujeres, presentando una alarmante, preocupante, horrorosa y depresiva imagen de irrespeto al don de la vida. Eso se recrudeci\u00f3 con el confinamiento de la poblaci\u00f3n en sus hogares, medida que no cuestiono; pero la misma desnud\u00f3 la notable incapacidad de la ciudadan\u00eda en el abordaje o manejo adecuado de los conflictos en los hogares.<\/p>\n\n\n\n<p>Ya hace cierto tiempo que pasamos por una pandemia, y puede llegar a nuestras mentes como algo lejano que sucedi\u00f3 remotamente en una vida pasada; asombra lo f\u00e1cil que como humanidad tiramos al ba\u00fal del olvido esos sucesos hist\u00f3ricos. Todo parece indicar que las pandemias, guerras y crisis econ\u00f3micas, las estamos pasando por alto; lo correcto ser\u00eda comprender que cada acontecimiento debe ense\u00f1arnos lecciones de vida para bien; siempre y cuando lo asumamos en humildad, y absorbamos esos aprendizajes para cambios y mejoras en el inmenso campo de la conciencia moral colectiva.<\/p>\n\n\n\n<p>El ser humano de hoy en esta sociedad de la informaci\u00f3n sabe m\u00e1s, tiene la posibilidad de mayor acceso a datos; pero lamentablemente, a pesar de estos avances, est\u00e1 dispuesto a hacer menos. Eso nos lleva a preguntarnos \u00bfAcaso se est\u00e1 en el ocaso de la voluntad? Entendemos que no hemos llegado a ese extremo; pero s\u00ed debemos evitar que el flagelo de la desidia y la inercia social supere a la acci\u00f3n consciente.<\/p>\n\n\n\n<p>En ese sentido, nos inquieta que la violencia, en respuesta ante tantos conflictos, siga manifest\u00e1ndose progresivamente como algo natural, normal e incluso como la \u00fanica manera viable de hacer frente a los problemas. Y nos causa mayor preocupaci\u00f3n que no ejerzamos la voluntad para detener esa vor\u00e1gine perniciosa que nos llena de tanto duelo y traumas severos.&nbsp;&nbsp;<\/p>\n\n\n\n<p>\u00bfQu\u00e9 hacer?<\/p>\n\n\n\n<p>Inevitablemente debemos cambiar patrones de vida que desdicen nuestra humanidad. La cultura de violencia niega lo verdaderamente humano, se convierte en un germen anti-natura, que solo destruye y da\u00f1a. El machismo alimenta toda violencia; de ah\u00ed es pues, que tenemos asumir mayor compromiso de coadyuvar a erradicar esa cultura tan nociva y salvaje que est\u00e1 causando estragos en el seno de tantas familias.<\/p>\n\n\n\n<p>Esta acci\u00f3n estrat\u00e9gica y fundamental debe realizarse en reciprocidad con las mujeres, para conseguir como resultado una educaci\u00f3n en valores que forme al ser humano en su integridad, para que sepa usar su conocimiento en la b\u00fasqueda constante del bien. Para llevar a cabo con \u00e9xito esta misi\u00f3n se debe trabajar juntos, no solos. La dispersi\u00f3n de esfuerzos retrasa los resultados o m\u00e1s bien no se logra.<\/p>\n\n\n\n<p>Finalmente, para cambiar esos patrones se requiere tomar conciencia de las creencias y respuestas que perpet\u00faan esas conductas negativas que se est\u00e1n reproduciendo en la sociedad. Sin una reflexi\u00f3n sincera o reconocimiento el cambio se imposibilita. A esto se suma tambi\u00e9n, que necesitamos una dosis de buena voluntad para aprender las habilidades requeridas que posibiliten ese cambio que todos so\u00f1amos.<\/p>\n\n\n\n<p>Estamos conscientes que las crisis exacerban los \u00e1nimos, pero nunca debemos cansarnos de dialogar y buscar llegar a acuerdos de buena fe que nos permitan regresar a la normalidad luego de cada conflicto. El di\u00e1logo consiste en la escucha activa, la expresi\u00f3n respetuosa y el deseo sincero de encontrar un acuerdo, ese debe ser un prop\u00f3sito continuo que demandar.<\/p>\n\n\n\n<p><strong>Aprender que la crisis debe ser una oportunidad de crecimiento, no la suma de tragedias.<\/strong>&nbsp;Es tiempo de que las mujeres y los hombres impulsemos estrat\u00e9gicamente una cultura de&nbsp;paz. No hay camino para el di\u00e1logo, el di\u00e1logo es el camino que nos lleva a la&nbsp;paz.<\/p>\n\n\n\n<p><strong>Angel Gomera&nbsp;<\/strong><\/p>\n\n\n\n<p>Abogado<\/p>\n\n\n\n<p>Santo Domingo de Guzm\u00e1n<\/p>\n\n\n\n<p><a href=\"mailto:angelgomera@gmail.com\" target=\"_blank\" rel=\"noreferrer noopener\">angelgomera@gmail.com<\/a><\/p>\n","protected":false},"excerpt":{"rendered":"<p>\u00c1ngel Gomera El 8 de marzo se celebra el D\u00eda Internacional de la&nbsp;Mujer; este d\u00eda nos llega en un momento muy complicado en la humanidad, ya que estamos recibiendo la embestida de activos conflictos b\u00e9licos, que est\u00e1n generando mucho dolor, sufrimiento e incertidumbre en el mundo. A pesar de estas guerras o inestabilidades cruentas que [&hellip;]<\/p>\n","protected":false},"author":7,"featured_media":514583,"comment_status":"closed","ping_status":"closed","sticky":false,"template":"","format":"standard","meta":{"footnotes":""},"categories":[16],"tags":[3075],"class_list":["post-668553","post","type-post","status-publish","format-standard","has-post-thumbnail","hentry","category-opiniones","tag-angel-gomera-3"],"_links":{"self":[{"href":"https:\/\/diariodominicano.com\/index.php?rest_route=\/wp\/v2\/posts\/668553","targetHints":{"allow":["GET"]}}],"collection":[{"href":"https:\/\/diariodominicano.com\/index.php?rest_route=\/wp\/v2\/posts"}],"about":[{"href":"https:\/\/diariodominicano.com\/index.php?rest_route=\/wp\/v2\/types\/post"}],"author":[{"embeddable":true,"href":"https:\/\/diariodominicano.com\/index.php?rest_route=\/wp\/v2\/users\/7"}],"replies":[{"embeddable":true,"href":"https:\/\/diariodominicano.com\/index.php?rest_route=%2Fwp%2Fv2%2Fcomments&post=668553"}],"version-history":[{"count":1,"href":"https:\/\/diariodominicano.com\/index.php?rest_route=\/wp\/v2\/posts\/668553\/revisions"}],"predecessor-version":[{"id":668559,"href":"https:\/\/diariodominicano.com\/index.php?rest_route=\/wp\/v2\/posts\/668553\/revisions\/668559"}],"wp:featuredmedia":[{"embeddable":true,"href":"https:\/\/diariodominicano.com\/index.php?rest_route=\/wp\/v2\/media\/514583"}],"wp:attachment":[{"href":"https:\/\/diariodominicano.com\/index.php?rest_route=%2Fwp%2Fv2%2Fmedia&parent=668553"}],"wp:term":[{"taxonomy":"category","embeddable":true,"href":"https:\/\/diariodominicano.com\/index.php?rest_route=%2Fwp%2Fv2%2Fcategories&post=668553"},{"taxonomy":"post_tag","embeddable":true,"href":"https:\/\/diariodominicano.com\/index.php?rest_route=%2Fwp%2Fv2%2Ftags&post=668553"}],"curies":[{"name":"wp","href":"https:\/\/api.w.org\/{rel}","templated":true}]}}