{"id":668552,"date":"2026-03-06T14:25:03","date_gmt":"2026-03-06T18:25:03","guid":{"rendered":"https:\/\/diariodominicano.com\/?p=668552"},"modified":"2026-03-06T14:25:05","modified_gmt":"2026-03-06T18:25:05","slug":"complementariedad-entre-la-corte-penal-internacional-y-los-tribunales-de-derechos-humanos-2","status":"publish","type":"post","link":"https:\/\/diariodominicano.com\/?p=668552","title":{"rendered":"Complementariedad entre la Corte Penal Internacional y los tribunales de derechos humanos"},"content":{"rendered":"\n<p>Por Rommel Santos Diaz<\/p>\n\n\n\n<p>En estas l\u00edneas vamos a&nbsp; plantear una aproximaci\u00f3n a la manera&nbsp; como&nbsp; la Corte Penal Internacional&nbsp; se relaciona con los tribunales sobre derechos humanos&nbsp; que existen en los sistemas regionales de protecci\u00f3n, tanto en Europa, Am\u00e9rica y \u00c1frica.&nbsp; En este sentido es necesario indicar que es posible identificar dicha relaci\u00f3n si se tiene como presupuesto que la Corte Penal Internacional complementa las funciones de los tribunales internacionales de derechos humanos.<\/p>\n\n\n\n<p>Debe prestarse especial atenci\u00f3n&nbsp; al aporte de la Corte Penal Internacional y su Estatuto al r\u00e9gimen vigente en materia de protecci\u00f3n jurisdiccional internacional en el \u00e1mbito de los derechos humanos.<\/p>\n\n\n\n<p>Se afirma que la Corte Penal Internacional completa y complementa el sistema de protecci\u00f3n internacional de derechos humanos en tanto permite la protecci\u00f3n integral de la persona humana contra todas las formas de impunidad.<\/p>\n\n\n\n<p>Hasta el momento dela creaci\u00f3n de la Corte Penal Internacional , la existencia de los tribunales internacionales de los&nbsp; derechos humanos&nbsp; s\u00f3lo permit\u00eda investigar , juzgar y sancionar en el \u00e1mbito del derecho internacional a los Estados como sujetos responsables de violaciones de derechos humanos, quedando pendiente dentro del \u00e1mbito interno el cumplimiento de la obligaci\u00f3n del Estado de investigar, sancionar a los individuos responsables de los hechos que causaron las violaciones de los derechos humanos.<\/p>\n\n\n\n<p>De este modo el funcionamiento de una Corte Penal Internacional permanente pretende poner fin a la impunidad de los autores de cr\u00edmenes internacionales y brindar a los Estados un mecanismo penal complementario al de su jurisdicci\u00f3n interna.<\/p>\n\n\n\n<p>La complementariedad se dar\u00e1 siempre y cuando los Estados se abstengan de cumplir con su obligaci\u00f3n de perseguir y sancionar a los responsables de los mismos, o por estar imposibilitados para hacerlo.<\/p>\n\n\n\n<p>Sin embarto, cabe destacar que la principal diferencia radica en que el Estatuto de Roma establece que los cr\u00edmenes de lesa humanidad son independientes y aut\u00f3nomos de los cr\u00edmenes de genocidio y de guerra&nbsp; mientras que en el caso de los Tribunales Ad-Hoc&nbsp; para la ExYugoslavia se requiere la existencia de un nexo entre los cr\u00edmenes de lesa humanidad con el conflicto armado. El Estatuto de Ruanda&nbsp; supera esta consideraci\u00f3n que proviene del Tribunal de Nuremberg, haciendo innecesario este nexo.<\/p>\n\n\n\n<p>Se puede llegar, entonces, a la conclusi\u00f3n de que cada uno de los tribunales internacionales posee un campo de acci\u00f3n delimitado que impedir\u00e1 la existencia de conflictos de competencia. Esta premisa es tambi\u00e9n aplicable a las jurisdicciones nacionales en las cuales la interacci\u00f3n con las instancias internacionales&nbsp; esta claramente delimitada.<\/p>\n\n\n\n<p>Finalmente, de esta forma &nbsp;, la protecci\u00f3n de los derechos humanos cuenta con una amplia gama de vigilancia y protecci\u00f3n que pretende asegurar el debido ejercicio de estos derechos y la sanci\u00f3n correspondiente.<\/p>\n\n\n\n<p><strong><a href=\"mailto:Rommelsantosdiaz@gmail.com\" target=\"_blank\" rel=\"noreferrer noopener\">rommelsantosdiaz@gmail.com<\/a><\/strong>&nbsp;<\/p>\n","protected":false},"excerpt":{"rendered":"<p>Por Rommel Santos Diaz En estas l\u00edneas vamos a&nbsp; plantear una aproximaci\u00f3n a la manera&nbsp; como&nbsp; la Corte Penal Internacional&nbsp; se relaciona con los tribunales sobre derechos humanos&nbsp; que existen en los sistemas regionales de protecci\u00f3n, tanto en Europa, Am\u00e9rica y \u00c1frica.&nbsp; En este sentido es necesario indicar que es posible identificar dicha relaci\u00f3n si [&hellip;]<\/p>\n","protected":false},"author":7,"featured_media":567802,"comment_status":"closed","ping_status":"closed","sticky":false,"template":"","format":"standard","meta":{"footnotes":""},"categories":[16],"tags":[139],"class_list":["post-668552","post","type-post","status-publish","format-standard","has-post-thumbnail","hentry","category-opiniones","tag-rommel-santos-diaz"],"_links":{"self":[{"href":"https:\/\/diariodominicano.com\/index.php?rest_route=\/wp\/v2\/posts\/668552","targetHints":{"allow":["GET"]}}],"collection":[{"href":"https:\/\/diariodominicano.com\/index.php?rest_route=\/wp\/v2\/posts"}],"about":[{"href":"https:\/\/diariodominicano.com\/index.php?rest_route=\/wp\/v2\/types\/post"}],"author":[{"embeddable":true,"href":"https:\/\/diariodominicano.com\/index.php?rest_route=\/wp\/v2\/users\/7"}],"replies":[{"embeddable":true,"href":"https:\/\/diariodominicano.com\/index.php?rest_route=%2Fwp%2Fv2%2Fcomments&post=668552"}],"version-history":[{"count":1,"href":"https:\/\/diariodominicano.com\/index.php?rest_route=\/wp\/v2\/posts\/668552\/revisions"}],"predecessor-version":[{"id":668558,"href":"https:\/\/diariodominicano.com\/index.php?rest_route=\/wp\/v2\/posts\/668552\/revisions\/668558"}],"wp:featuredmedia":[{"embeddable":true,"href":"https:\/\/diariodominicano.com\/index.php?rest_route=\/wp\/v2\/media\/567802"}],"wp:attachment":[{"href":"https:\/\/diariodominicano.com\/index.php?rest_route=%2Fwp%2Fv2%2Fmedia&parent=668552"}],"wp:term":[{"taxonomy":"category","embeddable":true,"href":"https:\/\/diariodominicano.com\/index.php?rest_route=%2Fwp%2Fv2%2Fcategories&post=668552"},{"taxonomy":"post_tag","embeddable":true,"href":"https:\/\/diariodominicano.com\/index.php?rest_route=%2Fwp%2Fv2%2Ftags&post=668552"}],"curies":[{"name":"wp","href":"https:\/\/api.w.org\/{rel}","templated":true}]}}