{"id":668549,"date":"2026-03-06T12:53:55","date_gmt":"2026-03-06T16:53:55","guid":{"rendered":"https:\/\/diariodominicano.com\/?p=668549"},"modified":"2026-03-07T02:07:11","modified_gmt":"2026-03-07T06:07:11","slug":"luis-abinader-viajara-este-viernes-para-participar-en-cumbre-de-alto-nivel-convocada-por-donald-trump-en-miami","status":"publish","type":"post","link":"https:\/\/diariodominicano.com\/?p=668549","title":{"rendered":"Luis Abinader viajar\u00e1 este viernes para participar en cumbre de alto nivel convocada por Donald Trump en Miami"},"content":{"rendered":"\n<p>diariodominicano.com<\/p>\n\n\n\n<p>Santo Domingo, R. D.,  6 de marzo, 2026.\u2013 El presidente de la Rep\u00fablica Dominicana,\u00a0<strong>Luis Abinader<\/strong>, viajar\u00e1 este viernes a la ciudad de\u00a0<strong>Miami<\/strong>\u00a0para participar este\u00a0<strong>s\u00e1bado 7<\/strong>\u00a0de marzo en una\u00a0<strong>cumbre de alto nivel\u00a0<\/strong>convocada por el presidente de los Estados Unidos,\u00a0<strong>Donald Trump.<\/strong><\/p>\n\n\n\n<p>La cumbre, denominada&nbsp;<strong>Escudo de las Am\u00e9ricas<\/strong>, tiene como objetivo principal promover&nbsp;<strong>la libertad, la seguridad y la prosperidad en la regi\u00f3n<\/strong>, de acuerdo con informaciones de la Casa Blanca. En el encuentro participar\u00e1n, hasta el momento, representantes de&nbsp;<strong>11 pa\u00edses del hemisferio occidental.<\/strong><\/p>\n\n\n\n<p><strong>Temas en agenda<\/strong><\/p>\n\n\n\n<p>Seg\u00fan la portavoz de la Casa Blanca,&nbsp;<strong>Karoline Leavitt<\/strong>, el presidente Trump dialogar\u00e1 con los l\u00edderes de estos pa\u00edses, quienes conformar\u00e1n una&nbsp;<strong>coalici\u00f3n<\/strong>&nbsp;para trabajar de manera conjunta en el&nbsp;<strong>abordaje de la migraci\u00f3n ilegal y masiva hacia Estados Unidos y el hemisferio occidental,<\/strong>&nbsp;as\u00ed como en la amenaza que representan las&nbsp;<strong>bandas criminales, los narcotraficantes y las organizaciones terroristas.<\/strong><\/p>\n\n\n\n<p>El c\u00f3nclave busca adem\u00e1s articular un&nbsp;<strong>bloque de cooperaci\u00f3n&nbsp;<\/strong>para tratar&nbsp;<strong>temas de alto inter\u00e9s com\u00fan<\/strong>, tanto en el \u00e1mbito regional como internacional.<\/p>\n\n\n\n<p>El encuentro tendr\u00e1 como sede el Trump National Doral Miami.<\/p>\n\n\n\n<p><strong>Pa\u00edses cuyos presidentes fueron invitados<\/strong><\/p>\n\n\n\n<p>Rep\u00fablica Dominicana,&nbsp;<strong>Luis Abinader<\/strong>; presidente electo de Chile,&nbsp;<strong>Jos\u00e9 Antonio Kast<\/strong>; Bolivia,&nbsp;<strong>Rodrigo Paz Pereira<\/strong>; Costa Rica,&nbsp;<strong>Rodrigo Chaves Robles<\/strong>; Argentina,&nbsp;<strong>Javier Milei<\/strong>; El Salvador,&nbsp;<strong>Nayib Bukele<\/strong>; Ecuador,&nbsp;<strong>Daniel Noboa<\/strong>; Honduras,&nbsp;<strong>Nasry Asfura<\/strong>; Panam\u00e1,&nbsp;<strong>Jos\u00e9 Ra\u00fal Mulino<\/strong>; Paraguay,&nbsp;<strong>Santiago Pe\u00f1a<\/strong>; Trinidad y Tobago,&nbsp;<strong>Kamla Persad-Bissessar<\/strong><\/p>\n\n\n\n<p>Esta cumbre representa la&nbsp;<strong>primera reuni\u00f3n regional de l\u00edderes del hemisferio occidental<\/strong>&nbsp;convocada por el presidente Trump desde su regreso a la Casa Blanca.<\/p>\n\n\n\n<p>Para la Rep\u00fablica Dominicana, esta cita constituye una&nbsp;<strong>oportunidad clave<\/strong>&nbsp;para reafirmar su posici\u00f3n como<strong>&nbsp;socio estrat\u00e9gico en el Caribe<\/strong>&nbsp;y fortalecer alianzas que impulsen el&nbsp;<strong>desarrollo econ\u00f3mico<\/strong>&nbsp;y la&nbsp;<strong>estabilidad pol\u00edtica<\/strong>&nbsp;en la regi\u00f3n.<\/p>\n\n\n\n<p>La participaci\u00f3n del presidente Abinader en este encuentro reafirma el&nbsp;<strong>compromiso del Gobierno dominicano con el di\u00e1logo multilateral<\/strong>&nbsp;y con una presencia activa del pa\u00eds en los&nbsp;<strong>espacios de toma de decisiones m\u00e1s relevantes del continente.<\/strong><\/p>\n\n\n\n<p><a href=\"https:\/\/presidencia.gob.do\/taxonomy\/term\/58\">DIPP<\/a><\/p>\n","protected":false},"excerpt":{"rendered":"<p>diariodominicano.com Santo Domingo, R. D., 6 de marzo, 2026.\u2013 El presidente de la Rep\u00fablica Dominicana,\u00a0Luis Abinader, viajar\u00e1 este viernes a la ciudad de\u00a0Miami\u00a0para participar este\u00a0s\u00e1bado 7\u00a0de marzo en una\u00a0cumbre de alto nivel\u00a0convocada por el presidente de los Estados Unidos,\u00a0Donald Trump. La cumbre, denominada&nbsp;Escudo de las Am\u00e9ricas, tiene como objetivo principal promover&nbsp;la libertad, la seguridad y [&hellip;]<\/p>\n","protected":false},"author":5,"featured_media":668550,"comment_status":"closed","ping_status":"closed","sticky":false,"template":"","format":"standard","meta":{"footnotes":""},"categories":[20,27],"tags":[4105,4995,1854],"class_list":["post-668549","post","type-post","status-publish","format-standard","has-post-thumbnail","hentry","category-dominicana-hoy","category-portada","tag-abinader","tag-luis-abinader","tag-presidente-abinader"],"_links":{"self":[{"href":"https:\/\/diariodominicano.com\/index.php?rest_route=\/wp\/v2\/posts\/668549","targetHints":{"allow":["GET"]}}],"collection":[{"href":"https:\/\/diariodominicano.com\/index.php?rest_route=\/wp\/v2\/posts"}],"about":[{"href":"https:\/\/diariodominicano.com\/index.php?rest_route=\/wp\/v2\/types\/post"}],"author":[{"embeddable":true,"href":"https:\/\/diariodominicano.com\/index.php?rest_route=\/wp\/v2\/users\/5"}],"replies":[{"embeddable":true,"href":"https:\/\/diariodominicano.com\/index.php?rest_route=%2Fwp%2Fv2%2Fcomments&post=668549"}],"version-history":[{"count":1,"href":"https:\/\/diariodominicano.com\/index.php?rest_route=\/wp\/v2\/posts\/668549\/revisions"}],"predecessor-version":[{"id":668551,"href":"https:\/\/diariodominicano.com\/index.php?rest_route=\/wp\/v2\/posts\/668549\/revisions\/668551"}],"wp:featuredmedia":[{"embeddable":true,"href":"https:\/\/diariodominicano.com\/index.php?rest_route=\/wp\/v2\/media\/668550"}],"wp:attachment":[{"href":"https:\/\/diariodominicano.com\/index.php?rest_route=%2Fwp%2Fv2%2Fmedia&parent=668549"}],"wp:term":[{"taxonomy":"category","embeddable":true,"href":"https:\/\/diariodominicano.com\/index.php?rest_route=%2Fwp%2Fv2%2Fcategories&post=668549"},{"taxonomy":"post_tag","embeddable":true,"href":"https:\/\/diariodominicano.com\/index.php?rest_route=%2Fwp%2Fv2%2Ftags&post=668549"}],"curies":[{"name":"wp","href":"https:\/\/api.w.org\/{rel}","templated":true}]}}