{"id":668520,"date":"2026-03-06T08:24:39","date_gmt":"2026-03-06T12:24:39","guid":{"rendered":"https:\/\/diariodominicano.com\/?p=668520"},"modified":"2026-03-07T02:07:03","modified_gmt":"2026-03-07T06:07:03","slug":"abinader-recibe-al-estudiante-hensel-aquino-garcia-apodado-pico-de-oro-por-su-elocuencia-y-seguridad-al-expresarse","status":"publish","type":"post","link":"https:\/\/diariodominicano.com\/?p=668520","title":{"rendered":"Abinader recibe al estudiante Hensel Aquino Garc\u00eda, apodado \u201cPico de Oro\u201d por su elocuencia y seguridad al expresarse"},"content":{"rendered":"\n<h3 class=\"wp-block-heading\">Aquino Garc\u00eda expres\u00f3 su inter\u00e9s de continuar sus estudios superiores en las&nbsp;\u00e1reas de Relaciones Internacionales y Derecho, con el prop\u00f3sito de aportar desde su formaci\u00f3n acad\u00e9mica al desarrollo de la sociedad dominicana.<\/h3>\n\n\n\n<p>5 de Marzo 2026<\/p>\n\n\n\n<p>Santo Domingo, RD.\u2013 En un gesto de reconocimiento al\u00a0<strong>talento<\/strong>\u00a0y la\u00a0<strong>determinaci\u00f3n<\/strong>\u00a0de la juventud dominicana,\u00a0<strong>el presidente Luis Abinader\u00a0<\/strong>recibi\u00f3 este jueves al estudiante de 13 a\u00f1os\u00a0<strong>Hensel Aquino Garc\u00eda<\/strong>, a quien el mandatario bautiz\u00f3 como\u00a0<strong>\u201cPico de Oro\u201d<\/strong>\u00a0por su\u00a0<strong>notable elocuencia y seguridad al expresarse.<\/strong><\/p>\n\n\n\n<p>Durante el encuentro celebrado en el Sal\u00f3n Privado del Palacio Nacional, el jefe de Estado estuvo acompa\u00f1ado de la&nbsp;<strong>primera dama Raquel Arbaje<\/strong>, con quien convers\u00f3 con el joven sobre sus&nbsp;<strong>aspiraciones acad\u00e9micas y la situaci\u00f3n de su centro educativo.<\/strong><\/p>\n\n\n\n<p>El presidente Abinader valor\u00f3 la determinaci\u00f3n y claridad del joven al expresar sus metas y&nbsp;<strong>lo motiv\u00f3 a continuar esforz\u00e1ndose en sus estudios<\/strong>, destacando la importancia de&nbsp;<strong>la educaci\u00f3n, la disciplina y la preparaci\u00f3n<\/strong>&nbsp;para contribuir al progreso del pa\u00eds.<\/p>\n\n\n\n<p>Asimismo, el mandatario destac\u00f3 que j\u00f3venes como Hensel representan el talento y el&nbsp;<strong>potencial de la juventud dominicana<\/strong>&nbsp;cuando cuentan con el&nbsp;<strong>respaldo de su familia y su formaci\u00f3n educativa<\/strong>, y lo exhort\u00f3 a continuar prepar\u00e1ndose y desarrollando sus capacidades.<\/p>\n\n\n\n<p>Durante la conversaci\u00f3n, Hensel Aquino Garc\u00eda expres\u00f3 su inter\u00e9s de continuar sus estudios superiores en las&nbsp;<strong>\u00e1reas de Relaciones Internacionales y Derecho<\/strong>, con el prop\u00f3sito de aportar desde su formaci\u00f3n acad\u00e9mica al desarrollo de la sociedad dominicana.<\/p>\n\n\n\n<p>El joven, quien cursa el&nbsp;<strong>segundo de bachillerato en la Escuela Felicia Cuesta D\u00edaz<\/strong>, ubicada en la comunidad de&nbsp;<strong>B\u00e1sima<\/strong>, municipio de&nbsp;<strong>Villa Altagracia<\/strong>, provincia&nbsp;<strong>San Crist\u00f3bal<\/strong>, estuvo acompa\u00f1ado de sus padres,&nbsp;<strong>Jenrry Aquino Caraballo y Estela Margarita Garc\u00eda<\/strong>, as\u00ed como de su hermano gemelo,&nbsp;<strong>Hendel Aquino Garc\u00eda<\/strong>, durante el encuentro, lo que reflej\u00f3 el&nbsp;<strong>respaldo familiar<\/strong>&nbsp;en este importante momento.<\/p>\n\n\n\n<p>Con informaci\u00f3n de la Presidencia dela Rep\u00fablica.<\/p>\n","protected":false},"excerpt":{"rendered":"<p>Aquino Garc\u00eda expres\u00f3 su inter\u00e9s de continuar sus estudios superiores en las&nbsp;\u00e1reas de Relaciones Internacionales y Derecho, con el prop\u00f3sito de aportar desde su formaci\u00f3n acad\u00e9mica al desarrollo de la sociedad dominicana. 5 de Marzo 2026 Santo Domingo, RD.\u2013 En un gesto de reconocimiento al\u00a0talento\u00a0y la\u00a0determinaci\u00f3n\u00a0de la juventud dominicana,\u00a0el presidente Luis Abinader\u00a0recibi\u00f3 este jueves al [&hellip;]<\/p>\n","protected":false},"author":2,"featured_media":668523,"comment_status":"open","ping_status":"closed","sticky":false,"template":"","format":"standard","meta":{"footnotes":""},"categories":[36,20],"tags":[4105,4995,1854],"class_list":["post-668520","post","type-post","status-publish","format-standard","has-post-thumbnail","hentry","category-hombresmujeresycosas","category-dominicana-hoy","tag-abinader","tag-luis-abinader","tag-presidente-abinader"],"_links":{"self":[{"href":"https:\/\/diariodominicano.com\/index.php?rest_route=\/wp\/v2\/posts\/668520","targetHints":{"allow":["GET"]}}],"collection":[{"href":"https:\/\/diariodominicano.com\/index.php?rest_route=\/wp\/v2\/posts"}],"about":[{"href":"https:\/\/diariodominicano.com\/index.php?rest_route=\/wp\/v2\/types\/post"}],"author":[{"embeddable":true,"href":"https:\/\/diariodominicano.com\/index.php?rest_route=\/wp\/v2\/users\/2"}],"replies":[{"embeddable":true,"href":"https:\/\/diariodominicano.com\/index.php?rest_route=%2Fwp%2Fv2%2Fcomments&post=668520"}],"version-history":[{"count":2,"href":"https:\/\/diariodominicano.com\/index.php?rest_route=\/wp\/v2\/posts\/668520\/revisions"}],"predecessor-version":[{"id":668526,"href":"https:\/\/diariodominicano.com\/index.php?rest_route=\/wp\/v2\/posts\/668520\/revisions\/668526"}],"wp:featuredmedia":[{"embeddable":true,"href":"https:\/\/diariodominicano.com\/index.php?rest_route=\/wp\/v2\/media\/668523"}],"wp:attachment":[{"href":"https:\/\/diariodominicano.com\/index.php?rest_route=%2Fwp%2Fv2%2Fmedia&parent=668520"}],"wp:term":[{"taxonomy":"category","embeddable":true,"href":"https:\/\/diariodominicano.com\/index.php?rest_route=%2Fwp%2Fv2%2Fcategories&post=668520"},{"taxonomy":"post_tag","embeddable":true,"href":"https:\/\/diariodominicano.com\/index.php?rest_route=%2Fwp%2Fv2%2Ftags&post=668520"}],"curies":[{"name":"wp","href":"https:\/\/api.w.org\/{rel}","templated":true}]}}