{"id":668513,"date":"2026-03-06T08:09:19","date_gmt":"2026-03-06T12:09:19","guid":{"rendered":"https:\/\/diariodominicano.com\/?p=668513"},"modified":"2026-03-07T01:24:51","modified_gmt":"2026-03-07T05:24:51","slug":"exposicion-lumiere-el-arte-de-la-luz-en-toronto-canada","status":"publish","type":"post","link":"https:\/\/diariodominicano.com\/?p=668513","title":{"rendered":"Exposici\u00f3n \u00abLumiere: El Arte de la Luz\u00bb en Toronto, Canad\u00e1"},"content":{"rendered":"\n<p><em>spanish.news.cn<\/em>|<em>&nbsp;2026-03-06 08:26:14<\/em>|<\/p>\n\n\n\n<p>TORONTO, 5 marzo, 2026 (Xinhua) &#8212; Imagen del 4 de marzo de 2026 de una instalaci\u00f3n de arte lum\u00ednico vista durante la exposici\u00f3n \u00abLumiere: El Arte de la Luz\u00bb, en Toronto, Canad\u00e1. La exposici\u00f3n anual de luz al aire libre se celebra aqu\u00ed del 16 de febrero al 27 de marzo. (Xinhua\/Zou Zheng)<\/p>\n\n\n\n<figure class=\"wp-block-image\"><img decoding=\"async\" src=\"https:\/\/spanish.xinhuanet.com\/20260306\/772ef74546494c5d85f138c98874f537\/20260306772ef74546494c5d85f138c98874f537_20260306a86965ca54f74528b368ceb16eefa79c.jpg\" alt=\"\"\/><\/figure>\n\n\n\n<p>TORONTO, 5 marzo, 2026 (Xinhua) &#8212; Imagen del 4 de marzo de 2026 de una instalaci\u00f3n de arte lum\u00ednico vista durante la exposici\u00f3n \u00abLumiere: El Arte de la Luz\u00bb, en Toronto, Canad\u00e1. La exposici\u00f3n anual de luz al aire libre se celebra aqu\u00ed del 16 de febrero al 27 de marzo. (Xinhua\/Zou Zheng)<\/p>\n\n\n\n<figure class=\"wp-block-image\"><img decoding=\"async\" src=\"https:\/\/spanish.xinhuanet.com\/20260306\/772ef74546494c5d85f138c98874f537\/20260306772ef74546494c5d85f138c98874f537_20260306ccf0a517f0824d069359b9dadc6a5984.jpg\" alt=\"\"\/><\/figure>\n\n\n\n<p>TORONTO, 5 marzo, 2026 (Xinhua) &#8212; Imagen del 4 de marzo de 2026 de un visitante caminando frente a una instalaci\u00f3n de arte lum\u00ednico durante la exposici\u00f3n \u00abLumiere: El Arte de la Luz\u00bb, en Toronto, Canad\u00e1. La exposici\u00f3n anual de luz al aire libre se celebra aqu\u00ed del 16 de febrero al 27 de marzo. (Xinhua\/Zou Zheng)<\/p>\n\n\n\n<p><a href=\"https:\/\/www.facebook.com\/sharer\/sharer.php?u=https:\/\/spanish.xinhuanet.com\/20260306\/772ef74546494c5d85f138c98874f537\/c.html\" target=\"_blank\" rel=\"noreferrer noopener\"><\/a>&nbsp;<a href=\"https:\/\/twitter.com\/intent\/tweet?text=Exposici%C3%B3n%20%22Lumiere:%20El%20Arte%20de%20la%20Luz%22%20en%20Toronto,%20Canad%C3%A1&amp;url=https:\/\/spanish.xinhuanet.com\/20260306\/772ef74546494c5d85f138c98874f537\/c.html\" target=\"_blank\" rel=\"noreferrer noopener\"><\/a>&nbsp;<a target=\"_blank\" href=\"https:\/\/service.weibo.com\/share\/share.php?title=Exposici%C3%B3n%20%22Lumiere:%20El%20Arte%20de%20la%20Luz%22%20en%20Toronto,%20Canad%C3%A1&amp;url=https:\/\/spanish.xinhuanet.com\/20260306\/772ef74546494c5d85f138c98874f537\/c.html\" rel=\"noreferrer noopener\"><\/a>&nbsp;<a><\/a><\/p>\n\n\n\n<figure class=\"wp-block-image\"><img decoding=\"async\" src=\"https:\/\/imgs.news.cn\/res\/xhwimg\/spanish\/20170522\/img\/jc-xfa.png\" alt=\"\"\/><\/figure>\n\n\n\n<figure class=\"wp-block-table\"><table class=\"has-fixed-layout\"><tbody><tr><td><\/td><\/tr><\/tbody><\/table><\/figure>\n\n\n\n<figure class=\"wp-block-table\"><table class=\"has-fixed-layout\"><tbody><tr><td><\/td><\/tr><\/tbody><\/table><\/figure>\n","protected":false},"excerpt":{"rendered":"<p>spanish.news.cn|&nbsp;2026-03-06 08:26:14| TORONTO, 5 marzo, 2026 (Xinhua) &#8212; Imagen del 4 de marzo de 2026 de una instalaci\u00f3n de arte lum\u00ednico vista durante la exposici\u00f3n \u00abLumiere: El Arte de la Luz\u00bb, en Toronto, Canad\u00e1. La exposici\u00f3n anual de luz al aire libre se celebra aqu\u00ed del 16 de febrero al 27 de marzo. (Xinhua\/Zou Zheng) [&hellip;]<\/p>\n","protected":false},"author":2,"featured_media":668514,"comment_status":"open","ping_status":"closed","sticky":false,"template":"","format":"standard","meta":{"footnotes":""},"categories":[21],"tags":[314,4987],"class_list":["post-668513","post","type-post","status-publish","format-standard","has-post-thumbnail","hentry","category-cultura","tag-canada","tag-toronto"],"_links":{"self":[{"href":"https:\/\/diariodominicano.com\/index.php?rest_route=\/wp\/v2\/posts\/668513","targetHints":{"allow":["GET"]}}],"collection":[{"href":"https:\/\/diariodominicano.com\/index.php?rest_route=\/wp\/v2\/posts"}],"about":[{"href":"https:\/\/diariodominicano.com\/index.php?rest_route=\/wp\/v2\/types\/post"}],"author":[{"embeddable":true,"href":"https:\/\/diariodominicano.com\/index.php?rest_route=\/wp\/v2\/users\/2"}],"replies":[{"embeddable":true,"href":"https:\/\/diariodominicano.com\/index.php?rest_route=%2Fwp%2Fv2%2Fcomments&post=668513"}],"version-history":[{"count":1,"href":"https:\/\/diariodominicano.com\/index.php?rest_route=\/wp\/v2\/posts\/668513\/revisions"}],"predecessor-version":[{"id":668515,"href":"https:\/\/diariodominicano.com\/index.php?rest_route=\/wp\/v2\/posts\/668513\/revisions\/668515"}],"wp:featuredmedia":[{"embeddable":true,"href":"https:\/\/diariodominicano.com\/index.php?rest_route=\/wp\/v2\/media\/668514"}],"wp:attachment":[{"href":"https:\/\/diariodominicano.com\/index.php?rest_route=%2Fwp%2Fv2%2Fmedia&parent=668513"}],"wp:term":[{"taxonomy":"category","embeddable":true,"href":"https:\/\/diariodominicano.com\/index.php?rest_route=%2Fwp%2Fv2%2Fcategories&post=668513"},{"taxonomy":"post_tag","embeddable":true,"href":"https:\/\/diariodominicano.com\/index.php?rest_route=%2Fwp%2Fv2%2Ftags&post=668513"}],"curies":[{"name":"wp","href":"https:\/\/api.w.org\/{rel}","templated":true}]}}