{"id":668509,"date":"2026-03-06T08:02:19","date_gmt":"2026-03-06T12:02:19","guid":{"rendered":"https:\/\/diariodominicano.com\/?p=668509"},"modified":"2026-03-07T01:22:50","modified_gmt":"2026-03-07T05:22:50","slug":"hungria-suspendera-transito-de-bienes-vitales-a-ucrania-por-disputa-petrolera","status":"publish","type":"post","link":"https:\/\/diariodominicano.com\/?p=668509","title":{"rendered":"Hungr\u00eda suspender\u00e1 tr\u00e1nsito de bienes vitales a Ucrania por disputa petrolera"},"content":{"rendered":"\n<p><em>spanish.news.cn<\/em>|<em>&nbsp;2026-03-06 18:35:17<\/em>|<\/p>\n\n\n\n<p>BUDAPEST, 6 mar (Xinhua) &#8212; Hungr\u00eda suspender\u00e1 el tr\u00e1nsito de bienes vitales a Ucrania a menos que Kiev reanude el suministro de petr\u00f3leo, dijo hoy viernes el primer ministro h\u00fangaro, Viktor Orban.<\/p>\n\n\n\n<p>En una entrevista con la radio estatal Kossuth, Orban indic\u00f3 que Budapest ya hab\u00eda suspendido los env\u00edos de gasolina y di\u00e9sel a Ucrania, aunque las exportaciones de electricidad contin\u00faan. A\u00f1adi\u00f3 que Hungr\u00eda est\u00e1 preparando nuevas restricciones hasta que se restablezca el tr\u00e1nsito de crudo a Hungr\u00eda a trav\u00e9s de Ucrania.<\/p>\n\n\n\n<p>\u00abHemos suspendido los env\u00edos de gasolina&#8230; tampoco estamos suministrando di\u00e9sel\u00bb, declar\u00f3 Orban. \u00abTambi\u00e9n suspenderemos el tr\u00e1nsito de mercanc\u00edas importantes para Ucrania que pasan por Hungr\u00eda hasta que recibamos la aprobaci\u00f3n de Ucrania para los env\u00edos de petr\u00f3leo\u00bb.<\/p>\n\n\n\n<p>Orban vincul\u00f3 las medidas a la suspensi\u00f3n del suministro de crudo a trav\u00e9s del oleoducto Druzhba, que transporta crudo ruso a Hungr\u00eda y Eslovaquia a trav\u00e9s de territorio ucraniano. Atribuy\u00f3 la interrupci\u00f3n a motivos pol\u00edticos, m\u00e1s que a asuntos t\u00e9cnicos.<\/p>\n\n\n\n<p>\u00abHungr\u00eda simplemente est\u00e1 ejerciendo sus derechos\u00bb, declar\u00f3 Orban. \u00abNo apoyaremos ninguna asistencia financiera a Ucrania en Bruselas hasta que Ucrania permita los env\u00edos de petr\u00f3leo\u00bb.<\/p>\n\n\n\n<p>Tambi\u00e9n afirm\u00f3 que Budapest ha creado un comit\u00e9 de investigaci\u00f3n compuesto por funcionarios y expertos para evaluar el estado del gasoducto. El Gobierno est\u00e1 solicitando acceso al grupo para realizar una inspecci\u00f3n in situ en Ucrania.<\/p>\n\n\n\n<p>Las declaraciones de Orban se producen en medio de la creciente tensi\u00f3n entre Budapest y Kiev por la seguridad energ\u00e9tica y la oposici\u00f3n de Hungr\u00eda a la ayuda de la Uni\u00f3n Europea a Ucrania.&nbsp;<\/p>\n","protected":false},"excerpt":{"rendered":"<p>spanish.news.cn|&nbsp;2026-03-06 18:35:17| BUDAPEST, 6 mar (Xinhua) &#8212; Hungr\u00eda suspender\u00e1 el tr\u00e1nsito de bienes vitales a Ucrania a menos que Kiev reanude el suministro de petr\u00f3leo, dijo hoy viernes el primer ministro h\u00fangaro, Viktor Orban. En una entrevista con la radio estatal Kossuth, Orban indic\u00f3 que Budapest ya hab\u00eda suspendido los env\u00edos de gasolina y di\u00e9sel [&hellip;]<\/p>\n","protected":false},"author":2,"featured_media":606203,"comment_status":"open","ping_status":"closed","sticky":false,"template":"","format":"standard","meta":{"footnotes":""},"categories":[23],"tags":[3559,1867],"class_list":["post-668509","post","type-post","status-publish","format-standard","has-post-thumbnail","hentry","category-internacional","tag-hungria","tag-ucrania"],"_links":{"self":[{"href":"https:\/\/diariodominicano.com\/index.php?rest_route=\/wp\/v2\/posts\/668509","targetHints":{"allow":["GET"]}}],"collection":[{"href":"https:\/\/diariodominicano.com\/index.php?rest_route=\/wp\/v2\/posts"}],"about":[{"href":"https:\/\/diariodominicano.com\/index.php?rest_route=\/wp\/v2\/types\/post"}],"author":[{"embeddable":true,"href":"https:\/\/diariodominicano.com\/index.php?rest_route=\/wp\/v2\/users\/2"}],"replies":[{"embeddable":true,"href":"https:\/\/diariodominicano.com\/index.php?rest_route=%2Fwp%2Fv2%2Fcomments&post=668509"}],"version-history":[{"count":1,"href":"https:\/\/diariodominicano.com\/index.php?rest_route=\/wp\/v2\/posts\/668509\/revisions"}],"predecessor-version":[{"id":668510,"href":"https:\/\/diariodominicano.com\/index.php?rest_route=\/wp\/v2\/posts\/668509\/revisions\/668510"}],"wp:featuredmedia":[{"embeddable":true,"href":"https:\/\/diariodominicano.com\/index.php?rest_route=\/wp\/v2\/media\/606203"}],"wp:attachment":[{"href":"https:\/\/diariodominicano.com\/index.php?rest_route=%2Fwp%2Fv2%2Fmedia&parent=668509"}],"wp:term":[{"taxonomy":"category","embeddable":true,"href":"https:\/\/diariodominicano.com\/index.php?rest_route=%2Fwp%2Fv2%2Fcategories&post=668509"},{"taxonomy":"post_tag","embeddable":true,"href":"https:\/\/diariodominicano.com\/index.php?rest_route=%2Fwp%2Fv2%2Ftags&post=668509"}],"curies":[{"name":"wp","href":"https:\/\/api.w.org\/{rel}","templated":true}]}}