{"id":668465,"date":"2026-03-06T01:28:55","date_gmt":"2026-03-06T05:28:55","guid":{"rendered":"https:\/\/diariodominicano.com\/?p=668465"},"modified":"2026-03-06T01:28:58","modified_gmt":"2026-03-06T05:28:58","slug":"luis-el-gallo-demanda-paz-y-respeto-para-garantizar-docencia-en-escuelas-publicas","status":"publish","type":"post","link":"https:\/\/diariodominicano.com\/?p=668465","title":{"rendered":"Luis \u201cEl Gallo\u201d demanda paz y respeto para garantizar docencia en escuelas p\u00fablicas"},"content":{"rendered":"\n<p><strong><em><u>El presidente de la Uni\u00f3n Dem\u00f3crata Cristiana -UDC-, Luis Acosta Moreta, Luis \u201cEl Gallo\u201d, hizo un llamado a todos los integrantes del sector educativo, para que mantengan la paz y la armon\u00eda en las escuelas p\u00fablicas y garanticen el normal desarrollo de las clases.<\/u><\/em><\/strong><\/p>\n\n\n\n<p><strong><em><u>Lament\u00f3 que el clima de&nbsp; paz de las escuelas sea sacudido a diario con enfrentamientos entre estudiantes, agresiones a profesores e irrespeto de los padres de los alumnos.<\/u><\/em><\/strong><\/p>\n\n\n\n<p><strong><em><u>Dijo que en la educaci\u00f3n est\u00e1 el futuro dominicano, y se debe asegurar una excelente docencia a los miles de ni\u00f1os y adolescentes que asisten a las escuelas p\u00fablicas.<\/u><\/em><\/strong><\/p>\n\n\n\n<p><strong><em><u>Con un presupuesto records, que se va en la mayor parte en salarios, los maestros est\u00e1n obligados a dejar a un lado su beligerancia y entrar en el di\u00e1logo y los medios civilizados para hacer frente a sus demandas econ\u00f3micas.<\/u><\/em><\/strong><\/p>\n\n\n\n<p><strong><em><u>Mientras que el ministerio de Educaci\u00f3n est\u00e1 en la obligaci\u00f3n de aplicar sanciones a los que violan las disposiciones reglamentarias internas, y quieren hacer de las escuelas un terreno de caos.<\/u><\/em><\/strong><\/p>\n\n\n\n<p><strong><em><u>Es imperioso que se comience de lleno a dar la materia de la moral y c\u00edvica en las escuelas p\u00fablicas, capacitando al personal que pueda impartirla a los alumnos, en su mayor\u00eda ni\u00f1os y adolecentes.<\/u><\/em><\/strong><\/p>\n\n\n\n<p><strong><em><u>La sociedad dominicana, destac\u00f3, necesita hoy una alta dosis de moral y c\u00edvica, para buscar soluciones civilizadas a todos los problemas que se puedan presentar en el proceso educativo.<\/u><\/em><\/strong><\/p>\n\n\n\n<p><strong><em><u>Tiene el ministerio de Educaci\u00f3n que establecer tambi\u00e9n los libros de texto que servir\u00e1n para impartir la materia de moral y c\u00edvica, porque en la actualidad se carece de los maestros especializados&nbsp; y del material para dar las clases.<\/u><\/em><\/strong><\/p>\n\n\n\n<p><strong><em><u>Luis \u201cEl Gallo\u201d de nuevo ofreci\u00f3 al ministerio de Educaci\u00f3n el libro de moral y c\u00edvica de su autor\u00eda, que hasta el momento es el \u00fanico&nbsp;&nbsp; texto dominicano sobre esta materia.<\/u><\/em><\/strong><\/p>\n\n\n\n<p><strong><em><u>Con la moral y c\u00edvica impartida en las escuelas se ense\u00f1ar\u00e1 a los ni\u00f1os y adolescentes a ser respetuosos del plantel, de sus compa\u00f1eros y de sus profesores, por lo que es&nbsp; urgente que se imparta ta asignaci\u00f3n en todas las escuelas del pa\u00eds.<\/u><\/em><\/strong><\/p>\n\n\n\n<p>La Peque <a href=\"mailto:priky72@gmail.com\">priky72@gmail.com<\/a><\/p>\n","protected":false},"excerpt":{"rendered":"<p>El presidente de la Uni\u00f3n Dem\u00f3crata Cristiana -UDC-, Luis Acosta Moreta, Luis \u201cEl Gallo\u201d, hizo un llamado a todos los integrantes del sector educativo, para que mantengan la paz y la armon\u00eda en las escuelas p\u00fablicas y garanticen el normal desarrollo de las clases. Lament\u00f3 que el clima de&nbsp; paz de las escuelas sea sacudido [&hellip;]<\/p>\n","protected":false},"author":7,"featured_media":557901,"comment_status":"closed","ping_status":"closed","sticky":false,"template":"","format":"standard","meta":{"footnotes":""},"categories":[24],"tags":[114],"class_list":["post-668465","post","type-post","status-publish","format-standard","has-post-thumbnail","hentry","category-justicia-y-derecho","tag-luis-el-gallo"],"_links":{"self":[{"href":"https:\/\/diariodominicano.com\/index.php?rest_route=\/wp\/v2\/posts\/668465","targetHints":{"allow":["GET"]}}],"collection":[{"href":"https:\/\/diariodominicano.com\/index.php?rest_route=\/wp\/v2\/posts"}],"about":[{"href":"https:\/\/diariodominicano.com\/index.php?rest_route=\/wp\/v2\/types\/post"}],"author":[{"embeddable":true,"href":"https:\/\/diariodominicano.com\/index.php?rest_route=\/wp\/v2\/users\/7"}],"replies":[{"embeddable":true,"href":"https:\/\/diariodominicano.com\/index.php?rest_route=%2Fwp%2Fv2%2Fcomments&post=668465"}],"version-history":[{"count":1,"href":"https:\/\/diariodominicano.com\/index.php?rest_route=\/wp\/v2\/posts\/668465\/revisions"}],"predecessor-version":[{"id":668467,"href":"https:\/\/diariodominicano.com\/index.php?rest_route=\/wp\/v2\/posts\/668465\/revisions\/668467"}],"wp:featuredmedia":[{"embeddable":true,"href":"https:\/\/diariodominicano.com\/index.php?rest_route=\/wp\/v2\/media\/557901"}],"wp:attachment":[{"href":"https:\/\/diariodominicano.com\/index.php?rest_route=%2Fwp%2Fv2%2Fmedia&parent=668465"}],"wp:term":[{"taxonomy":"category","embeddable":true,"href":"https:\/\/diariodominicano.com\/index.php?rest_route=%2Fwp%2Fv2%2Fcategories&post=668465"},{"taxonomy":"post_tag","embeddable":true,"href":"https:\/\/diariodominicano.com\/index.php?rest_route=%2Fwp%2Fv2%2Ftags&post=668465"}],"curies":[{"name":"wp","href":"https:\/\/api.w.org\/{rel}","templated":true}]}}