{"id":668377,"date":"2026-03-05T02:48:36","date_gmt":"2026-03-05T06:48:36","guid":{"rendered":"https:\/\/diariodominicano.com\/?p=668377"},"modified":"2026-03-05T02:48:48","modified_gmt":"2026-03-05T06:48:48","slug":"presidente-abinader-inaugura-la-xviii-cumbre-iberoamericana-del-seguro","status":"publish","type":"post","link":"https:\/\/diariodominicano.com\/?p=668377","title":{"rendered":"Presidente Abinader\u00a0inaugura la\u00a0XVIII Cumbre Iberoamericana del Seguro"},"content":{"rendered":"\n<h3 class=\"wp-block-heading\">Asegura que debemos llevar el seguro\u00a0a quienes hoy no lo tienen: trabajadores informales, peque\u00f1as y medianas empresas. El mandatario dice que fortalecer el seguro es clave para blindar el progreso, ampliar la inclusi\u00f3n y construir una econom\u00eda m\u00e1s resiliente hacia 2036.<\/h3>\n\n\n\n<p>4 de Marzo 2026 <\/p>\n\n\n\n<figure class=\"wp-block-image\"><img decoding=\"async\" src=\"https:\/\/platform-cdn.sharethis.com\/img\/facebook.svg\" alt=\"facebook sharing button\"\/><\/figure>\n\n\n\n<figure class=\"wp-block-image\"><img decoding=\"async\" src=\"https:\/\/platform-cdn.sharethis.com\/img\/sharethis.svg\" alt=\"sharethis sharing button\"\/><\/figure>\n\n\n\n<p>Santo Domingo, RD.\u2013\u00a0<strong>El presidente Luis Abinader<\/strong>\u00a0inaugur\u00f3 el mi\u00e9rcoles la\u00a0<strong>XVIII Cumbre Iberoamericana del Seguro<\/strong>, donde asegur\u00f3 que debemos llevar el seguro\u00a0<strong>a quienes hoy no lo tienen<\/strong>: trabajadores informales, peque\u00f1as y medianas empresas, sectores agr\u00edcolas vulnerables al clima, mujeres emprendedoras y j\u00f3venes innovadores.<\/p>\n\n\n\n<p>Asimismo, el mandatario destac\u00f3 que el&nbsp;<strong>sector asegurador<\/strong>&nbsp;significa m\u00e1s&nbsp;<strong>tranquilidad&nbsp;<\/strong>para las familias,&nbsp;<strong>m\u00e1s respaldo<\/strong>&nbsp;para los emprendedores y un pa\u00eds&nbsp;<strong>mejor preparado<\/strong>&nbsp;ante cualquier imprevisto.<\/p>\n\n\n\n<p>Destac\u00f3 que no hay desarrollo&nbsp;<strong>sin inversi\u00f3n<\/strong>, ni inversi\u00f3n&nbsp;<strong>sin previsibilidad<\/strong>.&nbsp;<em>\u201cPor eso, fortalecer el seguro es clave para blindar el progreso, ampliar la inclusi\u00f3n y construir una econom\u00eda m\u00e1s resiliente hacia 2036\u201d.<\/em><\/p>\n\n\n\n<p><em>\u201cEl seguro no es solamente un contrato. Es confianza organizada. Es solidaridad institucionalizada. Es estabilidad convertida en instrumento econ\u00f3mico. Cuando una sociedad ampl\u00eda su cobertura aseguradora, no solo transfiere riesgos: construye confianza colectiva\u201d,<\/em>&nbsp;afirm\u00f3 el mandatario.<\/p>\n\n\n\n<p>Bajo el lema&nbsp;<strong>\u201cPensar en el futuro, liderar el cambio, asegurar lo esencial\u201d,<\/strong>&nbsp;el encuentro se desarrolla los d\u00edas 4 y 5 de marzo en el Auditorio del Banco Central. La cumbre es organizada conjuntamente por la&nbsp;<strong>Superintendencia de Seguros de la Rep\u00fablica Dominicana<\/strong>&nbsp;(SIS) y la&nbsp;<strong>Fundaci\u00f3n Iberoamericana Alianza del Seguro<\/strong>, con el objetivo de analizar los desaf\u00edos de la industria en un contexto de&nbsp;<strong>transformaci\u00f3n global.<\/strong><\/p>\n\n\n\n<p><strong>Una oportunidad de expansi\u00f3n estructural<\/strong><\/p>\n\n\n\n<p>Durante el evento, que re\u00fane a los l\u00edderes del sector seguro en la regi\u00f3n, el jefe de Estado se\u00f1al\u00f3 que la penetraci\u00f3n del seguro en el pa\u00eds ronda actualmente entre el&nbsp;<strong>1.7 % y el 1.8 %<\/strong>&nbsp;del PIB, situ\u00e1ndose&nbsp;<strong>por debajo del promedio regional.<\/strong><\/p>\n\n\n\n<p>Sin embargo, enfatiz\u00f3 que esta brecha no es una debilidad, sino&nbsp;<em>una \u201coportunidad hist\u00f3rica de expansi\u00f3n estructural\u201d<\/em>&nbsp;para el desarrollo dominicano.<\/p>\n\n\n\n<p><strong>Ejes estrat\u00e9gicos hacia la Meta RD 2036<\/strong><\/p>\n\n\n\n<p>En el marco del proyecto de naci\u00f3n&nbsp;<strong>Meta RD 2036<\/strong>, el presidente Abinader traz\u00f3 tres grandes&nbsp;<strong>l\u00edneas de acci\u00f3n<\/strong>&nbsp;para transformar la industria:<\/p>\n\n\n\n<p><strong>Estabilidad Macroecon\u00f3mica<\/strong>: Fortalecer el sector como una&nbsp;<em>\u201cinfraestructura silenciosa\u201d<\/em>&nbsp;y amortiguador frente a crisis, desastres naturales y volatilidad financiera.<\/p>\n\n\n\n<p><strong>Inclusi\u00f3n y Pol\u00edticas P\u00fablicas:&nbsp;<\/strong>Ampliar la cobertura mediante&nbsp;<strong>alianzas p\u00fablico-privadas<\/strong>&nbsp;para proteger a trabajadores informales, pymes, sectores agr\u00edcolas y j\u00f3venes innovadores a trav\u00e9s de&nbsp;<strong>seguros inclusivos y param\u00e9tricos<\/strong>.<\/p>\n\n\n\n<p><strong>Crecimiento Sostenido<\/strong>: Elevar progresivamente la participaci\u00f3n del seguro en el PIB hacia un rango de entre el&nbsp;<strong>3 % y el 4 %<\/strong>&nbsp;para el a\u00f1o&nbsp;<strong>2036<\/strong>, como indicador de&nbsp;<strong>madurez econ\u00f3mica.<\/strong><\/p>\n\n\n\n<figure class=\"wp-block-image\"><img decoding=\"async\" src=\"https:\/\/presidencia.gob.do\/sites\/default\/files\/inline-images\/58880379-7c8d-4af8-bc23-aca41a7f45ef.jpeg\" alt=\"\"\/><\/figure>\n\n\n\n<p><strong>Innovaci\u00f3n y Gesti\u00f3n de Riesgos<\/strong><\/p>\n\n\n\n<p>El mandatario vincul\u00f3 la&nbsp;<strong>modernizaci\u00f3n financiera y la digitalizaci\u00f3n<\/strong>&nbsp;con el rol estrat\u00e9gico del seguro en la gesti\u00f3n del riesgo clim\u00e1tico en el Caribe y la protecci\u00f3n de cadenas productivas.<\/p>\n\n\n\n<p><em>\u201cSi aspiramos a una econom\u00eda desarrollada, debemos construir una cultura del riesgo inteligente, no basada en el miedo, sino en la previsi\u00f3n\u201d,<\/em>&nbsp;sostuvo.<\/p>\n\n\n\n<p>Al cierre de su intervenci\u00f3n, Abinader asegur\u00f3 que la Rep\u00fablica Dominicana est\u00e1 lista para trabajar junto a Iberoam\u00e9rica para que, al mirar atr\u00e1s en 2036, el seguro sea reconocido no como un gasto opcional, sino como un motor esencial de inversi\u00f3n, sostenibilidad y cohesi\u00f3n social.<\/p>\n\n\n\n<p><strong>Julio C\u00e9sar Valent\u00edn<\/strong><\/p>\n\n\n\n<p>De su lado, el superintendente de Seguros,&nbsp;<strong>Julio C\u00e9sar Valent\u00edn<\/strong>, afirm\u00f3 que la XVIII Cumbre Iberoamericana del Seguro convierte a Santo Domingo en&nbsp;<strong>epicentro del liderazgo asegurador regional<\/strong>, en un contexto global marcado por transformaciones tecnol\u00f3gicas, riesgos clim\u00e1ticos y amenazas emergentes.<\/p>\n\n\n\n<p>Se\u00f1al\u00f3 que los pa\u00edses con&nbsp;<strong>mercados aseguradores s\u00f3lidos<\/strong>&nbsp;est\u00e1n mejor preparados para garantizar&nbsp;<strong>estabilidad y crecimiento sostenible<\/strong>, y destac\u00f3 que el Gobierno impulsa el&nbsp;<strong>Plan Meta RD 2036<\/strong>&nbsp;con el objetivo de duplicar la econom\u00eda hacia ese a\u00f1o, objetivo que ser\u00e1 m\u00e1s firme si se fortalece la penetraci\u00f3n del seguro en el PIB.<\/p>\n\n\n\n<p>Valent\u00edn subray\u00f3 que el sector asegurador dominicano, que actualmente representa alrededor del&nbsp;<strong>1.8 % del PIB,<\/strong>&nbsp;tiene ante s\u00ed una&nbsp;<strong>oportunidad de expansi\u00f3n<\/strong>&nbsp;tanto cuantitativa como cualitativa.<\/p>\n\n\n\n<p>Con informaci\u00f3n de la Presidencia de la Rep\u00fablica.<\/p>\n","protected":false},"excerpt":{"rendered":"<p>Asegura que debemos llevar el seguro\u00a0a quienes hoy no lo tienen: trabajadores informales, peque\u00f1as y medianas empresas. El mandatario dice que fortalecer el seguro es clave para blindar el progreso, ampliar la inclusi\u00f3n y construir una econom\u00eda m\u00e1s resiliente hacia 2036. 4 de Marzo 2026 Santo Domingo, RD.\u2013\u00a0El presidente Luis Abinader\u00a0inaugur\u00f3 el mi\u00e9rcoles la\u00a0XVIII Cumbre [&hellip;]<\/p>\n","protected":false},"author":28,"featured_media":668378,"comment_status":"open","ping_status":"closed","sticky":false,"template":"","format":"standard","meta":{"footnotes":""},"categories":[20,18,27],"tags":[4968],"class_list":["post-668377","post","type-post","status-publish","format-standard","has-post-thumbnail","hentry","category-dominicana-hoy","category-economia","category-portada","tag-la-xviii-cumbre-iberoamericana-del-seguro"],"_links":{"self":[{"href":"https:\/\/diariodominicano.com\/index.php?rest_route=\/wp\/v2\/posts\/668377","targetHints":{"allow":["GET"]}}],"collection":[{"href":"https:\/\/diariodominicano.com\/index.php?rest_route=\/wp\/v2\/posts"}],"about":[{"href":"https:\/\/diariodominicano.com\/index.php?rest_route=\/wp\/v2\/types\/post"}],"author":[{"embeddable":true,"href":"https:\/\/diariodominicano.com\/index.php?rest_route=\/wp\/v2\/users\/28"}],"replies":[{"embeddable":true,"href":"https:\/\/diariodominicano.com\/index.php?rest_route=%2Fwp%2Fv2%2Fcomments&post=668377"}],"version-history":[{"count":1,"href":"https:\/\/diariodominicano.com\/index.php?rest_route=\/wp\/v2\/posts\/668377\/revisions"}],"predecessor-version":[{"id":668379,"href":"https:\/\/diariodominicano.com\/index.php?rest_route=\/wp\/v2\/posts\/668377\/revisions\/668379"}],"wp:featuredmedia":[{"embeddable":true,"href":"https:\/\/diariodominicano.com\/index.php?rest_route=\/wp\/v2\/media\/668378"}],"wp:attachment":[{"href":"https:\/\/diariodominicano.com\/index.php?rest_route=%2Fwp%2Fv2%2Fmedia&parent=668377"}],"wp:term":[{"taxonomy":"category","embeddable":true,"href":"https:\/\/diariodominicano.com\/index.php?rest_route=%2Fwp%2Fv2%2Fcategories&post=668377"},{"taxonomy":"post_tag","embeddable":true,"href":"https:\/\/diariodominicano.com\/index.php?rest_route=%2Fwp%2Fv2%2Ftags&post=668377"}],"curies":[{"name":"wp","href":"https:\/\/api.w.org\/{rel}","templated":true}]}}