{"id":668374,"date":"2026-03-05T02:38:20","date_gmt":"2026-03-05T06:38:20","guid":{"rendered":"https:\/\/diariodominicano.com\/?p=668374"},"modified":"2026-03-05T02:38:25","modified_gmt":"2026-03-05T06:38:25","slug":"ataque-a-escuela-irani-reviste-cinismo-absoluto-denuncia-rusia","status":"publish","type":"post","link":"https:\/\/diariodominicano.com\/?p=668374","title":{"rendered":"Ataque a escuela iran\u00ed reviste cinismo absoluto, denuncia Rusia"},"content":{"rendered":"\n<p>Mosc\u00fa, 4 mar (Prensa Latina) El ataque a una escuela iran\u00ed, en el que murieron m\u00e1s de un centenar de ni\u00f1as, demuestra la completa p\u00e9rdida de humanidad de los autores del ataque, afirm\u00f3 hoy la portavoz de la canciller\u00eda rusa, Mar\u00eda Zaj\u00e1rova.<\/p>\n\n\n\n<ul class=\"wp-block-list\">\n<li><a href=\"https:\/\/www.prensa-latina.cu\/2026\/03\/04\/\"><time>marzo 4, 2026 | 04:01<\/time><\/a><\/li>\n<\/ul>\n\n\n\n<ul class=\"wp-block-list\">\n<li><a href=\"https:\/\/www.prensa-latina.cu\/2026\/03\/04\/ataque-a-escuela-irani-reviste-cinismo-absoluto-denuncia-rusia\/#\"><\/a><\/li>\n\n\n\n<li><a href=\"https:\/\/www.prensa-latina.cu\/2026\/03\/04\/ataque-a-escuela-irani-reviste-cinismo-absoluto-denuncia-rusia\/#\"><\/a><\/li>\n\n\n\n<li><a href=\"https:\/\/www.prensa-latina.cu\/2026\/03\/04\/ataque-a-escuela-irani-reviste-cinismo-absoluto-denuncia-rusia\/#\"><\/a><\/li>\n\n\n\n<li><a href=\"https:\/\/www.prensa-latina.cu\/2026\/03\/04\/ataque-a-escuela-irani-reviste-cinismo-absoluto-denuncia-rusia\/#\"><\/a><\/li>\n<\/ul>\n\n\n\n<p>Seg\u00fan la diplom\u00e1tica, la tragedia en el centro de ense\u00f1anza para ni\u00f1as, donde perdieron la vida m\u00e1s de un centenar de estudiantes, demuestra un nivel horrible y extremo de crueldad, cinismo y, por supuesto, deshumanizaci\u00f3n.<\/p>\n\n\n\n<p>Zaj\u00e1rova se\u00f1al\u00f3 la ausencia de alegaciones de que el incidente fue accidental. Seg\u00fan ella, la naturaleza de los ataques en las primeras horas del conflicto indica que fueron planeados y selectivos, y no acciones ca\u00f3ticas durante los combates.<\/p>\n\n\n\n<p>La representante de la agencia se\u00f1al\u00f3 con pesar que ninguno de los perpetradores ni sus simpatizantes reconocieron su error. Zaj\u00e1rova tambi\u00e9n calific\u00f3 de espantoso el silencio absoluto de los medios de comunicaci\u00f3n internacionales sobre la muerte de las colegialas, se\u00f1alando que su dolor simplemente est\u00e1 siendo ignorado.<\/p>\n\n\n\n<p>Zaj\u00e1rova igualmente acus\u00f3 a la presidenta de la Comisi\u00f3n Europea, Ursula von der Leyen, de satanismo por sus comentarios sobre una \u00abnueva esperanza\u00bb para los iran\u00edes tras esta tragedia.<\/p>\n\n\n\n<p>La escuela Shajareh Tayyebeh fue atacada el primer d\u00eda de la escalada del conflicto. El ministro iran\u00ed de Asuntos Exteriores, Abbas Araghchi, anunci\u00f3 la muerte de 171 estudiantes y culp\u00f3 a Estados Unidos e Israel del ataque.<\/p>\n\n\n\n<p>Anteriormente, un representante del Ministerio de Educaci\u00f3n de la naci\u00f3n persa declar\u00f3 que 175 profesores y estudiantes murieron en dos d\u00edas de ataques de Estados Unidos e Israel.<\/p>\n\n\n\n<p>El diplom\u00e1tico Konstantin Dolgov acus\u00f3 a los pa\u00edses occidentales de aplicar un doble rasero en relaci\u00f3n con el ataque a\u00e9reo a la escuela iran\u00ed.<\/p>\n\n\n\n<p>El secretario de Estado de Estados Unidos, Marco Rubio, prometi\u00f3 investigar la posible participaci\u00f3n de tropas estadounidenses en el ataque.<\/p>\n\n\n\n<p>Npg\/gfa<\/p>\n\n\n\n<ul class=\"wp-block-list\">\n<li>#<a href=\"https:\/\/www.prensa-latina.cu\/etiqueta\/absoluto\/\">absoluto<\/a>\u00a0#<a href=\"https:\/\/www.prensa-latina.cu\/etiqueta\/ataque\/\">ataque<\/a>\u00a0#<a href=\"https:\/\/www.prensa-latina.cu\/etiqueta\/cinismo\/\">cinismo<\/a>\u00a0#<a href=\"https:\/\/www.prensa-latina.cu\/etiqueta\/escuela\/\">escuela<\/a>\u00a0#<a href=\"https:\/\/www.prensa-latina.cu\/etiqueta\/irani-3\/\">ir\u00e1n\u00ed<\/a>\u00a0#<a href=\"https:\/\/www.prensa-latina.cu\/etiqueta\/rusia\/\">Rusia<\/a><\/li>\n<\/ul>\n","protected":false},"excerpt":{"rendered":"<p>Mosc\u00fa, 4 mar (Prensa Latina) El ataque a una escuela iran\u00ed, en el que murieron m\u00e1s de un centenar de ni\u00f1as, demuestra la completa p\u00e9rdida de humanidad de los autores del ataque, afirm\u00f3 hoy la portavoz de la canciller\u00eda rusa, Mar\u00eda Zaj\u00e1rova. Seg\u00fan la diplom\u00e1tica, la tragedia en el centro de ense\u00f1anza para ni\u00f1as, donde [&hellip;]<\/p>\n","protected":false},"author":28,"featured_media":668375,"comment_status":"open","ping_status":"closed","sticky":false,"template":"","format":"standard","meta":{"footnotes":""},"categories":[23],"tags":[3560,4967],"class_list":["post-668374","post","type-post","status-publish","format-standard","has-post-thumbnail","hentry","category-internacional","tag-rusia","tag-zajarova"],"_links":{"self":[{"href":"https:\/\/diariodominicano.com\/index.php?rest_route=\/wp\/v2\/posts\/668374","targetHints":{"allow":["GET"]}}],"collection":[{"href":"https:\/\/diariodominicano.com\/index.php?rest_route=\/wp\/v2\/posts"}],"about":[{"href":"https:\/\/diariodominicano.com\/index.php?rest_route=\/wp\/v2\/types\/post"}],"author":[{"embeddable":true,"href":"https:\/\/diariodominicano.com\/index.php?rest_route=\/wp\/v2\/users\/28"}],"replies":[{"embeddable":true,"href":"https:\/\/diariodominicano.com\/index.php?rest_route=%2Fwp%2Fv2%2Fcomments&post=668374"}],"version-history":[{"count":1,"href":"https:\/\/diariodominicano.com\/index.php?rest_route=\/wp\/v2\/posts\/668374\/revisions"}],"predecessor-version":[{"id":668376,"href":"https:\/\/diariodominicano.com\/index.php?rest_route=\/wp\/v2\/posts\/668374\/revisions\/668376"}],"wp:featuredmedia":[{"embeddable":true,"href":"https:\/\/diariodominicano.com\/index.php?rest_route=\/wp\/v2\/media\/668375"}],"wp:attachment":[{"href":"https:\/\/diariodominicano.com\/index.php?rest_route=%2Fwp%2Fv2%2Fmedia&parent=668374"}],"wp:term":[{"taxonomy":"category","embeddable":true,"href":"https:\/\/diariodominicano.com\/index.php?rest_route=%2Fwp%2Fv2%2Fcategories&post=668374"},{"taxonomy":"post_tag","embeddable":true,"href":"https:\/\/diariodominicano.com\/index.php?rest_route=%2Fwp%2Fv2%2Ftags&post=668374"}],"curies":[{"name":"wp","href":"https:\/\/api.w.org\/{rel}","templated":true}]}}