{"id":668340,"date":"2026-03-05T01:49:09","date_gmt":"2026-03-05T05:49:09","guid":{"rendered":"https:\/\/diariodominicano.com\/?p=668340"},"modified":"2026-03-05T01:49:12","modified_gmt":"2026-03-05T05:49:12","slug":"especial-mexico-fortalece-profesionalizacion-en-artes-y-oficios-con-creacion-de-espacio-publico-el-arsenal","status":"publish","type":"post","link":"https:\/\/diariodominicano.com\/?p=668340","title":{"rendered":"Especial: M\u00e9xico fortalece profesionalizaci\u00f3n en artes y oficios con creaci\u00f3n de espacio p\u00fablico El Arsenal"},"content":{"rendered":"\n<p><em>spanish.news.cn<\/em>|<em>&nbsp;2026-03-05 00:36:30<\/em>|<\/p>\n\n\n\n<p>CIUDAD DE MEXICO, 4 marzo, 2026 (Xinhua) &#8212; Imagen del 25 de febrero de 2026 de personas realizando una pr\u00e1ctica en un taller de fotograf\u00eda en el espacio p\u00fablico El Arsenal, en la Ciudad de M\u00e9xico, capital de M\u00e9xico. M\u00e9xico fortalece la formaci\u00f3n y la producci\u00f3n cultural con la reciente creaci\u00f3n de El Arsenal, un espacio p\u00fablico orientado a la profesionalizaci\u00f3n en artes y oficios que ampl\u00eda el acceso a la educaci\u00f3n art\u00edstica, mediante un modelo flexible con un enfoque basado en la experimentaci\u00f3n, la creaci\u00f3n colectiva y el intercambio de saberes. (Xinhua\/Francisco Ca\u00f1edo)<\/p>\n\n\n\n<p>Por Carina L\u00f3pez y Pool Contreras<\/p>\n\n\n\n<p>M\u00c9XICO, 4 mar (Xinhua) &#8212; M\u00e9xico fortalece la formaci\u00f3n y la producci\u00f3n cultural con la reciente creaci\u00f3n de El Arsenal, un espacio p\u00fablico orientado a la profesionalizaci\u00f3n en artes y oficios que ampl\u00eda el acceso a la educaci\u00f3n art\u00edstica, mediante un modelo flexible con un enfoque basado en la experimentaci\u00f3n, la creaci\u00f3n colectiva y el intercambio de saberes.<\/p>\n\n\n\n<figure class=\"wp-block-image size-full\"><img loading=\"lazy\" decoding=\"async\" width=\"1008\" height=\"703\" src=\"https:\/\/diariodominicano.com\/wp-content\/uploads\/2026\/03\/9857511c50e54aebb8007a9adfdded70-1.png\" alt=\"\" class=\"wp-image-668344\" srcset=\"https:\/\/diariodominicano.com\/wp-content\/uploads\/2026\/03\/9857511c50e54aebb8007a9adfdded70-1.png 1008w, https:\/\/diariodominicano.com\/wp-content\/uploads\/2026\/03\/9857511c50e54aebb8007a9adfdded70-1-300x209.png 300w, https:\/\/diariodominicano.com\/wp-content\/uploads\/2026\/03\/9857511c50e54aebb8007a9adfdded70-1-768x536.png 768w, https:\/\/diariodominicano.com\/wp-content\/uploads\/2026\/03\/9857511c50e54aebb8007a9adfdded70-1-816x569.png 816w\" sizes=\"auto, (max-width: 1008px) 100vw, 1008px\" \/><\/figure>\n\n\n\n<p>Dirigido a personas interesadas en desarrollar habilidades creativas en distintos niveles de especializaci\u00f3n, El Arsenal ofrece una estructura modular que permite a los participantes dise\u00f1ar su propia trayectoria formativa en \u00e1reas como artesan\u00edas, artes pl\u00e1sticas y dise\u00f1o, con la posibilidad de acumular cr\u00e9ditos y tener acceso a certificaciones t\u00e9cnicas conforme a su avance acad\u00e9mico.<\/p>\n\n\n\n<p>\u00abEs un espacio dedicado a crear experiencias de formaci\u00f3n en artes y oficios\u00bb, dijo a Xinhua la subdirectora general de Educaci\u00f3n e Investigaci\u00f3n Art\u00edsticas del Instituto Nacional de Bellas Artes y Literatura (INBAL), D\u00e9borah Chenillo Alazraki, quien agreg\u00f3 que acaban de iniciar sus actividades.<\/p>\n\n\n\n<p>\u00abEste espacio est\u00e1 pensado para poder generar una oferta acad\u00e9mica flexible, donde podamos ir a trav\u00e9s de los intereses de la persona, sus necesidades educativas y tambi\u00e9n las trayectorias de formaci\u00f3n de cada una de ellas\u00bb, agreg\u00f3.<\/p>\n\n\n\n<p>Los estudiantes, coment\u00f3, pueden ir generando su propia ruta de aprendizaje, su propio camino, ya sea en cuanto a la adquisici\u00f3n de conocimientos en artes y oficios o hacia la profesionalizaci\u00f3n de los mismos.<\/p>\n\n\n\n<p>Ubicado en las inmediaciones del Bosque de Chapultepec, en la Ciudad de M\u00e9xico, los participantes del centro pueden obtener constancias con valor curricular por cada actividad formativa cursada y acumular cr\u00e9ditos que construyan l\u00edneas de formaci\u00f3n de acuerdo con la experiencia educativa de cada aspirante.<\/p>\n\n\n\n<p>\u00abEl Arsenal es un espacio que busca atender espec\u00edficamente a la formaci\u00f3n en artes y oficios en diferentes niveles, desde la iniciaci\u00f3n y el acercamiento a las diferentes t\u00e9cnicas y procesos que implican oficios relacionados con las artes como una posible profesionalizaci\u00f3n\u00bb, dijo la subdirectora mexicana.<\/p>\n\n\n\n<p>La propuesta reconoce que el talento no responde a un \u00fanico perfil ni a una sola ruta y por ello ofrece una estructura flexible que permite avanzar desde los intereses creativos y las realidades de cada individuo, al articular experiencia, t\u00e9cnica y creaci\u00f3n en procesos formativos sostenidos.<\/p>\n\n\n\n<p>\u00abCreo que el hecho de una curr\u00edcula flexible permite, por ejemplo, que puedas venir en un horario de ma\u00f1ana o de tarde, que no tengas que tener una curr\u00edcula progresiva, que tengas que dedicar tiempo completo al programa educativo y que puedas venir y tomar un m\u00f3dulo, pero guardamos los cr\u00e9ditos correspondientes y luego puedes volver\u00bb, detall\u00f3 Chenillo Alazraki.<\/p>\n\n\n\n<p>\u00abEsto facilita mucho el perfil de la poblaci\u00f3n que quiere profesionalizarse y que, por cuestiones laborales o personales, no puede hacerlo en este sentido\u00bb, complement\u00f3.<\/p>\n\n\n\n<p>El Arsenal ofrece tambi\u00e9n talleres de iniciaci\u00f3n en cer\u00e1mica, dise\u00f1o, encuadernaci\u00f3n, formaci\u00f3n art\u00edstica, estampado, esmaltes, escenograf\u00eda, fotograf\u00eda, joyer\u00eda, textil, vestuario y vitral, entre otros.<\/p>\n\n\n\n<p>Esta estructura brinda un primer acercamiento a materiales, t\u00e9cnicas y din\u00e1micas de trabajo, sentando las bases para trayectos formativos m\u00e1s amplios.<\/p>\n\n\n\n<p>Posteriormente, se incorporar\u00e1n talleres de especializaci\u00f3n, as\u00ed como pr\u00e1cticas art\u00edsticas y procesos de investigaci\u00f3n que articulan el trabajo de los talleres con su contexto social y comunitario.<\/p>\n\n\n\n<p>La puesta en marcha de este proyecto contempla la colaboraci\u00f3n de diversas escuelas de nivel superior del INBAL, as\u00ed como de la Secci\u00f3n de Ense\u00f1anzas Art\u00edsticas, instancia con 80 a\u00f1os de trayectoria en la ense\u00f1anza de las artes visuales.<\/p>\n\n\n\n<p>\u00abCreo que es un momento importante de reflexi\u00f3n de los modelos educativos en general y creo que en el arte eso tambi\u00e9n se refleja. Creo tambi\u00e9n que las complejidades del mundo que nos rodea nos obligan a repensar y no es que una cosa sustituya a la otra. Lo que yo creo es que deben existir las dos opciones\u00bb, agreg\u00f3 la funcionaria.<\/p>\n\n\n\n<p>La mexicana Ana Patricia Lassi, quien desde hace a\u00f1os se dedica al trabajo artesanal, decidi\u00f3 integrarse como alumna de El Arsenal, atra\u00edda por la posibilidad de ampliar su preparaci\u00f3n y fortalecer sus conocimientos en t\u00e9cnicas y procesos vinculados a los oficios art\u00edsticos.<\/p>\n\n\n\n<p>\u00abVale totalmente la pena, van a aprender mucho, tienen todo el material, todas las herramientas, el acceso a todo, al conocimiento, todo es impresionante. Llevamos tres d\u00edas y ya hicimos dos trabajos. Es mucha la experiencia, mucha pr\u00e1ctica; sobre todo, te concentras en la pr\u00e1ctica y eso est\u00e1 incre\u00edble. Es una gran oportunidad\u00bb, expres\u00f3 Lassi.<\/p>\n\n\n\n<p>La nueva instituci\u00f3n educativa es parte del proyecto integral de formaci\u00f3n art\u00edstica de la Secretar\u00eda (Ministerio) de Cultura del Gobierno de M\u00e9xico, que fortalece a todas las escuelas del INBAL y del Instituto Nacional de Antropolog\u00eda e Historia (INAH) para ofrecer educaci\u00f3n gratuita y de alta calidad.<\/p>\n\n\n\n<figure class=\"wp-block-image\"><img decoding=\"async\" src=\"https:\/\/spanish.xinhuanet.com\/20260305\/7875ba7704b54f2f9386a430dce09850\/545d899dcf014415aed43d253a42786e.jpg\" alt=\"\"\/><\/figure>\n\n\n\n<p>CIUDAD DE MEXICO, 4 marzo, 2026 (Xinhua) &#8212; Imagen del 25 de febrero de 2026 de una mujer realizando una pr\u00e1ctica en un taller en el espacio p\u00fablico El Arsenal, en la Ciudad de M\u00e9xico, capital de M\u00e9xico. M\u00e9xico fortalece la formaci\u00f3n y la producci\u00f3n cultural con la reciente creaci\u00f3n de El Arsenal, un espacio p\u00fablico orientado a la profesionalizaci\u00f3n en artes y oficios que ampl\u00eda el acceso a la educaci\u00f3n art\u00edstica, mediante un modelo flexible con un enfoque basado en la experimentaci\u00f3n, la creaci\u00f3n colectiva y el intercambio de saberes. (Xinhua\/Francisco Ca\u00f1edo)<\/p>\n\n\n\n<figure class=\"wp-block-image\"><img decoding=\"async\" src=\"https:\/\/spanish.xinhuanet.com\/20260305\/7875ba7704b54f2f9386a430dce09850\/6dcc6358b77646ebbb19f48eefbf28a5.jpg\" alt=\"\"\/><\/figure>\n\n\n\n<p>CIUDAD DE MEXICO, 4 marzo, 2026 (Xinhua) &#8212; Imagen del 25 de febrero de 2026 de una mujer realizando un tejido en un taller en el espacio p\u00fablico El Arsenal, en la Ciudad de M\u00e9xico, capital de M\u00e9xico. M\u00e9xico fortalece la formaci\u00f3n y la producci\u00f3n cultural con la reciente creaci\u00f3n de El Arsenal, un espacio p\u00fablico orientado a la profesionalizaci\u00f3n en artes y oficios que ampl\u00eda el acceso a la educaci\u00f3n art\u00edstica, mediante un modelo flexible con un enfoque basado en la experimentaci\u00f3n, la creaci\u00f3n colectiva y el intercambio de saberes. (Xinhua\/Francisco Ca\u00f1edo)<\/p>\n\n\n\n<figure class=\"wp-block-image\"><img decoding=\"async\" src=\"https:\/\/spanish.xinhuanet.com\/20260305\/7875ba7704b54f2f9386a430dce09850\/c64cbff6752c48f1ac3d7674a9245848.jpg\" alt=\"\"\/><\/figure>\n\n\n\n<p>CIUDAD DE MEXICO, 4 marzo, 2026 (Xinhua) &#8212; Imagen del 25 de febrero de 2026 de mujeres realizando una pr\u00e1ctica en un taller en el espacio p\u00fablico El Arsenal, en la Ciudad de M\u00e9xico, capital de M\u00e9xico. M\u00e9xico fortalece la formaci\u00f3n y la producci\u00f3n cultural con la reciente creaci\u00f3n de El Arsenal, un espacio p\u00fablico orientado a la profesionalizaci\u00f3n en artes y oficios que ampl\u00eda el acceso a la educaci\u00f3n art\u00edstica, mediante un modelo flexible con un enfoque basado en la experimentaci\u00f3n, la creaci\u00f3n colectiva y el intercambio de saberes. (Xinhua\/Francisco Ca\u00f1edo)<\/p>\n\n\n\n<p><a href=\"https:\/\/www.facebook.com\/sharer\/sharer.php?u=https:\/\/spanish.xinhuanet.com\/20260305\/7875ba7704b54f2f9386a430dce09850\/c.html\" target=\"_blank\" rel=\"noreferrer noopener\"><\/a>&nbsp;<a href=\"https:\/\/twitter.com\/intent\/tweet?text=Especial:%20M%C3%A9xico%20fortalece%20profesionalizaci%C3%B3n%20en%20artes%20y%20oficios%20con%20creaci%C3%B3n%20de%20espacio%20p%C3%BAblico%20El%20Arsenal&amp;url=https:\/\/spanish.xinhuanet.com\/20260305\/7875ba7704b54f2f9386a430dce09850\/c.html\" target=\"_blank\" rel=\"noreferrer noopener\"><\/a>&nbsp;<a target=\"_blank\" href=\"https:\/\/service.weibo.com\/share\/share.php?title=Especial:%20M%C3%A9xico%20fortalece%20profesionalizaci%C3%B3n%20en%20artes%20y%20oficios%20con%20creaci%C3%B3n%20de%20espacio%20p%C3%BAblico%20El%20Arsenal&amp;url=https:\/\/spanish.xinhuanet.com\/20260305\/7875ba7704b54f2f9386a430dce09850\/c.html\" rel=\"noreferrer noopener\"><\/a>&nbsp;<a><\/a><\/p>\n\n\n\n<figure class=\"wp-block-image\"><img decoding=\"async\" src=\"https:\/\/imgs.news.cn\/res\/xhwimg\/spanish\/20170522\/img\/jc-xfa.png\" alt=\"\"\/><\/figure>\n","protected":false},"excerpt":{"rendered":"<p>spanish.news.cn|&nbsp;2026-03-05 00:36:30| CIUDAD DE MEXICO, 4 marzo, 2026 (Xinhua) &#8212; Imagen del 25 de febrero de 2026 de personas realizando una pr\u00e1ctica en un taller de fotograf\u00eda en el espacio p\u00fablico El Arsenal, en la Ciudad de M\u00e9xico, capital de M\u00e9xico. M\u00e9xico fortalece la formaci\u00f3n y la producci\u00f3n cultural con la reciente creaci\u00f3n de El [&hellip;]<\/p>\n","protected":false},"author":28,"featured_media":668345,"comment_status":"open","ping_status":"closed","sticky":false,"template":"","format":"standard","meta":{"footnotes":""},"categories":[18],"tags":[4962,246],"class_list":["post-668340","post","type-post","status-publish","format-standard","has-post-thumbnail","hentry","category-economia","tag-espacio-publico-el-arsenal","tag-mexico"],"_links":{"self":[{"href":"https:\/\/diariodominicano.com\/index.php?rest_route=\/wp\/v2\/posts\/668340","targetHints":{"allow":["GET"]}}],"collection":[{"href":"https:\/\/diariodominicano.com\/index.php?rest_route=\/wp\/v2\/posts"}],"about":[{"href":"https:\/\/diariodominicano.com\/index.php?rest_route=\/wp\/v2\/types\/post"}],"author":[{"embeddable":true,"href":"https:\/\/diariodominicano.com\/index.php?rest_route=\/wp\/v2\/users\/28"}],"replies":[{"embeddable":true,"href":"https:\/\/diariodominicano.com\/index.php?rest_route=%2Fwp%2Fv2%2Fcomments&post=668340"}],"version-history":[{"count":1,"href":"https:\/\/diariodominicano.com\/index.php?rest_route=\/wp\/v2\/posts\/668340\/revisions"}],"predecessor-version":[{"id":668346,"href":"https:\/\/diariodominicano.com\/index.php?rest_route=\/wp\/v2\/posts\/668340\/revisions\/668346"}],"wp:featuredmedia":[{"embeddable":true,"href":"https:\/\/diariodominicano.com\/index.php?rest_route=\/wp\/v2\/media\/668345"}],"wp:attachment":[{"href":"https:\/\/diariodominicano.com\/index.php?rest_route=%2Fwp%2Fv2%2Fmedia&parent=668340"}],"wp:term":[{"taxonomy":"category","embeddable":true,"href":"https:\/\/diariodominicano.com\/index.php?rest_route=%2Fwp%2Fv2%2Fcategories&post=668340"},{"taxonomy":"post_tag","embeddable":true,"href":"https:\/\/diariodominicano.com\/index.php?rest_route=%2Fwp%2Fv2%2Ftags&post=668340"}],"curies":[{"name":"wp","href":"https:\/\/api.w.org\/{rel}","templated":true}]}}