{"id":668319,"date":"2026-03-05T00:42:17","date_gmt":"2026-03-05T04:42:17","guid":{"rendered":"https:\/\/diariodominicano.com\/?p=668319"},"modified":"2026-03-05T00:42:28","modified_gmt":"2026-03-05T04:42:28","slug":"vuelo-charter-del-departamento-de-estado-sale-de-oriente-medio-hacia-estados-unidos","status":"publish","type":"post","link":"https:\/\/diariodominicano.com\/?p=668319","title":{"rendered":"Vuelo ch\u00e1rter del Departamento de Estado sale de Oriente Medio hacia Estados Unidos"},"content":{"rendered":"\n<p>4 de marzo de 2026<\/p>\n\n\n\n<p>Hoy, un vuelo ch\u00e1rter del Departamento de Estado con ciudadanos estadounidenses parti\u00f3 de Oriente Medio con destino a Estados Unidos como parte de los esfuerzos estadounidenses continuos para facilitar el regreso de los estadounidenses a casa, inform\u00f3 la Oficina del Portavoz del Departamento de Estado.<\/p>\n\n\n\n<p>. Se incrementar\u00e1n los vuelos adicionales en toda la regi\u00f3n. Los ciudadanos estadounidenses en los Emiratos \u00c1rabes Unidos, Catar, Arabia Saudita e Israel interesados \u200b\u200ben las opciones de vuelo ch\u00e1rter o transporte terrestre del Departamento deben completar el Formulario de Admisi\u00f3n de Crisis en\u00a0<a href=\"https:\/\/links-2.govdelivery.com\/CL0\/https:%2F%2Fmytravel.state.gov%2Fs%2Fcrisis-intake\/1\/0101019cbb88e55a-6e3969e2-a6e2-4892-9ed2-d2ff716be652-000000\/7IGH_fIBxv3ttOyBjGxJrDoRBOElge8pUM-MRYs28wk=447\" target=\"_blank\" rel=\"noreferrer noopener\">mytravel.state.gov\/s\/crisis-intake<\/a>\u00a0o comunicarse con el Grupo de Trabajo 24\/7 del Departamento de Estado al +1-202-501-4444.<\/p>\n\n\n\n<p>Por motivos de seguridad operativa, no se divulgar\u00e1 en este momento informaci\u00f3n adicional sobre las operaciones de transporte en curso, precisa el comunicado de prensa de la Oficina del Portavoz del Departamento de Estado.<\/p>\n\n\n\n<p>U.S. Department of State<\/p>\n\n\n\n<p><a target=\"_blank\" href=\"mailto:usstatebpa@public.govdelivery.com\" rel=\"noreferrer noopener\">usstatebpa@public.govdelivery.com<\/a><\/p>\n","protected":false},"excerpt":{"rendered":"<p>4 de marzo de 2026 Hoy, un vuelo ch\u00e1rter del Departamento de Estado con ciudadanos estadounidenses parti\u00f3 de Oriente Medio con destino a Estados Unidos como parte de los esfuerzos estadounidenses continuos para facilitar el regreso de los estadounidenses a casa, inform\u00f3 la Oficina del Portavoz del Departamento de Estado. . Se incrementar\u00e1n los vuelos [&hellip;]<\/p>\n","protected":false},"author":28,"featured_media":667989,"comment_status":"open","ping_status":"closed","sticky":false,"template":"","format":"standard","meta":{"footnotes":""},"categories":[23,27],"tags":[3496,4536],"class_list":["post-668319","post","type-post","status-publish","format-standard","has-post-thumbnail","hentry","category-internacional","category-portada","tag-estados-unidos","tag-medio-oriente"],"_links":{"self":[{"href":"https:\/\/diariodominicano.com\/index.php?rest_route=\/wp\/v2\/posts\/668319","targetHints":{"allow":["GET"]}}],"collection":[{"href":"https:\/\/diariodominicano.com\/index.php?rest_route=\/wp\/v2\/posts"}],"about":[{"href":"https:\/\/diariodominicano.com\/index.php?rest_route=\/wp\/v2\/types\/post"}],"author":[{"embeddable":true,"href":"https:\/\/diariodominicano.com\/index.php?rest_route=\/wp\/v2\/users\/28"}],"replies":[{"embeddable":true,"href":"https:\/\/diariodominicano.com\/index.php?rest_route=%2Fwp%2Fv2%2Fcomments&post=668319"}],"version-history":[{"count":1,"href":"https:\/\/diariodominicano.com\/index.php?rest_route=\/wp\/v2\/posts\/668319\/revisions"}],"predecessor-version":[{"id":668322,"href":"https:\/\/diariodominicano.com\/index.php?rest_route=\/wp\/v2\/posts\/668319\/revisions\/668322"}],"wp:featuredmedia":[{"embeddable":true,"href":"https:\/\/diariodominicano.com\/index.php?rest_route=\/wp\/v2\/media\/667989"}],"wp:attachment":[{"href":"https:\/\/diariodominicano.com\/index.php?rest_route=%2Fwp%2Fv2%2Fmedia&parent=668319"}],"wp:term":[{"taxonomy":"category","embeddable":true,"href":"https:\/\/diariodominicano.com\/index.php?rest_route=%2Fwp%2Fv2%2Fcategories&post=668319"},{"taxonomy":"post_tag","embeddable":true,"href":"https:\/\/diariodominicano.com\/index.php?rest_route=%2Fwp%2Fv2%2Ftags&post=668319"}],"curies":[{"name":"wp","href":"https:\/\/api.w.org\/{rel}","templated":true}]}}