{"id":668304,"date":"2026-03-05T00:15:39","date_gmt":"2026-03-05T04:15:39","guid":{"rendered":"https:\/\/diariodominicano.com\/?p=668304"},"modified":"2026-03-05T00:15:44","modified_gmt":"2026-03-05T04:15:44","slug":"cuba-tilda-de-arbitraria-e-injustificada-decision-de-ecuador","status":"publish","type":"post","link":"https:\/\/diariodominicano.com\/?p=668304","title":{"rendered":"Cuba tilda de arbitraria e injustificada decisi\u00f3n de Ecuador"},"content":{"rendered":"\n<figure class=\"wp-block-image\"><img decoding=\"async\" src=\"https:\/\/www.prensa-latina.cu\/wp-content\/uploads\/2026\/03\/comunicado-minrex-1.jpg\" alt=\"\" class=\"wp-image-1715199\"\/><\/figure>\n\n\n\n<p>La Habana, 4 mar (Prensa Latina) El Gobierno de Cuba rechaz\u00f3 hoy \u201cen los t\u00e9rminos m\u00e1s en\u00e9rgicos\u201d la decisi\u00f3n de Ecuador de expulsar a la misi\u00f3n diplom\u00e1tica de la isla, una medida calificada como \u201carbitraria e injustificada\u201d.<\/p>\n\n\n\n<ul class=\"wp-block-list\">\n<li><a href=\"https:\/\/www.prensa-latina.cu\/2026\/03\/04\/\"><time>marzo 4, 2026 | 18:11<\/time><\/a><\/li>\n<\/ul>\n\n\n\n<ul class=\"wp-block-list\">\n<li><a href=\"https:\/\/www.prensa-latina.cu\/2026\/03\/04\/cuba-tilda-de-arbitraria-e-injustificada-decision-de-ecuador\/#\"><\/a><\/li>\n\n\n\n<li><a href=\"https:\/\/www.prensa-latina.cu\/2026\/03\/04\/cuba-tilda-de-arbitraria-e-injustificada-decision-de-ecuador\/#\"><\/a><\/li>\n\n\n\n<li><a href=\"https:\/\/www.prensa-latina.cu\/2026\/03\/04\/cuba-tilda-de-arbitraria-e-injustificada-decision-de-ecuador\/#\"><\/a><\/li>\n\n\n\n<li><a href=\"https:\/\/www.prensa-latina.cu\/2026\/03\/04\/cuba-tilda-de-arbitraria-e-injustificada-decision-de-ecuador\/#\"><\/a><\/li>\n<\/ul>\n\n\n\n<p>Mediante un comunicado, la canciller\u00eda cubana cuestion\u00f3 la determinaci\u00f3n de Quito de exigir la salida en un plazo de 48 horas del personal de la Embajada de la naci\u00f3n caribe\u00f1a \u201csin aportar argumento alguno\u201d..<\/p>\n\n\n\n<p>\u201cSe trata de un acto inamistoso y sin precedentes, que da\u00f1a significativamente las hist\u00f3ricas relaciones de amistad y cooperaci\u00f3n entre ambos pa\u00edses y pueblos\u201d, asever\u00f3 el Ministerio cubano de Relaciones Exteriores.<\/p>\n\n\n\n<p>De acuerdo con La Habana, \u201cesta acci\u00f3n demuestra, adem\u00e1s, el desprecio del actual gobierno de Ecuador por las pr\u00e1cticas y cortes\u00edas diplom\u00e1ticas observadas por la comunidad internacional\u201d.<\/p>\n\n\n\n<p>El gobierno de Cuba asegur\u00f3 que su personal en Quito, tal como establece la Convenci\u00f3n de Viena sobre Relaciones Diplom\u00e1ticas de 1961, ha cumplido estrictamente con el respeto a las leyes y reglamentos del Ecuador sin inmiscuirse en los asuntos internos de ese Estado.<\/p>\n\n\n\n<p>\u201cNo parece casual que haya sido tomada en un contexto caracterizado por el reforzamiento de la agresi\u00f3n de los Estados Unidos contra Cuba y de las fuertes presiones del gobierno de ese pa\u00eds a terceros Estados para que se sumen a esa pol\u00edtica, a escasos d\u00edas de la Cumbre que ha sido convocada en Miami\u201d, agreg\u00f3 el comunicado.<\/p>\n\n\n\n<p>El texto se refiere al encuentro previsto el 7 de marzo venidero entre el presidente de Estados Unidos, Donald Trump, con un grupo reducido de representantes de gobiernos de la regi\u00f3n.<\/p>\n\n\n\n<p>\u201cCuba est\u00e1 convencida de que el pueblo ecuatoriano sabr\u00e1 defender los lazos de solidaridad y hermandad con Cuba\u201d, subray\u00f3 el pronunciamiento oficial.<\/p>\n\n\n\n<p>ga\/avr<\/p>\n\n\n\n<ul class=\"wp-block-list\">\n<li>#<a href=\"https:\/\/www.prensa-latina.cu\/etiqueta\/cuba\/\">cuba<\/a>\u00a0#<a href=\"https:\/\/www.prensa-latina.cu\/etiqueta\/ecuador\/\">Ecuador<\/a><\/li>\n<\/ul>\n","protected":false},"excerpt":{"rendered":"<p>La Habana, 4 mar (Prensa Latina) El Gobierno de Cuba rechaz\u00f3 hoy \u201cen los t\u00e9rminos m\u00e1s en\u00e9rgicos\u201d la decisi\u00f3n de Ecuador de expulsar a la misi\u00f3n diplom\u00e1tica de la isla, una medida calificada como \u201carbitraria e injustificada\u201d. Mediante un comunicado, la canciller\u00eda cubana cuestion\u00f3 la determinaci\u00f3n de Quito de exigir la salida en un plazo [&hellip;]<\/p>\n","protected":false},"author":28,"featured_media":666542,"comment_status":"open","ping_status":"closed","sticky":false,"template":"","format":"standard","meta":{"footnotes":""},"categories":[23],"tags":[3100,1239],"class_list":["post-668304","post","type-post","status-publish","format-standard","has-post-thumbnail","hentry","category-internacional","tag-cuba","tag-ecuador"],"_links":{"self":[{"href":"https:\/\/diariodominicano.com\/index.php?rest_route=\/wp\/v2\/posts\/668304","targetHints":{"allow":["GET"]}}],"collection":[{"href":"https:\/\/diariodominicano.com\/index.php?rest_route=\/wp\/v2\/posts"}],"about":[{"href":"https:\/\/diariodominicano.com\/index.php?rest_route=\/wp\/v2\/types\/post"}],"author":[{"embeddable":true,"href":"https:\/\/diariodominicano.com\/index.php?rest_route=\/wp\/v2\/users\/28"}],"replies":[{"embeddable":true,"href":"https:\/\/diariodominicano.com\/index.php?rest_route=%2Fwp%2Fv2%2Fcomments&post=668304"}],"version-history":[{"count":1,"href":"https:\/\/diariodominicano.com\/index.php?rest_route=\/wp\/v2\/posts\/668304\/revisions"}],"predecessor-version":[{"id":668305,"href":"https:\/\/diariodominicano.com\/index.php?rest_route=\/wp\/v2\/posts\/668304\/revisions\/668305"}],"wp:featuredmedia":[{"embeddable":true,"href":"https:\/\/diariodominicano.com\/index.php?rest_route=\/wp\/v2\/media\/666542"}],"wp:attachment":[{"href":"https:\/\/diariodominicano.com\/index.php?rest_route=%2Fwp%2Fv2%2Fmedia&parent=668304"}],"wp:term":[{"taxonomy":"category","embeddable":true,"href":"https:\/\/diariodominicano.com\/index.php?rest_route=%2Fwp%2Fv2%2Fcategories&post=668304"},{"taxonomy":"post_tag","embeddable":true,"href":"https:\/\/diariodominicano.com\/index.php?rest_route=%2Fwp%2Fv2%2Ftags&post=668304"}],"curies":[{"name":"wp","href":"https:\/\/api.w.org\/{rel}","templated":true}]}}