{"id":668281,"date":"2026-03-04T23:58:37","date_gmt":"2026-03-05T03:58:37","guid":{"rendered":"https:\/\/diariodominicano.com\/?p=668281"},"modified":"2026-03-05T00:09:25","modified_gmt":"2026-03-05T04:09:25","slug":"gagama-un-film-que-se-estreno-en-valencia-que-te-conecta-con-una-literatura-visual","status":"publish","type":"post","link":"https:\/\/diariodominicano.com\/?p=668281","title":{"rendered":"\u00abGAGAMA\u00bb un Film que se estreno en Valencia, que te conecta con una Literatura Visual"},"content":{"rendered":"\n<p>El Cine busca unir a la humanidad con historias que pueden ser producidas con diferentes estilos visuales, en nuestra ciudad se est\u00e1 creando una movida del Cine<\/p>\n\n\n\n<p>En la ciudad de Valencia se realiz\u00f3 el estreno del mediometraje \u00bb GAGAMA \u00bb en los espacios del Cine Arte \u00bb Patio Trigal \u00bb como proyecto de grado de los estudiantes de Comunicaci\u00f3n Social de la Universidad \u00bb Arturo Michelena \u00ab.<\/p>\n\n\n\n<p>En este encuentro fue gratificante desde la llegada a la sala hasta el final de la proyecci\u00f3n en la alfombra Roja, tomarse fotos y tener ese contacto en vivo con su crew muy motivador para los asistentes que aman El Cine.<\/p>\n\n\n\n<figure class=\"wp-block-gallery has-nested-images columns-default is-cropped wp-block-gallery-1 is-layout-flex wp-block-gallery-is-layout-flex\">\n<figure class=\"wp-block-image size-large\"><img loading=\"lazy\" decoding=\"async\" width=\"1024\" height=\"769\" data-id=\"668300\" src=\"https:\/\/diariodominicano.com\/wp-content\/uploads\/2026\/03\/GAGAMA-un-Film-que-se-estreno-en-Valencia-que-te-conecta-con-una-Literatura-Visual-3-1024x769.jpg\" alt=\"\" class=\"wp-image-668300\" srcset=\"https:\/\/diariodominicano.com\/wp-content\/uploads\/2026\/03\/GAGAMA-un-Film-que-se-estreno-en-Valencia-que-te-conecta-con-una-Literatura-Visual-3-1024x769.jpg 1024w, https:\/\/diariodominicano.com\/wp-content\/uploads\/2026\/03\/GAGAMA-un-Film-que-se-estreno-en-Valencia-que-te-conecta-con-una-Literatura-Visual-3-300x225.jpg 300w, https:\/\/diariodominicano.com\/wp-content\/uploads\/2026\/03\/GAGAMA-un-Film-que-se-estreno-en-Valencia-que-te-conecta-con-una-Literatura-Visual-3-768x577.jpg 768w, https:\/\/diariodominicano.com\/wp-content\/uploads\/2026\/03\/GAGAMA-un-Film-que-se-estreno-en-Valencia-que-te-conecta-con-una-Literatura-Visual-3-816x613.jpg 816w, https:\/\/diariodominicano.com\/wp-content\/uploads\/2026\/03\/GAGAMA-un-Film-que-se-estreno-en-Valencia-que-te-conecta-con-una-Literatura-Visual-3.jpg 1200w\" sizes=\"auto, (max-width: 1024px) 100vw, 1024px\" \/><\/figure>\n\n\n\n<figure class=\"wp-block-image size-large\"><img loading=\"lazy\" decoding=\"async\" width=\"1024\" height=\"768\" data-id=\"668299\" src=\"https:\/\/diariodominicano.com\/wp-content\/uploads\/2026\/03\/GAGAMA-un-Film-que-se-estreno-en-Valencia-que-te-conecta-con-una-Literatura-Visual-2-1024x768.jpg\" alt=\"\" class=\"wp-image-668299\" srcset=\"https:\/\/diariodominicano.com\/wp-content\/uploads\/2026\/03\/GAGAMA-un-Film-que-se-estreno-en-Valencia-que-te-conecta-con-una-Literatura-Visual-2-1024x768.jpg 1024w, https:\/\/diariodominicano.com\/wp-content\/uploads\/2026\/03\/GAGAMA-un-Film-que-se-estreno-en-Valencia-que-te-conecta-con-una-Literatura-Visual-2-300x225.jpg 300w, https:\/\/diariodominicano.com\/wp-content\/uploads\/2026\/03\/GAGAMA-un-Film-que-se-estreno-en-Valencia-que-te-conecta-con-una-Literatura-Visual-2-768x576.jpg 768w, https:\/\/diariodominicano.com\/wp-content\/uploads\/2026\/03\/GAGAMA-un-Film-que-se-estreno-en-Valencia-que-te-conecta-con-una-Literatura-Visual-2-816x612.jpg 816w, https:\/\/diariodominicano.com\/wp-content\/uploads\/2026\/03\/GAGAMA-un-Film-que-se-estreno-en-Valencia-que-te-conecta-con-una-Literatura-Visual-2.jpg 1200w\" sizes=\"auto, (max-width: 1024px) 100vw, 1024px\" \/><\/figure>\n<\/figure>\n\n\n\n<p>Cabe destacar que GAGAMA\u00bb es una historia que se inspir\u00f3 en tres cuentos de Gabriel Garc\u00eda M\u00e1rquez: Di\u00e1logo frente al espejo, La mujer que llegaba a las seis y Ojos de perro azul.<\/p>\n\n\n\n<p>Asimismo la puesta en escena te atrapa desde que inicia donde se destaca excelente actuaciones, montaje, m\u00fasica y fotograf\u00eda.<\/p>\n\n\n\n<p>el crew esta conformado<\/p>\n\n\n\n<p>Luis Felipe Silva<br>Director<\/p>\n\n\n\n<p>Natalia Silva<br>guionista y productora<\/p>\n\n\n\n<p>Amira jorge<br>camar\u00f3grafa y filmaker<\/p>\n\n\n\n<p>Andr\u00e9 Rojas<br>director de arte y fotograf\u00eda<\/p>\n\n\n\n<p>Juan G\u00f3mez<br>sonidista y director creativo<\/p>\n\n\n\n<p>Hilary Amaya<br>Relaciones P\u00fablicas<\/p>\n\n\n\n<p>Carlos Colombo (compositor y encargado de la banda sonora fue el tutor de la Tesis<\/p>\n\n\n\n<p>Este vendr\u00eda siendo el equipo original de tesis<\/p>\n\n\n\n<p>El equipo de actores est\u00e1 conformado por:<\/p>\n\n\n\n<p>Luis Jammoul<br>Jos\u00e9 Alb\u00e1n Torres<br>Jinely alvarado<br>Paola Le\u00f3n<br>Christian Cosse Estopi\u00f1an<\/p>\n\n\n\n<p>Cruz G\u00f3mez<br>Montaje<\/p>\n\n\n\n<p>Mart\u00edn Noguera Asistencia de Direcci\u00f3n<\/p>\n\n\n\n<p>Para finalizar su Director Luis Felipe junto con sus compa\u00f1eros dieron palabra donde se destac\u00f3 el desaf\u00edo de hacer Cine en el pa\u00eds, pero que apesar de los obst\u00e1culos Sigan adelante.<\/p>\n\n\n\n<p>Sigan intentando para lograr sus Sue\u00f1os.<\/p>\n\n\n\n<p>Puedes seguirlos<br>@gagamafilm<\/p>\n","protected":false},"excerpt":{"rendered":"<p>El Cine busca unir a la humanidad con historias que pueden ser producidas con diferentes estilos visuales, en nuestra ciudad se est\u00e1 creando una movida del Cine En la ciudad de Valencia se realiz\u00f3 el estreno del mediometraje \u00bb GAGAMA \u00bb en los espacios del Cine Arte \u00bb Patio Trigal \u00bb como proyecto de grado [&hellip;]<\/p>\n","protected":false},"author":7,"featured_media":668301,"comment_status":"closed","ping_status":"closed","sticky":false,"template":"","format":"standard","meta":{"footnotes":""},"categories":[21],"tags":[4956,170],"class_list":["post-668281","post","type-post","status-publish","format-standard","has-post-thumbnail","hentry","category-cultura","tag-gagama","tag-valencia"],"_links":{"self":[{"href":"https:\/\/diariodominicano.com\/index.php?rest_route=\/wp\/v2\/posts\/668281","targetHints":{"allow":["GET"]}}],"collection":[{"href":"https:\/\/diariodominicano.com\/index.php?rest_route=\/wp\/v2\/posts"}],"about":[{"href":"https:\/\/diariodominicano.com\/index.php?rest_route=\/wp\/v2\/types\/post"}],"author":[{"embeddable":true,"href":"https:\/\/diariodominicano.com\/index.php?rest_route=\/wp\/v2\/users\/7"}],"replies":[{"embeddable":true,"href":"https:\/\/diariodominicano.com\/index.php?rest_route=%2Fwp%2Fv2%2Fcomments&post=668281"}],"version-history":[{"count":1,"href":"https:\/\/diariodominicano.com\/index.php?rest_route=\/wp\/v2\/posts\/668281\/revisions"}],"predecessor-version":[{"id":668302,"href":"https:\/\/diariodominicano.com\/index.php?rest_route=\/wp\/v2\/posts\/668281\/revisions\/668302"}],"wp:featuredmedia":[{"embeddable":true,"href":"https:\/\/diariodominicano.com\/index.php?rest_route=\/wp\/v2\/media\/668301"}],"wp:attachment":[{"href":"https:\/\/diariodominicano.com\/index.php?rest_route=%2Fwp%2Fv2%2Fmedia&parent=668281"}],"wp:term":[{"taxonomy":"category","embeddable":true,"href":"https:\/\/diariodominicano.com\/index.php?rest_route=%2Fwp%2Fv2%2Fcategories&post=668281"},{"taxonomy":"post_tag","embeddable":true,"href":"https:\/\/diariodominicano.com\/index.php?rest_route=%2Fwp%2Fv2%2Ftags&post=668281"}],"curies":[{"name":"wp","href":"https:\/\/api.w.org\/{rel}","templated":true}]}}