{"id":668259,"date":"2026-03-04T15:02:27","date_gmt":"2026-03-04T19:02:27","guid":{"rendered":"https:\/\/diariodominicano.com\/?p=668259"},"modified":"2026-03-04T15:02:30","modified_gmt":"2026-03-04T19:02:30","slug":"abancord-juramenta-junta-directiva-2026-2028-con-enfoque-en-estabilidad-e-inclusion-financiera","status":"publish","type":"post","link":"https:\/\/diariodominicano.com\/?p=668259","title":{"rendered":"Abancord juramenta junta directiva 2026\u20132028 con enfoque en estabilidad e inclusi\u00f3n financiera\u00a0"},"content":{"rendered":"\n<p><strong><em>La directiva entrante centrar\u00e1 su gesti\u00f3n en fortalecer la inclusi\u00f3n financiera, respaldar a las mipymes y consolidar pr\u00e1cticas de gobernanza en el sector.<\/em><\/strong><\/p>\n\n\n\n<p><strong>Santo Domingo, Rep\u00fablica Dominicana. &#8211;&nbsp;La Asociaci\u00f3n de Bancos de Ahorro y Cr\u00e9dito y Corporaciones de Cr\u00e9dito (Abancord) jurament\u00f3 su nueva junta directiva para el per\u00edodo 2026\u20132028 durante su Asamblea General Ordinaria, en la que se definieron las l\u00edneas estrat\u00e9gicas orientadas a fortalecer la estabilidad, la innovaci\u00f3n y las buenas pr\u00e1cticas del sector.<\/strong><\/p>\n\n\n\n<p><strong>En el proceso institucional fue reelecta como presidenta ejecutiva Cristina De Castro, quien asumir\u00e1 la responsabilidad de reforzar la representaci\u00f3n gremial y promover el desarrollo sostenible de los bancos de ahorro y cr\u00e9dito en la Rep\u00fablica Dominicana.<\/strong><\/p>\n\n\n\n<p><strong>La directiva estar\u00e1 integrada por Silvestre Aybar Mota, del Banco de Ahorro y Cr\u00e9dito Confisa, como primer vicepresidente, y Cristian Reyna Tejeda, del Banco de Ahorro y Cr\u00e9dito Banfondesa, como segundo vicepresidente. Asimismo, Mercedes Canalda de Beras-Goico, del Banco de Ahorro y Cr\u00e9dito Adopem, ocupar\u00e1 la secretar\u00eda, mientras que Benahuare Pichardo, de Motor Cr\u00e9dito, Banco de Ahorro y Cr\u00e9dito, fungir\u00e1 como vicesecretaria.<\/strong><\/p>\n\n\n\n<p><strong>En el \u00e1rea financiera del gremio, Deborah De Los Santos, del Banco BACC de Ahorro y Cr\u00e9dito del Caribe, fue designada tesorera, acompa\u00f1ada por Alan Mu\u00f1oz Mej\u00eda, del Banco de Ahorro y Cr\u00e9dito Fihogar, como vicetesorero. Como vocales fueron nombrados representantes de entidades del subsector de ahorro y cr\u00e9dito y corporaciones de cr\u00e9dito. Jenniffer P\u00e9rez e Ismael Peralta asumir\u00e1n como comisarios de cuentas.<\/strong><\/p>\n\n\n\n<p><strong>La nueva junta directiva anunci\u00f3 que priorizar\u00e1 iniciativas vinculadas a la inclusi\u00f3n financiera, el apoyo a las mipymes y el fortalecimiento del marco de gobernanza, en coordinaci\u00f3n con las autoridades regulatorias y los gremios del sistema financiero dominicano. Con esta renovaci\u00f3n, Abancord reafirma su compromiso de impulsar un sector s\u00f3lido, transparente y resiliente.<\/strong><\/p>\n\n\n\n<p><strong>Ana Rodr\u00edguez ana@mediaticos.com.do<\/strong><\/p>\n","protected":false},"excerpt":{"rendered":"<p>La directiva entrante centrar\u00e1 su gesti\u00f3n en fortalecer la inclusi\u00f3n financiera, respaldar a las mipymes y consolidar pr\u00e1cticas de gobernanza en el sector. Santo Domingo, Rep\u00fablica Dominicana. &#8211;&nbsp;La Asociaci\u00f3n de Bancos de Ahorro y Cr\u00e9dito y Corporaciones de Cr\u00e9dito (Abancord) jurament\u00f3 su nueva junta directiva para el per\u00edodo 2026\u20132028 durante su Asamblea General Ordinaria, en [&hellip;]<\/p>\n","protected":false},"author":7,"featured_media":668267,"comment_status":"closed","ping_status":"closed","sticky":false,"template":"","format":"standard","meta":{"footnotes":""},"categories":[18],"tags":[475],"class_list":["post-668259","post","type-post","status-publish","format-standard","has-post-thumbnail","hentry","category-economia","tag-abancord"],"_links":{"self":[{"href":"https:\/\/diariodominicano.com\/index.php?rest_route=\/wp\/v2\/posts\/668259","targetHints":{"allow":["GET"]}}],"collection":[{"href":"https:\/\/diariodominicano.com\/index.php?rest_route=\/wp\/v2\/posts"}],"about":[{"href":"https:\/\/diariodominicano.com\/index.php?rest_route=\/wp\/v2\/types\/post"}],"author":[{"embeddable":true,"href":"https:\/\/diariodominicano.com\/index.php?rest_route=\/wp\/v2\/users\/7"}],"replies":[{"embeddable":true,"href":"https:\/\/diariodominicano.com\/index.php?rest_route=%2Fwp%2Fv2%2Fcomments&post=668259"}],"version-history":[{"count":1,"href":"https:\/\/diariodominicano.com\/index.php?rest_route=\/wp\/v2\/posts\/668259\/revisions"}],"predecessor-version":[{"id":668268,"href":"https:\/\/diariodominicano.com\/index.php?rest_route=\/wp\/v2\/posts\/668259\/revisions\/668268"}],"wp:featuredmedia":[{"embeddable":true,"href":"https:\/\/diariodominicano.com\/index.php?rest_route=\/wp\/v2\/media\/668267"}],"wp:attachment":[{"href":"https:\/\/diariodominicano.com\/index.php?rest_route=%2Fwp%2Fv2%2Fmedia&parent=668259"}],"wp:term":[{"taxonomy":"category","embeddable":true,"href":"https:\/\/diariodominicano.com\/index.php?rest_route=%2Fwp%2Fv2%2Fcategories&post=668259"},{"taxonomy":"post_tag","embeddable":true,"href":"https:\/\/diariodominicano.com\/index.php?rest_route=%2Fwp%2Fv2%2Ftags&post=668259"}],"curies":[{"name":"wp","href":"https:\/\/api.w.org\/{rel}","templated":true}]}}