{"id":668234,"date":"2026-03-04T02:42:05","date_gmt":"2026-03-04T06:42:05","guid":{"rendered":"https:\/\/diariodominicano.com\/?p=668234"},"modified":"2026-03-07T02:06:44","modified_gmt":"2026-03-07T06:06:44","slug":"el-presidente-luis-abinader-encabeza-graduacion-de-199-servidores-publicos-y-fortalece-la-profesionalizacion-del-estado","status":"publish","type":"post","link":"https:\/\/diariodominicano.com\/?p=668234","title":{"rendered":"El Presidente Luis Abinader encabeza  graduaci\u00f3n de 199 servidores p\u00fablicos y fortalece la profesionalizaci\u00f3n del Estado"},"content":{"rendered":"\n<h3 class=\"wp-block-heading\">Anuncia la expansi\u00f3n de la maestr\u00eda en Gesti\u00f3n P\u00fablica y Gobernanza con la apertura inmediata de una nueva promoci\u00f3n integrada por 500 participantes.<\/h3>\n\n\n\n<p>3 de Marzo 2026 <\/p>\n\n\n\n<figure class=\"wp-block-image\"><img decoding=\"async\" src=\"https:\/\/platform-cdn.sharethis.com\/img\/sharethis.svg\" alt=\"sharethis sharing button\"\/><\/figure>\n\n\n\n<p>Santo Domingo.\u2013&nbsp;<strong>El presidente Luis Abinader<\/strong>&nbsp;encabez\u00f3 la&nbsp;<strong>hist\u00f3rica graduaci\u00f3n<\/strong>&nbsp;de la primera&nbsp;<strong>cohorte de la maestr\u00eda en Gesti\u00f3n P\u00fablica y Gobernanza<\/strong>, impulsada por el Instituto Nacional de Administraci\u00f3n P\u00fablica&nbsp;<strong>(INAP)<\/strong>&nbsp;e impartida por la Universidad Aut\u00f3noma de Santo Domingo&nbsp;<strong>(UASD)<\/strong>, en la que fueron investidos&nbsp;<strong>199 servidores p\u00fablicos de 76 instituciones del Estado dominicano.&nbsp;<\/strong><\/p>\n\n\n\n<p>Del total de graduandos,&nbsp;<strong>122 son mujeres y 77 hombres<\/strong>, lo que confirma el liderazgo femenino en los espacios de formaci\u00f3n estrat\u00e9gica y de alto nivel del servicio p\u00fablico nacional.<\/p>\n\n\n\n<p>Durante la ceremonia de investidura, celebrada en el Aula Magna de la UASD,&nbsp;<strong>el presidente Abinader anunci\u00f3 formalmente la expansi\u00f3n del programa acad\u00e9mico<\/strong>.&nbsp;<em>\u201cAnuncio hoy la nueva cohorte, ahora con 500 nuevos participantes\u2026 este es un inicio y no se va a detener hasta profesionalizar la administraci\u00f3n p\u00fablica\u201d<\/em>, declar\u00f3, al instruir al INAP y a la UASD a iniciar de inmediato el&nbsp;<strong>proceso de apertura<\/strong>.<\/p>\n\n\n\n<p>Destac\u00f3 la&nbsp;<strong>articulaci\u00f3n entre la academia y el Estado<\/strong>&nbsp;como clave para el desarrollo nacional y afirm\u00f3 que&nbsp;<em>\u201choy celebramos mucho m\u00e1s que la culminaci\u00f3n de una maestr\u00eda. Hoy celebramos un compromiso renovado con la Rep\u00fablica Dominicana\u201d.<\/em><\/p>\n\n\n\n<figure class=\"wp-block-image\"><img decoding=\"async\" src=\"https:\/\/presidencia.gob.do\/sites\/default\/files\/inline-images\/WhatsApp%20Image%202026-03-03%20at%201.55.24%20PM%281%29.jpeg\" alt=\"\"\/><\/figure>\n\n\n\n<p>El mandatario explic\u00f3 que la creaci\u00f3n del programa enfrent\u00f3 m\u00faltiples obst\u00e1culos administrativos que retrasaron su puesta en marcha por casi dos a\u00f1os, debido a&nbsp;<strong>tr\u00e1mites y regulaciones propias del sistema p\u00fablico.<\/strong>&nbsp;Se\u00f1al\u00f3 que esa experiencia impuls\u00f3 el fortalecimiento de la&nbsp;<strong>iniciativa gubernamental orientada a simplificar procesos y reducir la burocracia,<\/strong>&nbsp;con el objetivo de hacer m\u00e1s \u00e1gil la gesti\u00f3n p\u00fablica.<\/p>\n\n\n\n<p>El jefe de Estado enfatiz\u00f3 que la administraci\u00f3n p\u00fablica se torna cada vez m\u00e1s compleja en un contexto marcado por acelerados cambios tecnol\u00f3gicos y ciudadanos m\u00e1s exigentes, por lo que en ese escenario&nbsp;<strong>no hay espacio para la improvisaci\u00f3n ni el voluntarismo<\/strong>, sino que se requiere profesionalidad para responder de manera efectiva a los desaf\u00edos del Estado.<\/p>\n\n\n\n<p>Asimismo, reiter\u00f3 que&nbsp;<strong>la capacitaci\u00f3n de los servidores p\u00fablicos constituye una prioridad estrat\u00e9gica<\/strong>.<em>&nbsp;\u201cLa formaci\u00f3n y la capacitaci\u00f3n de los servidores p\u00fablicos no es un lujo ni es un complemento. Es una cuesti\u00f3n crucial para la profesionalizaci\u00f3n del Estado\u201d,<\/em>&nbsp;afirm\u00f3.<\/p>\n\n\n\n<p>La maestr\u00eda est\u00e1 estructurada en&nbsp;<strong>cuatro \u00e1reas fundamentales<\/strong>: gesti\u00f3n de proyectos, innovaci\u00f3n y transformaci\u00f3n digital, gesti\u00f3n de recursos humanos y finanzas p\u00fablicas, pilares que inciden en la&nbsp;<strong>eficiencia, transparencia y sostenibilidad de la acci\u00f3n gubernamental.<\/strong><\/p>\n\n\n\n<p>Al dirigirse a los graduandos, el presidente Abinader los exhort\u00f3 a asumir un rol transformador dentro del Estado, destacando que la Rep\u00fablica Dominicana necesita&nbsp;<strong>servidores p\u00fablicos capaces de convertir la complejidad en soluciones, la burocracia en eficiencia y la distancia institucional en una gesti\u00f3n m\u00e1s cercana a la ciudadan\u00eda.<\/strong><\/p>\n\n\n\n<p>Concluy\u00f3 diciendo que su gobierno mantiene firme el compromiso con&nbsp;<strong>la carrera administrativa y el m\u00e9rito c<\/strong>omo pilares de una gesti\u00f3n p\u00fablica moderna.<em>&nbsp;\u201cQue esta graduaci\u00f3n no sea un punto final, sino un punto de partida\u201d,<\/em>&nbsp;expres\u00f3.<\/p>\n\n\n\n<p><strong>Baluarte \u00e9tico de un buen gobierno<\/strong><\/p>\n\n\n\n<p>Durante su intervenci\u00f3n, el rector de la UASD,&nbsp;<strong>Editrudis Beltr\u00e1n<\/strong>, resalt\u00f3 que la gesti\u00f3n p\u00fablica, sustentada en una gobernanza s\u00f3lida, constituye&nbsp;<strong>el baluarte \u00e9tico y competitivo de un buen gobierno<\/strong>. Asimismo, record\u00f3 que hace exactamente dos a\u00f1os el Estado dominicano y la casa de altos estudios dieron inicio a este programa de alto nivel, como&nbsp;<strong>expresi\u00f3n del binomio universidad-Estado<\/strong>&nbsp;que apuesta a la pertinencia y la accesibilidad del&nbsp;<strong>conocimiento superior en beneficio de la sociedad.<\/strong><\/p>\n\n\n\n<figure class=\"wp-block-image\"><img decoding=\"async\" src=\"https:\/\/presidencia.gob.do\/sites\/default\/files\/inline-images\/WhatsApp%20Image%202026-03-03%20at%201.55.25%20PM%281%29.jpeg\" alt=\"\"\/><\/figure>\n\n\n\n<p>Beltr\u00e1n agradeci\u00f3 al presidente Abinader por su&nbsp;<strong>respaldo a la academia<\/strong>&nbsp;y exhort\u00f3 a los graduandos a aplicar lo aprendido en favor de&nbsp;<strong>la modernizaci\u00f3n y el desarrollo sostenible del pa\u00eds.<\/strong><\/p>\n\n\n\n<p><strong>Alianza entre el Estado, el INAP y la UASD<\/strong><\/p>\n\n\n\n<p>De su lado, el director del Instituto Nacional de Administraci\u00f3n P\u00fablica (INAP),&nbsp;<strong>Gregorio Montero Montero<\/strong>, expres\u00f3 que este programa de&nbsp;<strong>posgrado<\/strong>&nbsp;es una muestra concreta del&nbsp;<strong>compromiso asumido por el mandatario&nbsp;<\/strong>con la&nbsp;<strong>profesionalizaci\u00f3n<\/strong>&nbsp;del servicio p\u00fablico.<\/p>\n\n\n\n<p>Montero Montero sostuvo que la gobernabilidad en el siglo XXI exige&nbsp;<strong>democracia y gobernanza democr\u00e1tica<\/strong>, principios que deben reflejarse tanto en la academia como en el ejercicio de la funci\u00f3n p\u00fablica. Agreg\u00f3 que el verdadero sentido del servicio p\u00fablico radica en la&nbsp;<strong>capacidad de resolver problemas y aportar bienestar a la ciudadan\u00eda.<\/strong><\/p>\n\n\n\n<p>Al concluir, resalt\u00f3 la importancia de la alianza entre el Estado, el INAP y la UASD para impulsar la&nbsp;<strong>Estrategia Nacional de Desarrollo<\/strong>&nbsp;y fortalecer la&nbsp;<strong>lucha contra la corrupci\u00f3n administrativa.<\/strong>&nbsp;Indic\u00f3 que el gran desaf\u00edo es&nbsp;<strong>retener este talento en el sector p\u00fablico,<\/strong>&nbsp;para que la inversi\u00f3n en conocimiento se traduzca en beneficios tangibles para la sociedad dominicana.<\/p>\n\n\n\n<p>En representaci\u00f3n de la primera cohorte de la maestr\u00eda en Gesti\u00f3n P\u00fablica y Gobernanza, menci\u00f3n Innovaci\u00f3n y Transformaci\u00f3n Digital, el graduando&nbsp;<strong>Carlos Daniel Taveras de Moya<\/strong>&nbsp;destac\u00f3 que esta etapa formativa reafirma el compromiso de ejercer el servicio p\u00fablico con&nbsp;<strong>integridad, responsabilidad y vocaci\u00f3n<\/strong>, priorizando el inter\u00e9s general y el fortalecimiento institucional como base para avanzar hacia&nbsp;<strong>un Estado m\u00e1s moderno y orientado al bienestar colectivo.<\/strong><\/p>\n\n\n\n<p><strong>Maestr\u00eda en Gesti\u00f3n P\u00fablica y Gobernanza<\/strong><\/p>\n\n\n\n<p>La maestr\u00eda en Gesti\u00f3n P\u00fablica y Gobernanza fue estructurada en cuatro menciones:&nbsp;&nbsp;<strong>Gesti\u00f3n de Finanzas P\u00fablicas, Innovaci\u00f3n y Transformaci\u00f3n Digital, Gesti\u00f3n de Recursos Humanos y Gesti\u00f3n y Evaluaci\u00f3n de Proyectos<\/strong>, \u00e1reas orientadas a fortalecer las competencias t\u00e9cnicas y estrat\u00e9gicas de los servidores p\u00fablicos para una administraci\u00f3n m\u00e1s eficiente y moderna.<\/p>\n\n\n\n<p>En su primera convocatoria, el programa cont\u00f3 con la participaci\u00f3n de&nbsp;<strong>368 servidores p\u00fablicos<\/strong>&nbsp;provenientes de distintas entidades del Estado. De ese total, 199 fueron investidos en esta primera fase, mientras que&nbsp;<strong>los 164 restantes culminar\u00e1n su proceso acad\u00e9mico en los pr\u00f3ximos meses.<\/strong><\/p>\n\n\n\n<p>Estuvieron presentes los ministros de la Administraci\u00f3n P\u00fablica,&nbsp;<strong>Sigmund Freund<\/strong>; de la Juventud,&nbsp;<strong>Carlos Valdez<\/strong>; la directora de \u00c9tica e Integridad Gubernamental (Digeig),&nbsp;<strong>Milagros Ortiz Bosch<\/strong>; la directora de Pol\u00edticas Sociales,&nbsp;<strong>Geanilda V\u00e1squez<\/strong>; el director de la Oficina Gubernamental de Tecnolog\u00edas de la Informaci\u00f3n y Comunicaci\u00f3n (Ogtic),&nbsp;<strong>Edgar Batista<\/strong>; la directora del Instituto Nacional de Atenci\u00f3n Integral a la Primera Infancia (Inaipi),&nbsp;<strong>Josefa Castillo<\/strong>; el director de Presupuesto,&nbsp;<strong>Jos\u00e9 Rijo Presbot<\/strong>, y el decano de la Facultad de Econom\u00eda de la UASD,&nbsp;<strong>Antonio Ciriaco<\/strong>, entre otras personalidades.<\/p>\n\n\n\n<p>Con informaci\u00f3n de la presidencia de la Rep\u00fablica.<\/p>\n\n\n\n<p><\/p>\n","protected":false},"excerpt":{"rendered":"<p>Anuncia la expansi\u00f3n de la maestr\u00eda en Gesti\u00f3n P\u00fablica y Gobernanza con la apertura inmediata de una nueva promoci\u00f3n integrada por 500 participantes. 3 de Marzo 2026 Santo Domingo.\u2013&nbsp;El presidente Luis Abinader&nbsp;encabez\u00f3 la&nbsp;hist\u00f3rica graduaci\u00f3n&nbsp;de la primera&nbsp;cohorte de la maestr\u00eda en Gesti\u00f3n P\u00fablica y Gobernanza, impulsada por el Instituto Nacional de Administraci\u00f3n P\u00fablica&nbsp;(INAP)&nbsp;e impartida por la [&hellip;]<\/p>\n","protected":false},"author":28,"featured_media":668235,"comment_status":"open","ping_status":"closed","sticky":false,"template":"","format":"standard","meta":{"footnotes":""},"categories":[21,20,27],"tags":[4105,4948,4995,1854,4994],"class_list":["post-668234","post","type-post","status-publish","format-standard","has-post-thumbnail","hentry","category-cultura","category-dominicana-hoy","category-portada","tag-abinader","tag-gesion-publica","tag-luis-abinader","tag-presidente-abinader","tag-presidente-luis-abinader"],"_links":{"self":[{"href":"https:\/\/diariodominicano.com\/index.php?rest_route=\/wp\/v2\/posts\/668234","targetHints":{"allow":["GET"]}}],"collection":[{"href":"https:\/\/diariodominicano.com\/index.php?rest_route=\/wp\/v2\/posts"}],"about":[{"href":"https:\/\/diariodominicano.com\/index.php?rest_route=\/wp\/v2\/types\/post"}],"author":[{"embeddable":true,"href":"https:\/\/diariodominicano.com\/index.php?rest_route=\/wp\/v2\/users\/28"}],"replies":[{"embeddable":true,"href":"https:\/\/diariodominicano.com\/index.php?rest_route=%2Fwp%2Fv2%2Fcomments&post=668234"}],"version-history":[{"count":2,"href":"https:\/\/diariodominicano.com\/index.php?rest_route=\/wp\/v2\/posts\/668234\/revisions"}],"predecessor-version":[{"id":668238,"href":"https:\/\/diariodominicano.com\/index.php?rest_route=\/wp\/v2\/posts\/668234\/revisions\/668238"}],"wp:featuredmedia":[{"embeddable":true,"href":"https:\/\/diariodominicano.com\/index.php?rest_route=\/wp\/v2\/media\/668235"}],"wp:attachment":[{"href":"https:\/\/diariodominicano.com\/index.php?rest_route=%2Fwp%2Fv2%2Fmedia&parent=668234"}],"wp:term":[{"taxonomy":"category","embeddable":true,"href":"https:\/\/diariodominicano.com\/index.php?rest_route=%2Fwp%2Fv2%2Fcategories&post=668234"},{"taxonomy":"post_tag","embeddable":true,"href":"https:\/\/diariodominicano.com\/index.php?rest_route=%2Fwp%2Fv2%2Ftags&post=668234"}],"curies":[{"name":"wp","href":"https:\/\/api.w.org\/{rel}","templated":true}]}}