{"id":668201,"date":"2026-03-04T01:42:02","date_gmt":"2026-03-04T05:42:02","guid":{"rendered":"https:\/\/diariodominicano.com\/?p=668201"},"modified":"2026-03-04T01:42:12","modified_gmt":"2026-03-04T05:42:12","slug":"ramon-pepin-de-obras-publicas-del-pld-dice-existe-una-brecha-entre-las-2262-obras-anunciadas-y-las-152-obras-mencionadas-por-el-presidente-en-su-discurso","status":"publish","type":"post","link":"https:\/\/diariodominicano.com\/?p=668201","title":{"rendered":"Ram\u00f3n Pep\u00edn, de Obras P\u00fablicas del PLD dice existe una brecha entre las 2,262 obras anunciadas y las 152 obras mencionadas por el Presidente en su discurso"},"content":{"rendered":"\n<p>El ex ministro de Obras P\u00fablicas, dijo que la<strong>  infraestructura se mide por resultados concretos y verificables<\/strong>.<\/p>\n\n\n\n<p><strong>El secretario de Obras P\u00fablicas del Partido de la Liberaci\u00f3n Dominicana (PLD), Ram\u00f3n Pep\u00edn,<\/strong>\u00a0dijo que existe una brecha considerable entre las 2,262 obras anunciadas y las 152 obras mencionadas p\u00fablicamente por el Presidente de la Rep\u00fablica en su rendici\u00f3n de cuentas ante la reuni\u00f3n conjunta de Senadores y Diputados, el pasado 27 de febrero.<\/p>\n\n\n\n<p>En un informe sobre la rendici\u00f3n de cuentas del primer mandatario en el \u00e1rea de obras p\u00fablicas, Pep\u00edn analiza los datos ofrecidos respecto al n\u00famero total de obras anunciadas, las mencionadas de manera espec\u00edfica y la cantidad de proyectos efectivamente concluidos.<\/p>\n\n\n\n<p>El ex ministro de Obras P\u00fablicas apunta que solo 69 obras concluidas resultan dif\u00edciles de conciliar con la narrativa de \u201cmayor inversi\u00f3n hist\u00f3rica\u201d.<\/p>\n\n\n\n<p>Se\u00f1ala que la ausencia de desagregaci\u00f3n detallada genera dudas sobre el estado real de los proyectos y el \u00e9nfasis en cifras globales sin suficiente sustento t\u00e9cnico reduce la solidez del mensaje.<\/p>\n\n\n\n<p>En su informe, Pep\u00edn recomienda solicitar formalmente un informe desagregado por provincia, el listado completo de las 2,262 obras, el estado actual de cada proyecto, detalle del presupuesto aprobado vs. ejecutado y un cronograma actualizado de finalizaci\u00f3n.<\/p>\n\n\n\n<p>Explica que la infraestructura se mide por resultados concretos y verificables. \u201cLa coherencia entre inversi\u00f3n, ejecuci\u00f3n y obras concluidas es esencial para fortalecer la confianza p\u00fablica y la credibilidad institucional\u201d.<\/p>\n\n\n\n<p>El titular de Obras P\u00fablicas del PLD refiri\u00f3 que, en la m\u00e1s reciente rendici\u00f3n de cuentas ante la naci\u00f3n, el Presidente realiz\u00f3 un esfuerzo significativo por presentar la infraestructura y el gasto de capital, se\u00f1alados como uno de los puntos m\u00e1s cuestionados de su gesti\u00f3n, como una fortaleza, apoy\u00e1ndose en cifras globales de obras distribuidas por provincias.<\/p>\n\n\n\n<p>\u201cSin embargo, el an\u00e1lisis detallado de los datos ofrecidos evidencia inconsistencias, vac\u00edos informativos y posibles contradicciones que merecen atenci\u00f3n\u201d, destac\u00f3.<\/p>\n\n\n\n<p>&nbsp;Sostuvo que existen discrepancias entre cifras globales y obras mencionadas. \u201cEl Presidente afirm\u00f3 que actualmente existen 2.262 obras en todo el pa\u00eds. No obstante, durante su intervenci\u00f3n solo hizo menci\u00f3n espec\u00edfica de 152 obras, lo que deja sin identificaci\u00f3n p\u00fablica 2.110 proyectos\u201d.<\/p>\n\n\n\n<p>En ese sentido, cit\u00f3 el caso de la provincia de Azua, donde se indic\u00f3 la existencia de 112 obras, pero \u00fanicamente se mencionaron 3 proyectos concretos, sin detallar ubicaci\u00f3n, estado de ejecuci\u00f3n ni situaci\u00f3n presupuestaria de los 109 restantes.<\/p>\n\n\n\n<p>Otro caso que puso como ejemplo es en el del Distrito Nacional, en el que se se\u00f1alaron 100 obras, de las cuales solo se citaron 4, quedando sin informaci\u00f3n p\u00fablica espec\u00edfica 96 proyectos. \u201cEste patr\u00f3n se repiti\u00f3 en todas las provincias: cifras elevadas acompa\u00f1adas de un nivel de detalle limitado\u201d.<\/p>\n\n\n\n<p><strong>SECRETARIA DE COMUNICACIONES<\/strong><\/p>\n\n\n\n<p><strong>03 DE MARZO, 2026.-&nbsp;<\/strong><\/p>\n","protected":false},"excerpt":{"rendered":"<p>El ex ministro de Obras P\u00fablicas, dijo que la infraestructura se mide por resultados concretos y verificables. El secretario de Obras P\u00fablicas del Partido de la Liberaci\u00f3n Dominicana (PLD), Ram\u00f3n Pep\u00edn,\u00a0dijo que existe una brecha considerable entre las 2,262 obras anunciadas y las 152 obras mencionadas p\u00fablicamente por el Presidente de la Rep\u00fablica en su [&hellip;]<\/p>\n","protected":false},"author":28,"featured_media":668202,"comment_status":"open","ping_status":"closed","sticky":false,"template":"","format":"standard","meta":{"footnotes":""},"categories":[22,27],"tags":[4941],"class_list":["post-668201","post","type-post","status-publish","format-standard","has-post-thumbnail","hentry","category-politica","category-portada","tag-ramon-pepin"],"_links":{"self":[{"href":"https:\/\/diariodominicano.com\/index.php?rest_route=\/wp\/v2\/posts\/668201","targetHints":{"allow":["GET"]}}],"collection":[{"href":"https:\/\/diariodominicano.com\/index.php?rest_route=\/wp\/v2\/posts"}],"about":[{"href":"https:\/\/diariodominicano.com\/index.php?rest_route=\/wp\/v2\/types\/post"}],"author":[{"embeddable":true,"href":"https:\/\/diariodominicano.com\/index.php?rest_route=\/wp\/v2\/users\/28"}],"replies":[{"embeddable":true,"href":"https:\/\/diariodominicano.com\/index.php?rest_route=%2Fwp%2Fv2%2Fcomments&post=668201"}],"version-history":[{"count":1,"href":"https:\/\/diariodominicano.com\/index.php?rest_route=\/wp\/v2\/posts\/668201\/revisions"}],"predecessor-version":[{"id":668203,"href":"https:\/\/diariodominicano.com\/index.php?rest_route=\/wp\/v2\/posts\/668201\/revisions\/668203"}],"wp:featuredmedia":[{"embeddable":true,"href":"https:\/\/diariodominicano.com\/index.php?rest_route=\/wp\/v2\/media\/668202"}],"wp:attachment":[{"href":"https:\/\/diariodominicano.com\/index.php?rest_route=%2Fwp%2Fv2%2Fmedia&parent=668201"}],"wp:term":[{"taxonomy":"category","embeddable":true,"href":"https:\/\/diariodominicano.com\/index.php?rest_route=%2Fwp%2Fv2%2Fcategories&post=668201"},{"taxonomy":"post_tag","embeddable":true,"href":"https:\/\/diariodominicano.com\/index.php?rest_route=%2Fwp%2Fv2%2Ftags&post=668201"}],"curies":[{"name":"wp","href":"https:\/\/api.w.org\/{rel}","templated":true}]}}