{"id":668195,"date":"2026-03-04T01:17:03","date_gmt":"2026-03-04T05:17:03","guid":{"rendered":"https:\/\/diariodominicano.com\/?p=668195"},"modified":"2026-03-04T01:17:06","modified_gmt":"2026-03-04T05:17:06","slug":"uag-celebra-91-anos-de-transformar-la-historia","status":"publish","type":"post","link":"https:\/\/diariodominicano.com\/?p=668195","title":{"rendered":"UAG celebra 91 a\u00f1os de transformar la historia"},"content":{"rendered":"\n<figure class=\"wp-block-table\"><table class=\"has-fixed-layout\"><tbody><tr><td><strong> \u00a0Con la tradicional Velada Luctuosa, la instituci\u00f3n conmemor\u00f3 un nuevo aniversario y record\u00f3 a sus fundadores y m\u00e1rtires de la Libertada de C\u00e1tedra y Autonom\u00eda Universitaria<\/strong>\u00a0<br><br>La Universidad Aut\u00f3noma de Guadalajara (UAG) conmemor\u00f3 el 91 aniversario de su fundaci\u00f3n con la tradicional Velada Luctuosa.<br>El evento, realizado en el Gimnasio Universitario, fue presidido por el Rector, Lic. Antonio Lea\u00f1o Reyes, y como orador invitado se cont\u00f3 con la participaci\u00f3n del Ing. Salvador Zamora Zamora, egresado de la instituci\u00f3n y Secretario General del Gobierno de Jalisco.<br>M\u00e1s de 2 mil asistentes, entre funcionarios, alumnos, egresados, profesores, trabajadores e invitados especiales, asistieron a la tradicional ceremonia.<br>\u00a0<br><strong>Educaci\u00f3n, innovaci\u00f3n e integridad<\/strong><br>En su discurso, el Rector, Lic. Antonio Lea\u00f1o Reyes, destac\u00f3 que, a 91 a\u00f1os de su fundaci\u00f3n, la UAG sigue siendo una instituci\u00f3n innovadora, que fortalece sus programas acad\u00e9micos y que impulsa la investigaci\u00f3n y vinculaci\u00f3n internacional que ampl\u00edan las oportunidades de los estudiantes.<br>\u201cPero, sobre todo, y esto es lo que m\u00e1s nos distingue, continuamos formando seres humanos completos e \u00edntegros: profesionistas con rigor t\u00e9cnico, pero con valores bien cimentados; ciudadanos capaces de reconocer que la justicia, la verdad, la defensa de la vida y el amor al pr\u00f3jimo no son ornamentos del curr\u00edculo, sino su raz\u00f3n de ser, pues queremos siempre un M\u00e9xico mejor y libre de ataduras que comprometan su porvenir\u201d, afirm\u00f3.<br>El Lic. Lea\u00f1o Reyes record\u00f3 que la UAG naci\u00f3 un 3 de marzo de 1935, luego de una lucha encabezada por un grupo de j\u00f3venes valientes, entre ellos Carlos Cuesta Gallardo, los hermanos \u00c1ngel y Antonio Lea\u00f1o \u00c1lvarez del Castillo y Dionisio Fern\u00e1ndez Sahag\u00fan, quienes lucharon por la Libertad de C\u00e1tedra y Autonom\u00eda Universitaria, ideales que dieron vida a la UAG.<br>El Rector tambi\u00e9n hizo un llamado a los estudiantes, profesores, colaboradores y egresados, para que cada uno desde su posici\u00f3n trabajen por mantener vivos los ideales de esta instituci\u00f3n.<br>\u201cQue esta Velada Luctuosa sea la renovaci\u00f3n de nuestro compromiso con la verdad, de la fidelidad a los principios y de nuestra esperanza en M\u00e9xico. Porque mientras exista una comunidad universitaria dispuesta a defender la libertad, a formar con valores, a servir con generosidad, la llama que se encendi\u00f3 en 1935 no se apagar\u00e1 jam\u00e1s\u201d, afirm\u00f3.<br>\u201cCon gratitud a Dios y la Sant\u00edsima Virgen de Guadalupe por estos 91 a\u00f1os; con orgullo por nuestra historia; con confianza en el porvenir; y con la firme decisi\u00f3n de seguir siendo la universidad libre, con calidad educativa y valores morales por excelencia, les invito a proclamar con el coraz\u00f3n encendido: \u00a1Que hoy y siempre viva la Universidad Aut\u00f3noma de Guadalajara!\u201d.<br>\u00a0<br><strong>L\u00edderes con \u00e9tica y responsabilidad\u00a0<\/strong><br>En su participaci\u00f3n, el Ing. Salvador Zamora Zamora, destac\u00f3 que adem\u00e1s de formar profesionistas, la UAG forma personas de car\u00e1cter, con responsabilidad, \u00e9tica, respeto, compromiso con los dem\u00e1s y amor por la familia.\u00a0 \u201cNos ense\u00f1a que la libertad implica responsabilidad y que el conocimiento debe estar siempre al servicio del bien com\u00fan\u201d, refiri\u00f3 el Secretario General de Gobierno de Jalisco.<br>El orador invitado dijo que los egresados de la UAG, como \u00e9l, deben seguir trabando todos los d\u00edas con \u00e9tica y compromiso para ser ejemplo en sus comunidades. Mientras que a los profesores les agradeci\u00f3 por formar generaciones con valores.<br>A los estudiantes los exhort\u00f3 a que se sientan orgullosos de su Universidad y a que se preparen para ser el presente y futuro de Jalisco y M\u00e9xico.<br>\u201cNo permitan que nadie les robe sus sue\u00f1os y anhelos. El camino correcto es el que eligieron: prepararse, trabajar con honestidad y siempre hacer el bien\u201d, refiri\u00f3.<br>\u201cPorque cuando la educaci\u00f3n se gu\u00eda por valores, cuando la juventud se mueve por ideales y cuando la sociedad se une por el bien com\u00fan, no hay adversidad que nos detenga\u201d.<br>\u00a0<br><strong>Ideales del verdadero mexicano<\/strong><br>Por su parte, el Presidente de la Federaci\u00f3n de Estudiantes de Jalisco (FEJ), Carlos Jes\u00fas Esparza Rodr\u00edguez, afirm\u00f3 que la UAG es una instituci\u00f3n que representa los grandes ideales cat\u00f3licos y del verdadero mexicano.<br>\u201cEs un s\u00edmbolo de lucha por lo trascendente y la verdad. Y es formadora de estudiantes \u00edntegros que realmente se preocupan por el porvenir de la patria\u201d, dijo en su discurso.<br>El dirigente estudiantil dijo que hoy en d\u00eda hay muchos problemas que atacan a la sociedad, pero esta instituci\u00f3n es de las pocas que defiende lo que es correcto y trascendente.<br>\u201cPor eso (la UAG) ha sobrevivido al paso de los a\u00f1os, y a todas las adversidades. Los invito, compa\u00f1eros, a no abandonar esta l\u00ednea, la de entregarnos al coraje y al servicio de los dem\u00e1s ya la defensa de nuestra patria\u201d.<br>En el pres\u00eddium de la ceremonia estuvieron tambi\u00e9n el Lic. Antonio Lea\u00f1o del Castillo, Vicerrector General de la UAG; el Mtro. Juan Carlos Lea\u00f1o del Castillo, Vicerrector Administrativo; el Dr.<br>Ricardo Beltr\u00e1n Rojas, Secretario General; y el Mtro. Humberto Guti\u00e9rrez Zamorano, Secretario General del Sindicato de Trabajadores Acad\u00e9mico y Administrativos de la Casa de Estudios.<br>En la tradicional Velada Luctuosa con la que se conmemor\u00f3 el 91 Aniversario de fundaci\u00f3n de la Universidad Aut\u00f3noma de Guadalajara, se rindi\u00f3 homenaje a los fundadores de la instituci\u00f3n, a los M\u00e1rtires de la Libertad de C\u00e1tedra y Autonom\u00eda Universitaria: Jos\u00e9 L\u00f3pez, Crescenciano N\u00fa\u00f1ez y Salvador Torres Gonz\u00e1lez, y se record\u00f3, con la frase \u201cSiempre Presentes\u201d, a hombres y mujeres que a lo largo del tiempo han dejado una huella trascendente en la vida de la UAG.<br>Posteriormente, tuvo lugar un festejo con motivo del 91 aniversario de la UAG en los jardines de la instituci\u00f3n.<br>\u00a0<img decoding=\"async\" width=\"564\" src=\"https:\/\/ci3.googleusercontent.com\/meips\/ADKq_NbImftqRNw3Knps8V10goaQquiXmmcKqd_p3LRFEOHPtCSTLRa6IVaVQO1xtEPVr7crrtwU4rY6mj9m5ueduMZyHxEoyTtqUbJEzY0NqdDfF8_YveSZ2rwh8x-DTbO7l0XSsCk8ZF4RmXV0DKdJO7Bf7P1RF69vN6w=s0-d-e1-ft#https:\/\/mcusercontent.com\/8a1ac8a421c4b51fd24459381\/images\/5e8af65f-4612-f00e-d272-1ffbf1b1526c.jpg\" alt=\"\"><img decoding=\"async\" width=\"564\" src=\"https:\/\/ci3.googleusercontent.com\/meips\/ADKq_Nbq8oZuFeJBHF-_RQzG-Pz-VqS7kTOgNkvpX7r9LySeBDd_rd66dOtomyR2C1Josk379aTTPmJeyvqw7uHOVhn1Q-SGqpekxbriq2pxWsXqXTY1GlPN_NrhKhw-9hKdPEwTPcaiMCU2Svi1S9hXyguE6v-qNuokerI=s0-d-e1-ft#https:\/\/mcusercontent.com\/8a1ac8a421c4b51fd24459381\/images\/63484f9d-b2d4-fc48-0153-2dcb9067f604.jpg\" alt=\"\"><img decoding=\"async\" width=\"564\" src=\"https:\/\/ci3.googleusercontent.com\/meips\/ADKq_Na2PasOlxmh63td86tSuj4C18gTZE47F0B5XixNNK-ZNZYzt98IBQyYqKKoJi36O6LBTJmBCofc0sX3tEDcs7ZKczIH6s0_4uQxXgXW_4jqPFULbIaM3doArVdBi6DhoOaf6fwZHUGGMlvMnUx4q-Cm8DK_eHRobzQ=s0-d-e1-ft#https:\/\/mcusercontent.com\/8a1ac8a421c4b51fd24459381\/images\/f2c14e37-ec8b-df2f-0a9a-e91ade0bdef1.jpg\" alt=\"\"><img decoding=\"async\" width=\"564\" src=\"https:\/\/ci3.googleusercontent.com\/meips\/ADKq_Nb2fI1rsgdGuI2rWdXFwthnhS6bVpVihlIDeBNe_f_JXn4153RYLThLM7w0F9n2zFGSDigITbV2cjzsUUqyq3vUQHvEvFZjWelVaH5FVd1IO5uE-jgy8pvcrE8RGgWgKe0Qu7FipgPnsqOb8wfYOnwWQED8JLTreD8=s0-d-e1-ft#https:\/\/mcusercontent.com\/8a1ac8a421c4b51fd24459381\/images\/3ad8de9b-5c60-6443-1fe3-87aa096210f9.jpg\" alt=\"\"><img decoding=\"async\" width=\"564\" src=\"https:\/\/ci3.googleusercontent.com\/meips\/ADKq_NYdFnFqPNjgOlPgaY3jACfKlaCQOGx9DmecP4rk12pIKhXllTNglR3__7Wd_NSoPD3mmDoeCpW_lVX7-bPFnI8rv0G2DCTeIyYbjxDfjXq3Fa4nNWIkzuVajHlS-eIOkI1Cbme9QS0Fv-6D01wHikdWy5DqtHKbA1o=s0-d-e1-ft#https:\/\/mcusercontent.com\/8a1ac8a421c4b51fd24459381\/images\/f8454079-c55b-d588-57eb-551736a0107f.jpg\" alt=\"\"><\/td><\/tr><tr><td><br>Comunicados UAG<br><a href=\"mailto:prensa@edu.uag.mx\" target=\"_blank\" rel=\"noreferrer noopener\">prensa@edu.uag.mx<\/a><br><br><br><br><br><\/td><\/tr><\/tbody><\/table><\/figure>\n","protected":false},"excerpt":{"rendered":"<p>\u00a0Con la tradicional Velada Luctuosa, la instituci\u00f3n conmemor\u00f3 un nuevo aniversario y record\u00f3 a sus fundadores y m\u00e1rtires de la Libertada de C\u00e1tedra y Autonom\u00eda Universitaria\u00a0 La Universidad Aut\u00f3noma de Guadalajara (UAG) conmemor\u00f3 el 91 aniversario de su fundaci\u00f3n con la tradicional Velada Luctuosa.El evento, realizado en el Gimnasio Universitario, fue presidido por el Rector, [&hellip;]<\/p>\n","protected":false},"author":28,"featured_media":668197,"comment_status":"open","ping_status":"closed","sticky":false,"template":"","format":"standard","meta":{"footnotes":""},"categories":[21,26],"tags":[4940,3269],"class_list":["post-668195","post","type-post","status-publish","format-standard","has-post-thumbnail","hentry","category-cultura","category-efemerides","tag-educacion","tag-uag"],"_links":{"self":[{"href":"https:\/\/diariodominicano.com\/index.php?rest_route=\/wp\/v2\/posts\/668195","targetHints":{"allow":["GET"]}}],"collection":[{"href":"https:\/\/diariodominicano.com\/index.php?rest_route=\/wp\/v2\/posts"}],"about":[{"href":"https:\/\/diariodominicano.com\/index.php?rest_route=\/wp\/v2\/types\/post"}],"author":[{"embeddable":true,"href":"https:\/\/diariodominicano.com\/index.php?rest_route=\/wp\/v2\/users\/28"}],"replies":[{"embeddable":true,"href":"https:\/\/diariodominicano.com\/index.php?rest_route=%2Fwp%2Fv2%2Fcomments&post=668195"}],"version-history":[{"count":1,"href":"https:\/\/diariodominicano.com\/index.php?rest_route=\/wp\/v2\/posts\/668195\/revisions"}],"predecessor-version":[{"id":668198,"href":"https:\/\/diariodominicano.com\/index.php?rest_route=\/wp\/v2\/posts\/668195\/revisions\/668198"}],"wp:featuredmedia":[{"embeddable":true,"href":"https:\/\/diariodominicano.com\/index.php?rest_route=\/wp\/v2\/media\/668197"}],"wp:attachment":[{"href":"https:\/\/diariodominicano.com\/index.php?rest_route=%2Fwp%2Fv2%2Fmedia&parent=668195"}],"wp:term":[{"taxonomy":"category","embeddable":true,"href":"https:\/\/diariodominicano.com\/index.php?rest_route=%2Fwp%2Fv2%2Fcategories&post=668195"},{"taxonomy":"post_tag","embeddable":true,"href":"https:\/\/diariodominicano.com\/index.php?rest_route=%2Fwp%2Fv2%2Ftags&post=668195"}],"curies":[{"name":"wp","href":"https:\/\/api.w.org\/{rel}","templated":true}]}}