{"id":668175,"date":"2026-03-04T00:45:12","date_gmt":"2026-03-04T04:45:12","guid":{"rendered":"https:\/\/diariodominicano.com\/?p=668175"},"modified":"2026-03-04T00:45:22","modified_gmt":"2026-03-04T04:45:22","slug":"premier-canadiense-insta-a-ee-uu-e-israel-a-respetar-normas-de-compromiso-internacional","status":"publish","type":"post","link":"https:\/\/diariodominicano.com\/?p=668175","title":{"rendered":"Premier canadiense insta a EE. UU. e Israel a respetar normas de compromiso internacional"},"content":{"rendered":"\n<p><em>spanish.news.cn<\/em>|<em>&nbsp;2026-03-04 10:18:30<\/em>|<\/p>\n\n\n\n<p>OTTAWA, 3 mar (Xinhua) &#8212; El primer ministro de Canad\u00e1, Mark Carney, expres\u00f3 el martes su pesar por el fracaso del orden internacional en Oriente Medio e inst\u00f3 a todas las partes, incluidos Estados Unidos e Israel, a \u00abrespetar las reglas del compromiso internacional\u00bb.<\/p>\n\n\n\n<p>\u00abCanad\u00e1 pide una r\u00e1pida desescalada de las hostilidades y est\u00e1 preparada para ayudar a lograr este objetivo\u00bb, dijo a periodistas en S\u00eddney durante su visita a Australia, seg\u00fan un comunicado emitido el martes.<\/p>\n\n\n\n<p>A pesar de d\u00e9cadas de resoluciones del Consejo de Seguridad de la ONU y de los esfuerzos del Organismo Internacional de Energ\u00eda At\u00f3mica, la amenaza nuclear de Ir\u00e1n persiste, se\u00f1al\u00f3. Sin embargo, Estados Unidos e Israel han actuado sin involucrar a las Naciones Unidas ni consultar con aliados, incluida Canad\u00e1, a\u00f1adi\u00f3.<\/p>\n\n\n\n<p>Canad\u00e1 reafirma que el derecho internacional vincula a todos los beligerantes, afirm\u00f3 Carney, se\u00f1alando que \u00abla resoluci\u00f3n de esta crisis requiere compromiso con una soluci\u00f3n pol\u00edtica m\u00e1s amplia\u00bb y que el compromiso diplom\u00e1tico \u00abes esencial para evitar un conflicto m\u00e1s amplio y m\u00e1s profundo\u00bb.<\/p>\n\n\n\n<p><a href=\"https:\/\/www.facebook.com\/sharer\/sharer.php?u=https:\/\/spanish.xinhuanet.com\/20260304\/036fe438dce94d62b5fd8f0dd3072f82\/c.html\" target=\"_blank\" rel=\"noreferrer noopener\"><\/a>&nbsp;<a href=\"https:\/\/twitter.com\/intent\/tweet?text=Premier%20canadiense%20insta%20a%20EE.%20UU.%20e%20Israel%20a%20respetar%20normas%20de%20compromiso%20internacional&amp;url=https:\/\/spanish.xinhuanet.com\/20260304\/036fe438dce94d62b5fd8f0dd3072f82\/c.html\" target=\"_blank\" rel=\"noreferrer noopener\"><\/a>&nbsp;<a target=\"_blank\" href=\"https:\/\/service.weibo.com\/share\/share.php?title=Premier%20canadiense%20insta%20a%20EE.%20UU.%20e%20Israel%20a%20respetar%20normas%20de%20compromiso%20internacional&amp;url=https:\/\/spanish.xinhuanet.com\/20260304\/036fe438dce94d62b5fd8f0dd3072f82\/c.html\" rel=\"noreferrer noopener\"><\/a>&nbsp;<a><\/a><\/p>\n\n\n\n<figure class=\"wp-block-image\"><img decoding=\"async\" src=\"https:\/\/imgs.news.cn\/res\/xhwimg\/spanish\/20170522\/img\/jc-xfa.png\" alt=\"\"\/><\/figure>\n\n\n\n<figure class=\"wp-block-table\"><table class=\"has-fixed-layout\"><tbody><tr><td><\/td><\/tr><\/tbody><\/table><\/figure>\n","protected":false},"excerpt":{"rendered":"<p>spanish.news.cn|&nbsp;2026-03-04 10:18:30| OTTAWA, 3 mar (Xinhua) &#8212; El primer ministro de Canad\u00e1, Mark Carney, expres\u00f3 el martes su pesar por el fracaso del orden internacional en Oriente Medio e inst\u00f3 a todas las partes, incluidos Estados Unidos e Israel, a \u00abrespetar las reglas del compromiso internacional\u00bb. \u00abCanad\u00e1 pide una r\u00e1pida desescalada de las hostilidades y [&hellip;]<\/p>\n","protected":false},"author":28,"featured_media":627722,"comment_status":"open","ping_status":"closed","sticky":false,"template":"","format":"standard","meta":{"footnotes":""},"categories":[23,27],"tags":[4936,4730],"class_list":["post-668175","post","type-post","status-publish","format-standard","has-post-thumbnail","hentry","category-internacional","category-portada","tag-canada-2","tag-ee-uu"],"_links":{"self":[{"href":"https:\/\/diariodominicano.com\/index.php?rest_route=\/wp\/v2\/posts\/668175","targetHints":{"allow":["GET"]}}],"collection":[{"href":"https:\/\/diariodominicano.com\/index.php?rest_route=\/wp\/v2\/posts"}],"about":[{"href":"https:\/\/diariodominicano.com\/index.php?rest_route=\/wp\/v2\/types\/post"}],"author":[{"embeddable":true,"href":"https:\/\/diariodominicano.com\/index.php?rest_route=\/wp\/v2\/users\/28"}],"replies":[{"embeddable":true,"href":"https:\/\/diariodominicano.com\/index.php?rest_route=%2Fwp%2Fv2%2Fcomments&post=668175"}],"version-history":[{"count":1,"href":"https:\/\/diariodominicano.com\/index.php?rest_route=\/wp\/v2\/posts\/668175\/revisions"}],"predecessor-version":[{"id":668176,"href":"https:\/\/diariodominicano.com\/index.php?rest_route=\/wp\/v2\/posts\/668175\/revisions\/668176"}],"wp:featuredmedia":[{"embeddable":true,"href":"https:\/\/diariodominicano.com\/index.php?rest_route=\/wp\/v2\/media\/627722"}],"wp:attachment":[{"href":"https:\/\/diariodominicano.com\/index.php?rest_route=%2Fwp%2Fv2%2Fmedia&parent=668175"}],"wp:term":[{"taxonomy":"category","embeddable":true,"href":"https:\/\/diariodominicano.com\/index.php?rest_route=%2Fwp%2Fv2%2Fcategories&post=668175"},{"taxonomy":"post_tag","embeddable":true,"href":"https:\/\/diariodominicano.com\/index.php?rest_route=%2Fwp%2Fv2%2Ftags&post=668175"}],"curies":[{"name":"wp","href":"https:\/\/api.w.org\/{rel}","templated":true}]}}