{"id":668168,"date":"2026-03-04T13:57:06","date_gmt":"2026-03-04T17:57:06","guid":{"rendered":"https:\/\/diariodominicano.com\/?p=668168"},"modified":"2026-03-19T03:59:29","modified_gmt":"2026-03-19T07:59:29","slug":"bcrd-apertura-la-exposicion-homenaje-a-juan-pablo-duarte-en-el-sesquicentenario-de-su-fallecimiento-1813-1876-con-motivo-del-182-aniversario-de-la-independencia-nacional","status":"publish","type":"post","link":"https:\/\/diariodominicano.com\/?p=668168","title":{"rendered":"BCRD apertura la exposici\u00f3n \u201cHomenaje a Juan Pablo Duarte en el sesquicentenario de su fallecimiento (1813-1876), con motivo del 182 aniversario de la Independencia Nacional\u201d\u00a0"},"content":{"rendered":"\n<p><em>La exposici\u00f3n re\u00fane una de las m\u00e1s completas colecciones de testimonios numism\u00e1ticos y filat\u00e9licos dedicados a Juan Pablo Duarte&nbsp;<\/em><\/p>\n\n\n\n<p><strong>Santo Domingo, Rep\u00fablica Dominicana.<\/strong> \u2013 El gobernador del Banco Central de la Rep\u00fablica Dominicana (BCRD), H\u00e9ctor Valdez Albizu, presidi\u00f3 el acto de inauguraci\u00f3n de la exposici\u00f3n \u201cHomenaje a Juan Pablo Duarte en el sesquicentenario de su fallecimiento (1813-1876), con motivo del 182 aniversario de la Independencia Nacional\u201d, en el Museo Numism\u00e1tico y Filat\u00e9lico de la instituci\u00f3n.&nbsp;<\/p>\n\n\n\n<figure class=\"wp-block-gallery has-nested-images columns-default is-cropped wp-block-gallery-1 is-layout-flex wp-block-gallery-is-layout-flex\">\n<figure class=\"wp-block-image size-large\"><img loading=\"lazy\" decoding=\"async\" width=\"1024\" height=\"683\" data-id=\"668245\" src=\"https:\/\/diariodominicano.com\/wp-content\/uploads\/2026\/03\/Shanttal-Zuleta-Frank-Montano-Ervin-Novas-Bello-Arturo-Martinez-Moya-Jose-Alcantara-Almanzar-Hector-Valdez-Albizu-1024x683.jpg\" alt=\"\" class=\"wp-image-668245\" srcset=\"https:\/\/diariodominicano.com\/wp-content\/uploads\/2026\/03\/Shanttal-Zuleta-Frank-Montano-Ervin-Novas-Bello-Arturo-Martinez-Moya-Jose-Alcantara-Almanzar-Hector-Valdez-Albizu-1024x683.jpg 1024w, https:\/\/diariodominicano.com\/wp-content\/uploads\/2026\/03\/Shanttal-Zuleta-Frank-Montano-Ervin-Novas-Bello-Arturo-Martinez-Moya-Jose-Alcantara-Almanzar-Hector-Valdez-Albizu-300x200.jpg 300w, https:\/\/diariodominicano.com\/wp-content\/uploads\/2026\/03\/Shanttal-Zuleta-Frank-Montano-Ervin-Novas-Bello-Arturo-Martinez-Moya-Jose-Alcantara-Almanzar-Hector-Valdez-Albizu-768x512.jpg 768w, https:\/\/diariodominicano.com\/wp-content\/uploads\/2026\/03\/Shanttal-Zuleta-Frank-Montano-Ervin-Novas-Bello-Arturo-Martinez-Moya-Jose-Alcantara-Almanzar-Hector-Valdez-Albizu-816x544.jpg 816w, https:\/\/diariodominicano.com\/wp-content\/uploads\/2026\/03\/Shanttal-Zuleta-Frank-Montano-Ervin-Novas-Bello-Arturo-Martinez-Moya-Jose-Alcantara-Almanzar-Hector-Valdez-Albizu.jpg 1200w\" sizes=\"auto, (max-width: 1024px) 100vw, 1024px\" \/><figcaption class=\"wp-element-caption\">Shanttal Zuleta, Frank Monta\u00f1o, Ervin Novas Bello, Arturo Martinez Moya, Jos\u00e9 Alc\u00e1ntara Alm\u00e1nzar, H\u00e9ctor Valdez Albizu, Julio C\u00e9sar Llibre, Joel Tejeda Compr\u00e9s y Jos\u00e9 Manuel Taveras Lay  <\/figcaption><\/figure>\n\n\n\n<figure class=\"wp-block-image size-large\"><img loading=\"lazy\" decoding=\"async\" width=\"1024\" height=\"716\" data-id=\"668257\" src=\"https:\/\/diariodominicano.com\/wp-content\/uploads\/2026\/03\/Julio-Llibre-Diomedes-Nunez-Blanco-Hector-Valdez-Albizu-y-Evin-Novas-1024x716.jpg\" alt=\"\" class=\"wp-image-668257\" srcset=\"https:\/\/diariodominicano.com\/wp-content\/uploads\/2026\/03\/Julio-Llibre-Diomedes-Nunez-Blanco-Hector-Valdez-Albizu-y-Evin-Novas-1024x716.jpg 1024w, https:\/\/diariodominicano.com\/wp-content\/uploads\/2026\/03\/Julio-Llibre-Diomedes-Nunez-Blanco-Hector-Valdez-Albizu-y-Evin-Novas-300x210.jpg 300w, https:\/\/diariodominicano.com\/wp-content\/uploads\/2026\/03\/Julio-Llibre-Diomedes-Nunez-Blanco-Hector-Valdez-Albizu-y-Evin-Novas-768x537.jpg 768w, https:\/\/diariodominicano.com\/wp-content\/uploads\/2026\/03\/Julio-Llibre-Diomedes-Nunez-Blanco-Hector-Valdez-Albizu-y-Evin-Novas-816x571.jpg 816w, https:\/\/diariodominicano.com\/wp-content\/uploads\/2026\/03\/Julio-Llibre-Diomedes-Nunez-Blanco-Hector-Valdez-Albizu-y-Evin-Novas.jpg 1200w\" sizes=\"auto, (max-width: 1024px) 100vw, 1024px\" \/><figcaption class=\"wp-element-caption\">Julio Llibre, Diomedes Nu\u00f1ez Blanco, H\u00e9ctor Valdez Albizu y Evin Novas <\/figcaption><\/figure>\n\n\n\n<figure class=\"wp-block-image size-large\"><img loading=\"lazy\" decoding=\"async\" width=\"1024\" height=\"861\" data-id=\"668256\" src=\"https:\/\/diariodominicano.com\/wp-content\/uploads\/2026\/03\/Jose-Manuel-Taveras-Lay-y-Jose-Manuel-Mallen-1024x861.jpg\" alt=\"\" class=\"wp-image-668256\" srcset=\"https:\/\/diariodominicano.com\/wp-content\/uploads\/2026\/03\/Jose-Manuel-Taveras-Lay-y-Jose-Manuel-Mallen-1024x861.jpg 1024w, https:\/\/diariodominicano.com\/wp-content\/uploads\/2026\/03\/Jose-Manuel-Taveras-Lay-y-Jose-Manuel-Mallen-300x252.jpg 300w, https:\/\/diariodominicano.com\/wp-content\/uploads\/2026\/03\/Jose-Manuel-Taveras-Lay-y-Jose-Manuel-Mallen-768x646.jpg 768w, https:\/\/diariodominicano.com\/wp-content\/uploads\/2026\/03\/Jose-Manuel-Taveras-Lay-y-Jose-Manuel-Mallen-816x686.jpg 816w, https:\/\/diariodominicano.com\/wp-content\/uploads\/2026\/03\/Jose-Manuel-Taveras-Lay-y-Jose-Manuel-Mallen.jpg 1200w\" sizes=\"auto, (max-width: 1024px) 100vw, 1024px\" \/><figcaption class=\"wp-element-caption\">Jos\u00e9 Alc\u00e1ntara Alm\u00e1nzar, America Prats y Elvis Soto <\/figcaption><\/figure>\n<\/figure>\n\n\n\n<p>Durante la ceremonia de apertura, el gobernador destac\u00f3 el legado del patricio, quien sacrific\u00f3 vida, familia, salud y bienes en aras de una naci\u00f3n soberana, libre de ataduras y yugos de cualquier \u00edndole, al recordar su firme compromiso con la causa independentista, resumido en su c\u00e9lebre expresi\u00f3n: \u201cDios ha de concederme bastante fortaleza para no descender a la tumba sin dejar a mi Patria libre, independiente y triunfante.\u201d<\/p>\n\n\n\n<figure class=\"wp-block-gallery has-nested-images columns-default is-cropped wp-block-gallery-2 is-layout-flex wp-block-gallery-is-layout-flex\">\n<figure class=\"wp-block-image size-large\"><img loading=\"lazy\" decoding=\"async\" width=\"1024\" height=\"683\" data-id=\"668255\" src=\"https:\/\/diariodominicano.com\/wp-content\/uploads\/2026\/03\/Mely-Ciprian-Diomedes-Nunez-Polanco-Veronica-Sencion-y-Juan-Pablo-Uribe-1024x683.jpg\" alt=\"\" class=\"wp-image-668255\" srcset=\"https:\/\/diariodominicano.com\/wp-content\/uploads\/2026\/03\/Mely-Ciprian-Diomedes-Nunez-Polanco-Veronica-Sencion-y-Juan-Pablo-Uribe-1024x683.jpg 1024w, https:\/\/diariodominicano.com\/wp-content\/uploads\/2026\/03\/Mely-Ciprian-Diomedes-Nunez-Polanco-Veronica-Sencion-y-Juan-Pablo-Uribe-300x200.jpg 300w, https:\/\/diariodominicano.com\/wp-content\/uploads\/2026\/03\/Mely-Ciprian-Diomedes-Nunez-Polanco-Veronica-Sencion-y-Juan-Pablo-Uribe-768x512.jpg 768w, https:\/\/diariodominicano.com\/wp-content\/uploads\/2026\/03\/Mely-Ciprian-Diomedes-Nunez-Polanco-Veronica-Sencion-y-Juan-Pablo-Uribe-816x544.jpg 816w, https:\/\/diariodominicano.com\/wp-content\/uploads\/2026\/03\/Mely-Ciprian-Diomedes-Nunez-Polanco-Veronica-Sencion-y-Juan-Pablo-Uribe.jpg 1200w\" sizes=\"auto, (max-width: 1024px) 100vw, 1024px\" \/><figcaption class=\"wp-element-caption\">Mely Ciprian, Diomedes Nu\u00f1ez Polanco, Ver\u00f3nica Senci\u00f3n y Juan Pablo Uribe <br>Juan Pablo Uribe y H\u00e9ctor Valdez Albizu <\/figcaption><\/figure>\n\n\n\n<figure class=\"wp-block-image size-large\"><img loading=\"lazy\" decoding=\"async\" width=\"1024\" height=\"683\" data-id=\"668254\" src=\"https:\/\/diariodominicano.com\/wp-content\/uploads\/2026\/03\/Jose-Manuel-Henriquez-Sone-Marina-Noble-y-Manuel-Perez-Maduro-1024x683.jpg\" alt=\"\" class=\"wp-image-668254\" srcset=\"https:\/\/diariodominicano.com\/wp-content\/uploads\/2026\/03\/Jose-Manuel-Henriquez-Sone-Marina-Noble-y-Manuel-Perez-Maduro-1024x683.jpg 1024w, https:\/\/diariodominicano.com\/wp-content\/uploads\/2026\/03\/Jose-Manuel-Henriquez-Sone-Marina-Noble-y-Manuel-Perez-Maduro-300x200.jpg 300w, https:\/\/diariodominicano.com\/wp-content\/uploads\/2026\/03\/Jose-Manuel-Henriquez-Sone-Marina-Noble-y-Manuel-Perez-Maduro-768x512.jpg 768w, https:\/\/diariodominicano.com\/wp-content\/uploads\/2026\/03\/Jose-Manuel-Henriquez-Sone-Marina-Noble-y-Manuel-Perez-Maduro-1536x1024.jpg 1536w, https:\/\/diariodominicano.com\/wp-content\/uploads\/2026\/03\/Jose-Manuel-Henriquez-Sone-Marina-Noble-y-Manuel-Perez-Maduro-816x544.jpg 816w, https:\/\/diariodominicano.com\/wp-content\/uploads\/2026\/03\/Jose-Manuel-Henriquez-Sone-Marina-Noble-y-Manuel-Perez-Maduro.jpg 1800w\" sizes=\"auto, (max-width: 1024px) 100vw, 1024px\" \/><figcaption class=\"wp-element-caption\">Jos\u00e9 Manuel Henr\u00edquez So\u00f1\u00e9, Marina Noble y Manuel P\u00e9rez Maduro <\/figcaption><\/figure>\n\n\n\n<figure class=\"wp-block-image size-large\"><img loading=\"lazy\" decoding=\"async\" width=\"1024\" height=\"683\" data-id=\"668253\" src=\"https:\/\/diariodominicano.com\/wp-content\/uploads\/2026\/03\/Juan-Pablo-Uribe-y-Hector-Valdez-Albizu-1024x683.jpg\" alt=\"\" class=\"wp-image-668253\" srcset=\"https:\/\/diariodominicano.com\/wp-content\/uploads\/2026\/03\/Juan-Pablo-Uribe-y-Hector-Valdez-Albizu-1024x683.jpg 1024w, https:\/\/diariodominicano.com\/wp-content\/uploads\/2026\/03\/Juan-Pablo-Uribe-y-Hector-Valdez-Albizu-300x200.jpg 300w, https:\/\/diariodominicano.com\/wp-content\/uploads\/2026\/03\/Juan-Pablo-Uribe-y-Hector-Valdez-Albizu-768x512.jpg 768w, https:\/\/diariodominicano.com\/wp-content\/uploads\/2026\/03\/Juan-Pablo-Uribe-y-Hector-Valdez-Albizu-816x544.jpg 816w, https:\/\/diariodominicano.com\/wp-content\/uploads\/2026\/03\/Juan-Pablo-Uribe-y-Hector-Valdez-Albizu.jpg 1200w\" sizes=\"auto, (max-width: 1024px) 100vw, 1024px\" \/><figcaption class=\"wp-element-caption\">Juan Pablo Uribe y H\u00e9ctor Valdez Albizu <\/figcaption><\/figure>\n<\/figure>\n\n\n\n<p>Valdez Albizu afirm\u00f3 que entre las piezas exhibidas en la exposici\u00f3n figuran las monedas conmemorativas al centenario del fallecimiento de Duarte, acu\u00f1adas en 1976, as\u00ed como emisiones posteriores de 1977, 1979 y 1981. Tambi\u00e9n se presentan billetes de un peso de la primera emisi\u00f3n de 1947, con la efigie del pr\u00f3cer en el anverso; ejemplares de la segunda emisi\u00f3n (1961-1963), impresos en tono rojizo; as\u00ed como billetes correspondientes a la tercera (1964-1978) y cuarta emisi\u00f3n (1977-1998).<\/p>\n\n\n\n<figure class=\"wp-block-gallery has-nested-images columns-default is-cropped wp-block-gallery-3 is-layout-flex wp-block-gallery-is-layout-flex\">\n<figure class=\"wp-block-image size-large\"><img loading=\"lazy\" decoding=\"async\" width=\"1024\" height=\"683\" data-id=\"668252\" src=\"https:\/\/diariodominicano.com\/wp-content\/uploads\/2026\/03\/Ervin-Novas-Veronica-Sencion-Hector-Valdez-Albizu-y-Shanttal-Zuleta-1024x683.jpg\" alt=\"\" class=\"wp-image-668252\" srcset=\"https:\/\/diariodominicano.com\/wp-content\/uploads\/2026\/03\/Ervin-Novas-Veronica-Sencion-Hector-Valdez-Albizu-y-Shanttal-Zuleta-1024x683.jpg 1024w, https:\/\/diariodominicano.com\/wp-content\/uploads\/2026\/03\/Ervin-Novas-Veronica-Sencion-Hector-Valdez-Albizu-y-Shanttal-Zuleta-300x200.jpg 300w, https:\/\/diariodominicano.com\/wp-content\/uploads\/2026\/03\/Ervin-Novas-Veronica-Sencion-Hector-Valdez-Albizu-y-Shanttal-Zuleta-768x512.jpg 768w, https:\/\/diariodominicano.com\/wp-content\/uploads\/2026\/03\/Ervin-Novas-Veronica-Sencion-Hector-Valdez-Albizu-y-Shanttal-Zuleta-816x544.jpg 816w, https:\/\/diariodominicano.com\/wp-content\/uploads\/2026\/03\/Ervin-Novas-Veronica-Sencion-Hector-Valdez-Albizu-y-Shanttal-Zuleta.jpg 1200w\" sizes=\"auto, (max-width: 1024px) 100vw, 1024px\" \/><figcaption class=\"wp-element-caption\">Ervin Novas, Ver\u00f3nica Senci\u00f3n, H\u00e9ctor Valdez Albizu y Shanttal Zuleta <\/figcaption><\/figure>\n\n\n\n<figure class=\"wp-block-image size-large\"><img loading=\"lazy\" decoding=\"async\" width=\"1024\" height=\"683\" data-id=\"668251\" src=\"https:\/\/diariodominicano.com\/wp-content\/uploads\/2026\/03\/Oscar-Florencio-Rojas-Elvis-Soto-Scarlet-Vicente-Lucidania-De-Jesus-Gladys-Guerrero-y-Juan-Garcia-Corporan-1024x683.jpg\" alt=\"\" class=\"wp-image-668251\" srcset=\"https:\/\/diariodominicano.com\/wp-content\/uploads\/2026\/03\/Oscar-Florencio-Rojas-Elvis-Soto-Scarlet-Vicente-Lucidania-De-Jesus-Gladys-Guerrero-y-Juan-Garcia-Corporan-1024x683.jpg 1024w, https:\/\/diariodominicano.com\/wp-content\/uploads\/2026\/03\/Oscar-Florencio-Rojas-Elvis-Soto-Scarlet-Vicente-Lucidania-De-Jesus-Gladys-Guerrero-y-Juan-Garcia-Corporan-300x200.jpg 300w, https:\/\/diariodominicano.com\/wp-content\/uploads\/2026\/03\/Oscar-Florencio-Rojas-Elvis-Soto-Scarlet-Vicente-Lucidania-De-Jesus-Gladys-Guerrero-y-Juan-Garcia-Corporan-768x512.jpg 768w, https:\/\/diariodominicano.com\/wp-content\/uploads\/2026\/03\/Oscar-Florencio-Rojas-Elvis-Soto-Scarlet-Vicente-Lucidania-De-Jesus-Gladys-Guerrero-y-Juan-Garcia-Corporan-816x544.jpg 816w, https:\/\/diariodominicano.com\/wp-content\/uploads\/2026\/03\/Oscar-Florencio-Rojas-Elvis-Soto-Scarlet-Vicente-Lucidania-De-Jesus-Gladys-Guerrero-y-Juan-Garcia-Corporan.jpg 1200w\" sizes=\"auto, (max-width: 1024px) 100vw, 1024px\" \/><figcaption class=\"wp-element-caption\">Oscar Florencio Rojas, Elvis Soto, Scarlet Vicente, Lucidania De Jes\u00fas, Gladys Guerrero y Juan Garcia Corpor\u00e1n <\/figcaption><\/figure>\n\n\n\n<figure class=\"wp-block-image size-large\"><img loading=\"lazy\" decoding=\"async\" width=\"1024\" height=\"683\" data-id=\"668249\" src=\"https:\/\/diariodominicano.com\/wp-content\/uploads\/2026\/03\/Riccio-Hermida-Brenda-Villanueva-y-Miguel-Pichardo-1024x683.jpg\" alt=\"\" class=\"wp-image-668249\" srcset=\"https:\/\/diariodominicano.com\/wp-content\/uploads\/2026\/03\/Riccio-Hermida-Brenda-Villanueva-y-Miguel-Pichardo-1024x683.jpg 1024w, https:\/\/diariodominicano.com\/wp-content\/uploads\/2026\/03\/Riccio-Hermida-Brenda-Villanueva-y-Miguel-Pichardo-300x200.jpg 300w, https:\/\/diariodominicano.com\/wp-content\/uploads\/2026\/03\/Riccio-Hermida-Brenda-Villanueva-y-Miguel-Pichardo-768x512.jpg 768w, https:\/\/diariodominicano.com\/wp-content\/uploads\/2026\/03\/Riccio-Hermida-Brenda-Villanueva-y-Miguel-Pichardo-816x544.jpg 816w, https:\/\/diariodominicano.com\/wp-content\/uploads\/2026\/03\/Riccio-Hermida-Brenda-Villanueva-y-Miguel-Pichardo.jpg 1200w\" sizes=\"auto, (max-width: 1024px) 100vw, 1024px\" \/><figcaption class=\"wp-element-caption\">Riccio Hermida, Brenda Villanueva y Miguel Pichardo<\/figcaption><\/figure>\n<\/figure>\n\n\n\n<p>El gobernador del BCRD agreg\u00f3 que en la exhibici\u00f3n: \u201cel p\u00fablico puede apreciar el billete de 100 pesos de la quinta familia, encabezado por Duarte junto a Francisco del Rosario S\u00e1nchez y Mat\u00edas Ram\u00f3n Mella, compa\u00f1eros entra\u00f1ables en la gesta independentista\u201d.\u00a0<\/p>\n\n\n\n<p><strong>La exposici\u00f3n<\/strong><\/p>\n\n\n\n<figure class=\"wp-block-gallery has-nested-images columns-default is-cropped wp-block-gallery-4 is-layout-flex wp-block-gallery-is-layout-flex\">\n<figure class=\"wp-block-image size-large\"><img loading=\"lazy\" decoding=\"async\" width=\"1024\" height=\"683\" data-id=\"668248\" src=\"https:\/\/diariodominicano.com\/wp-content\/uploads\/2026\/03\/Luisa-Hernandez-Shanttal-Zuleta-y-Ingrid-Gonzalez-1024x683.jpg\" alt=\"\" class=\"wp-image-668248\" srcset=\"https:\/\/diariodominicano.com\/wp-content\/uploads\/2026\/03\/Luisa-Hernandez-Shanttal-Zuleta-y-Ingrid-Gonzalez-1024x683.jpg 1024w, https:\/\/diariodominicano.com\/wp-content\/uploads\/2026\/03\/Luisa-Hernandez-Shanttal-Zuleta-y-Ingrid-Gonzalez-300x200.jpg 300w, https:\/\/diariodominicano.com\/wp-content\/uploads\/2026\/03\/Luisa-Hernandez-Shanttal-Zuleta-y-Ingrid-Gonzalez-768x512.jpg 768w, https:\/\/diariodominicano.com\/wp-content\/uploads\/2026\/03\/Luisa-Hernandez-Shanttal-Zuleta-y-Ingrid-Gonzalez-1536x1024.jpg 1536w, https:\/\/diariodominicano.com\/wp-content\/uploads\/2026\/03\/Luisa-Hernandez-Shanttal-Zuleta-y-Ingrid-Gonzalez-816x544.jpg 816w, https:\/\/diariodominicano.com\/wp-content\/uploads\/2026\/03\/Luisa-Hernandez-Shanttal-Zuleta-y-Ingrid-Gonzalez.jpg 1800w\" sizes=\"auto, (max-width: 1024px) 100vw, 1024px\" \/><figcaption class=\"wp-element-caption\">Luisa Hern\u00e1ndez, Shanttal Zuleta y Ingrid G\u00f3nzalez  <\/figcaption><\/figure>\n<\/figure>\n\n\n\n<p>La exhibici\u00f3n, que estar\u00e1 abierta al p\u00fablico hasta el 27 de marzo, en horario de 9:00 a. m. a 4:00 p. m., incluye tambi\u00e9n monedas dedicadas a los Derechos Humanos en la d\u00e9cada de los ochenta y la moneda de un peso que sustituy\u00f3 el billete de igual denominaci\u00f3n. En el \u00e1mbito filat\u00e9lico, la exposici\u00f3n presenta una serie de sellos postales emitidos en honor a Duarte, entre ellos los dedicados al centenario de su nacimiento, a su casa natal, a su viaje a Hamburgo (Alemania) y a su hist\u00f3rica \u201cRendici\u00f3n de cuentas\u201d, testimonio de su pulcritud y transparencia en el manejo de los fondos p\u00fablicos en 1844.<\/p>\n\n\n\n<figure class=\"wp-block-gallery has-nested-images columns-default is-cropped wp-block-gallery-5 is-layout-flex wp-block-gallery-is-layout-flex\">\n<figure class=\"wp-block-image size-large\"><img loading=\"lazy\" decoding=\"async\" width=\"1024\" height=\"683\" data-id=\"668247\" src=\"https:\/\/diariodominicano.com\/wp-content\/uploads\/2026\/03\/Joel-Tejeda-Compres-Shanttal-Zuleta-Frank-Montano-y-Jose-Manuel-Taveras-Lay-1024x683.jpg\" alt=\"\" class=\"wp-image-668247\" srcset=\"https:\/\/diariodominicano.com\/wp-content\/uploads\/2026\/03\/Joel-Tejeda-Compres-Shanttal-Zuleta-Frank-Montano-y-Jose-Manuel-Taveras-Lay-1024x683.jpg 1024w, https:\/\/diariodominicano.com\/wp-content\/uploads\/2026\/03\/Joel-Tejeda-Compres-Shanttal-Zuleta-Frank-Montano-y-Jose-Manuel-Taveras-Lay-300x200.jpg 300w, https:\/\/diariodominicano.com\/wp-content\/uploads\/2026\/03\/Joel-Tejeda-Compres-Shanttal-Zuleta-Frank-Montano-y-Jose-Manuel-Taveras-Lay-768x512.jpg 768w, https:\/\/diariodominicano.com\/wp-content\/uploads\/2026\/03\/Joel-Tejeda-Compres-Shanttal-Zuleta-Frank-Montano-y-Jose-Manuel-Taveras-Lay-816x544.jpg 816w, https:\/\/diariodominicano.com\/wp-content\/uploads\/2026\/03\/Joel-Tejeda-Compres-Shanttal-Zuleta-Frank-Montano-y-Jose-Manuel-Taveras-Lay.jpg 1200w\" sizes=\"auto, (max-width: 1024px) 100vw, 1024px\" \/><figcaption class=\"wp-element-caption\">Joel Tejeda Compr\u00e9s, Shanttal Zuleta, Frank Monta\u00f1o y Jos\u00e9 Manuel Taveras Lay  <\/figcaption><\/figure>\n\n\n\n<figure class=\"wp-block-image size-large\"><img loading=\"lazy\" decoding=\"async\" width=\"1024\" height=\"683\" data-id=\"668246\" src=\"https:\/\/diariodominicano.com\/wp-content\/uploads\/2026\/03\/Arturo-Martinez-Moya-y-Yamira-Serulle-1024x683.jpg\" alt=\"\" class=\"wp-image-668246\" srcset=\"https:\/\/diariodominicano.com\/wp-content\/uploads\/2026\/03\/Arturo-Martinez-Moya-y-Yamira-Serulle-1024x683.jpg 1024w, https:\/\/diariodominicano.com\/wp-content\/uploads\/2026\/03\/Arturo-Martinez-Moya-y-Yamira-Serulle-300x200.jpg 300w, https:\/\/diariodominicano.com\/wp-content\/uploads\/2026\/03\/Arturo-Martinez-Moya-y-Yamira-Serulle-768x512.jpg 768w, https:\/\/diariodominicano.com\/wp-content\/uploads\/2026\/03\/Arturo-Martinez-Moya-y-Yamira-Serulle-1536x1024.jpg 1536w, https:\/\/diariodominicano.com\/wp-content\/uploads\/2026\/03\/Arturo-Martinez-Moya-y-Yamira-Serulle-816x544.jpg 816w, https:\/\/diariodominicano.com\/wp-content\/uploads\/2026\/03\/Arturo-Martinez-Moya-y-Yamira-Serulle.jpg 1800w\" sizes=\"auto, (max-width: 1024px) 100vw, 1024px\" \/><figcaption class=\"wp-element-caption\">Sarah Reynoso, Arturo Mart\u00ed nez Moya y Yamira Serulle <\/figcaption><\/figure>\n<\/figure>\n\n\n\n<p>Estuvieron presentes junto al gobernador los miembros de la honorable Junta Monetaria, Arturo Mart\u00ednez Moya, Julio Llibre y Jos\u00e9 Manuel Mall\u00e9n; por el BCRD el gerente, Ervin Novas Bello; el contralor, Jos\u00e9 Manuel Taveras Lay; el subgerente general, Frank Monta\u00f1o;&nbsp; el subgerente de Pol\u00edticas Monetaria, Cambiaria y Financiera,&nbsp; Joel Tejeda Compr\u00e9s; la subgerente Administrativo y de Servicios, Shanttal Zuleta Brea; el subgerente cultural, Jos\u00e9 Alc\u00e1ntara Alm\u00e1nzar, entre otros colaboradores de la instituci\u00f3n, as\u00ed como representantes del Instituto Duartiano, miembros de la Sociedad Numism\u00e1tica y la Sociedad Filat\u00e9lica de la Rep\u00fablica Dominicana.<\/p>\n\n\n\n<p>Johanna Encarnacion Santana &lt;<a href=\"mailto:j.encarnacion@bancentral.gov.do\">j.encarnacion@bancentral.gov.do<\/a>&nbsp;<\/p>\n\n\n\n<p><\/p>\n","protected":false},"excerpt":{"rendered":"<p>La exposici\u00f3n re\u00fane una de las m\u00e1s completas colecciones de testimonios numism\u00e1ticos y filat\u00e9licos dedicados a Juan Pablo Duarte&nbsp; Santo Domingo, Rep\u00fablica Dominicana. \u2013 El gobernador del Banco Central de la Rep\u00fablica Dominicana (BCRD), H\u00e9ctor Valdez Albizu, presidi\u00f3 el acto de inauguraci\u00f3n de la exposici\u00f3n \u201cHomenaje a Juan Pablo Duarte en el sesquicentenario de su [&hellip;]<\/p>\n","protected":false},"author":7,"featured_media":668250,"comment_status":"closed","ping_status":"closed","sticky":false,"template":"","format":"standard","meta":{"footnotes":""},"categories":[21],"tags":[526],"class_list":["post-668168","post","type-post","status-publish","format-standard","has-post-thumbnail","hentry","category-cultura","tag-banco-central-de-la-republica-dominicana-bcrd"],"_links":{"self":[{"href":"https:\/\/diariodominicano.com\/index.php?rest_route=\/wp\/v2\/posts\/668168","targetHints":{"allow":["GET"]}}],"collection":[{"href":"https:\/\/diariodominicano.com\/index.php?rest_route=\/wp\/v2\/posts"}],"about":[{"href":"https:\/\/diariodominicano.com\/index.php?rest_route=\/wp\/v2\/types\/post"}],"author":[{"embeddable":true,"href":"https:\/\/diariodominicano.com\/index.php?rest_route=\/wp\/v2\/users\/7"}],"replies":[{"embeddable":true,"href":"https:\/\/diariodominicano.com\/index.php?rest_route=%2Fwp%2Fv2%2Fcomments&post=668168"}],"version-history":[{"count":1,"href":"https:\/\/diariodominicano.com\/index.php?rest_route=\/wp\/v2\/posts\/668168\/revisions"}],"predecessor-version":[{"id":668258,"href":"https:\/\/diariodominicano.com\/index.php?rest_route=\/wp\/v2\/posts\/668168\/revisions\/668258"}],"wp:featuredmedia":[{"embeddable":true,"href":"https:\/\/diariodominicano.com\/index.php?rest_route=\/wp\/v2\/media\/668250"}],"wp:attachment":[{"href":"https:\/\/diariodominicano.com\/index.php?rest_route=%2Fwp%2Fv2%2Fmedia&parent=668168"}],"wp:term":[{"taxonomy":"category","embeddable":true,"href":"https:\/\/diariodominicano.com\/index.php?rest_route=%2Fwp%2Fv2%2Fcategories&post=668168"},{"taxonomy":"post_tag","embeddable":true,"href":"https:\/\/diariodominicano.com\/index.php?rest_route=%2Fwp%2Fv2%2Ftags&post=668168"}],"curies":[{"name":"wp","href":"https:\/\/api.w.org\/{rel}","templated":true}]}}