{"id":668115,"date":"2026-03-03T15:14:37","date_gmt":"2026-03-03T19:14:37","guid":{"rendered":"https:\/\/diariodominicano.com\/?p=668115"},"modified":"2026-03-03T15:14:41","modified_gmt":"2026-03-03T19:14:41","slug":"defensa-civil-y-onaprep-acuerdan-capacitar-en-gestion-de-riesgos-a-privados-de-libertad","status":"publish","type":"post","link":"https:\/\/diariodominicano.com\/?p=668115","title":{"rendered":"Defensa Civil y Onaprep acuerdan capacitar en gesti\u00f3n de riesgos a privados de libertad"},"content":{"rendered":"\n<p><strong><u>Santo Domingo. \u2013&nbsp;La Defensa Civil y la Oficina Nacional de Apoyo a la Reforma Penitenciaria (Onaprep) firmaron este lunes un convenio de cooperaci\u00f3n para impartir capacitaciones en gesti\u00f3n de riesgos dirigidas a los internos y al personal que integran los diversos \u00f3rganos de la estructura del Sistema Penitenciario y Correccional en la Rep\u00fablica Dominicana.<\/u><\/strong><\/p>\n\n\n\n<p><strong><u>El convenio fue suscrito por Juan Salas, presidente de la Comisi\u00f3n Nacional de Emergencias (CNE) y director ejecutivo de la Defensa Civil y el director de la Onaprep, Roberto Santana.<\/u><\/strong><\/p>\n\n\n\n<p><strong><u>Como parte de lo acordado, los privados de libertad y el personal que trabaja en los centros ser\u00e1n instruidos en cursos b\u00e1sicos de manejo de emergencias y gesti\u00f3n integral del riesgo de desastres, a trav\u00e9s de la Escuela Nacional de Gesti\u00f3n de Riesgos (ESNAGERI), con la finalidad de que puedan salvar vidas ante cualquier situaci\u00f3n que se presente.<\/u><\/strong><\/p>\n\n\n\n<p><strong><u>\u201cEstos cursos servir\u00e1n para que los beneficiarios puedan ser los primeros respondedores ante cualquier situaci\u00f3n de emergencia dentro de los Centros de Correcci\u00f3n y Rehabilitaci\u00f3n. Este es un compromiso que hemos asumido con la prevenci\u00f3n desde nuestra instituci\u00f3n naranja\u201d, dijo el director Salas.<\/u><\/strong><\/p>\n\n\n\n<p><strong><u>De su lado, Roberto Santana agradeci\u00f3 a la Defensa Civil, por el apoyo de siempre y se comprometi\u00f3 a seguir de cerca los lineamientos del acuerdo, para preservar la integridad de su personal y de los internos.<\/u><\/strong><\/p>\n\n\n\n<p><strong><u>\u201cEn primer lugar, les doy las gracias muy sinceramente, Salas, a ti y a tu equipo, por esta oportunidad de coordinaci\u00f3n y de mancomunidad a favor de nuestro pa\u00eds, de la posibilidad de salvar vidas, de tener una mejor convivencia y de tener un pa\u00eds m\u00e1s seguro. Gracias sinceramente\u201d indic\u00f3.<\/u><\/strong><\/p>\n\n\n\n<p><strong><u>A\u00f1adi\u00f3 que Onaprep es la gran beneficiada de este esfuerzo, \u201cpor todo lo que Defensa Civil pone en nuestras manos: capacitaciones para el personal, para los privados de libertad, pero ponen en nuestras manos tambi\u00e9n la posibilidad de que nosotros hagamos mejor nuestro trabajo\u201d.<\/u><\/strong><\/p>\n\n\n\n<p><strong><u>Entre los cursos que se facilitar\u00e1n est\u00e1n: Ruta de Evacuaci\u00f3n; Primeros Auxilios B\u00e1sicos; Uso y Manejo de Extintores; Manejo de Sustancias Peligrosas; Manejo de Albergues y Sistema de Alerta Temprana.<\/u><\/strong><\/p>\n\n\n\n<p><strong><u>La firma se desarroll\u00f3 en las instalaciones del Edificio de la Comisi\u00f3n Nacional de Emergencias en el Distrito Nacional. Participaron, adem\u00e1s, subdirectores, t\u00e9cnicos y administrativos de ambas entidades.<\/u><\/strong><\/p>\n\n\n\n<p><strong><u>Departamento de Comunicaciones Defensa Civil<\/u><\/strong><\/p>\n","protected":false},"excerpt":{"rendered":"<p>Santo Domingo. \u2013&nbsp;La Defensa Civil y la Oficina Nacional de Apoyo a la Reforma Penitenciaria (Onaprep) firmaron este lunes un convenio de cooperaci\u00f3n para impartir capacitaciones en gesti\u00f3n de riesgos dirigidas a los internos y al personal que integran los diversos \u00f3rganos de la estructura del Sistema Penitenciario y Correccional en la Rep\u00fablica Dominicana. El [&hellip;]<\/p>\n","protected":false},"author":7,"featured_media":668129,"comment_status":"closed","ping_status":"closed","sticky":false,"template":"","format":"standard","meta":{"footnotes":""},"categories":[36],"tags":[573,4931],"class_list":["post-668115","post","type-post","status-publish","format-standard","has-post-thumbnail","hentry","category-hombresmujeresycosas","tag-defensa-civil","tag-onaprep"],"_links":{"self":[{"href":"https:\/\/diariodominicano.com\/index.php?rest_route=\/wp\/v2\/posts\/668115","targetHints":{"allow":["GET"]}}],"collection":[{"href":"https:\/\/diariodominicano.com\/index.php?rest_route=\/wp\/v2\/posts"}],"about":[{"href":"https:\/\/diariodominicano.com\/index.php?rest_route=\/wp\/v2\/types\/post"}],"author":[{"embeddable":true,"href":"https:\/\/diariodominicano.com\/index.php?rest_route=\/wp\/v2\/users\/7"}],"replies":[{"embeddable":true,"href":"https:\/\/diariodominicano.com\/index.php?rest_route=%2Fwp%2Fv2%2Fcomments&post=668115"}],"version-history":[{"count":1,"href":"https:\/\/diariodominicano.com\/index.php?rest_route=\/wp\/v2\/posts\/668115\/revisions"}],"predecessor-version":[{"id":668130,"href":"https:\/\/diariodominicano.com\/index.php?rest_route=\/wp\/v2\/posts\/668115\/revisions\/668130"}],"wp:featuredmedia":[{"embeddable":true,"href":"https:\/\/diariodominicano.com\/index.php?rest_route=\/wp\/v2\/media\/668129"}],"wp:attachment":[{"href":"https:\/\/diariodominicano.com\/index.php?rest_route=%2Fwp%2Fv2%2Fmedia&parent=668115"}],"wp:term":[{"taxonomy":"category","embeddable":true,"href":"https:\/\/diariodominicano.com\/index.php?rest_route=%2Fwp%2Fv2%2Fcategories&post=668115"},{"taxonomy":"post_tag","embeddable":true,"href":"https:\/\/diariodominicano.com\/index.php?rest_route=%2Fwp%2Fv2%2Ftags&post=668115"}],"curies":[{"name":"wp","href":"https:\/\/api.w.org\/{rel}","templated":true}]}}