{"id":668089,"date":"2026-03-03T10:55:03","date_gmt":"2026-03-03T14:55:03","guid":{"rendered":"https:\/\/diariodominicano.com\/?p=668089"},"modified":"2026-03-03T10:55:14","modified_gmt":"2026-03-03T14:55:14","slug":"ee-uu-felicita-al-pueblo-de-bulgaria-en-su-dia-nacional","status":"publish","type":"post","link":"https:\/\/diariodominicano.com\/?p=668089","title":{"rendered":"EE UU felicita al pueblo de Bulgaria en su D\u00eda Nacional"},"content":{"rendered":"\n<p>El secretario de Estado Marco Rubio expres\u00f3 en el mensaje estadounidense: \u00abComo aliados de confianza, Estados Unidos y Bulgaria comparten un profundo compromiso con la paz, la seguridad y la prosperidad\u00bb.<\/p>\n\n\n\n<p>3 de marzo de 2026<\/p>\n\n\n\n<p>Diario Dominicano copia a continuaci\u00f3n el texto \u00edntegro: \u00abEn nombre de los Estados Unidos de Am\u00e9rica, felicito al pueblo de Bulgaria en su D\u00eda Nacional. Hoy nos unimos a ustedes para celebrar los 148 a\u00f1os de la liberaci\u00f3n de Bulgaria.<\/p>\n\n\n\n<p>\u00abComo aliados de confianza, Estados Unidos y Bulgaria comparten un profundo compromiso con la paz, la seguridad y la prosperidad. Nuestra estrecha cooperaci\u00f3n en materia de defensa est\u00e1 fortaleciendo las capacidades para defender a Bulgaria y el flanco oriental de la OTAN. La colaboraci\u00f3n bilateral en el sector energ\u00e9tico est\u00e1 reforzando la seguridad energ\u00e9tica de la regi\u00f3n del Mar Negro y facilitando nuevas inversiones, alianzas econ\u00f3micas y la prosperidad de ambas naciones.<\/p>\n\n\n\n<p>U.S. Department of State<\/p>\n\n\n\n<p><a target=\"_blank\" href=\"mailto:usstatebpa@public.govdelivery.com\" rel=\"noreferrer noopener\">usstatebpa@public.govdelivery.com<\/a><\/p>\n","protected":false},"excerpt":{"rendered":"<p>El secretario de Estado Marco Rubio expres\u00f3 en el mensaje estadounidense: \u00abComo aliados de confianza, Estados Unidos y Bulgaria comparten un profundo compromiso con la paz, la seguridad y la prosperidad\u00bb. 3 de marzo de 2026 Diario Dominicano copia a continuaci\u00f3n el texto \u00edntegro: \u00abEn nombre de los Estados Unidos de Am\u00e9rica, felicito al pueblo [&hellip;]<\/p>\n","protected":false},"author":2,"featured_media":655062,"comment_status":"open","ping_status":"closed","sticky":false,"template":"","format":"standard","meta":{"footnotes":""},"categories":[23,27],"tags":[3227],"class_list":["post-668089","post","type-post","status-publish","format-standard","has-post-thumbnail","hentry","category-internacional","category-portada","tag-marco-rubio"],"_links":{"self":[{"href":"https:\/\/diariodominicano.com\/index.php?rest_route=\/wp\/v2\/posts\/668089","targetHints":{"allow":["GET"]}}],"collection":[{"href":"https:\/\/diariodominicano.com\/index.php?rest_route=\/wp\/v2\/posts"}],"about":[{"href":"https:\/\/diariodominicano.com\/index.php?rest_route=\/wp\/v2\/types\/post"}],"author":[{"embeddable":true,"href":"https:\/\/diariodominicano.com\/index.php?rest_route=\/wp\/v2\/users\/2"}],"replies":[{"embeddable":true,"href":"https:\/\/diariodominicano.com\/index.php?rest_route=%2Fwp%2Fv2%2Fcomments&post=668089"}],"version-history":[{"count":1,"href":"https:\/\/diariodominicano.com\/index.php?rest_route=\/wp\/v2\/posts\/668089\/revisions"}],"predecessor-version":[{"id":668090,"href":"https:\/\/diariodominicano.com\/index.php?rest_route=\/wp\/v2\/posts\/668089\/revisions\/668090"}],"wp:featuredmedia":[{"embeddable":true,"href":"https:\/\/diariodominicano.com\/index.php?rest_route=\/wp\/v2\/media\/655062"}],"wp:attachment":[{"href":"https:\/\/diariodominicano.com\/index.php?rest_route=%2Fwp%2Fv2%2Fmedia&parent=668089"}],"wp:term":[{"taxonomy":"category","embeddable":true,"href":"https:\/\/diariodominicano.com\/index.php?rest_route=%2Fwp%2Fv2%2Fcategories&post=668089"},{"taxonomy":"post_tag","embeddable":true,"href":"https:\/\/diariodominicano.com\/index.php?rest_route=%2Fwp%2Fv2%2Ftags&post=668089"}],"curies":[{"name":"wp","href":"https:\/\/api.w.org\/{rel}","templated":true}]}}