{"id":668052,"date":"2026-03-03T02:08:01","date_gmt":"2026-03-03T06:08:01","guid":{"rendered":"https:\/\/diariodominicano.com\/?p=668052"},"modified":"2026-03-03T02:10:57","modified_gmt":"2026-03-03T06:10:57","slug":"shakira-ofrece-un-concierto-gratuito-en-la-ciudad-de-mexico","status":"publish","type":"post","link":"https:\/\/diariodominicano.com\/?p=668052","title":{"rendered":"Shakira ofrece un concierto gratuito en la Ciudad de M\u00e9xico"},"content":{"rendered":"\n<p><em>spanish.news.cn<\/em>|<em>&nbsp;2026-03-03 09:46:45<\/em>|<\/p>\n\n\n\n<p>CIUDAD DE MEXICO, 2 marzo, 2026 (Xinhua) &#8212; Imagen del 1 de marzo de 2026 de la cantante colombiana, Shakira (c), realizando una presentaci\u00f3n durante su concierto gratuito en el Z\u00f3calo de la Ciudad de M\u00e9xico, capital de M\u00e9xico. (Xinhua\/Carolina Endara)<\/p>\n\n\n\n<figure class=\"wp-block-image\"><img decoding=\"async\" src=\"https:\/\/spanish.xinhuanet.com\/20260303\/bafb2b5f77634beda66751a8dc643c6e\/20260303bafb2b5f77634beda66751a8dc643c6e_2026030326c9ebd721394c78a75b16c1e318c478.jpg\" alt=\"\"\/><\/figure>\n\n\n\n<p>CIUDAD DE MEXICO, 2 marzo, 2026 (Xinhua) &#8212; Imagen del 1 de marzo de 2026 de la cantante colombiana, Shakira, realizando una presentaci\u00f3n durante su concierto gratuito en el Z\u00f3calo de la Ciudad de M\u00e9xico, capital de M\u00e9xico. (Xinhua\/Carolina Endara)<\/p>\n\n\n\n<figure class=\"wp-block-image\"><img decoding=\"async\" src=\"https:\/\/spanish.xinhuanet.com\/20260303\/bafb2b5f77634beda66751a8dc643c6e\/20260303bafb2b5f77634beda66751a8dc643c6e_20260303d5c9b9b05c7c4e9baa89cb7d01073ace.jpg\" alt=\"\"\/><\/figure>\n\n\n\n<p>CIUDAD DE MEXICO, 2 marzo, 2026 (Xinhua) &#8212; Imagen del 1 de marzo de 2026 de la cantante colombiana, Shakira, realizando una presentaci\u00f3n durante su concierto gratuito en el Z\u00f3calo de la Ciudad de M\u00e9xico, capital de M\u00e9xico. (Xinhua\/Carolina Endara)<\/p>\n\n\n\n<figure class=\"wp-block-image\"><img decoding=\"async\" src=\"https:\/\/spanish.xinhuanet.com\/20260303\/bafb2b5f77634beda66751a8dc643c6e\/20260303bafb2b5f77634beda66751a8dc643c6e_20260303eb380a720e66404bb4c3966eb4cb7dfb.jpg\" alt=\"\"\/><\/figure>\n\n\n\n<p>CIUDAD DE MEXICO, 2 marzo, 2026 (Xinhua) &#8212; Imagen del 1 de marzo de 2026 de la cantante colombiana, Shakira, realizando una presentaci\u00f3n durante su concierto gratuito en el Z\u00f3calo de la Ciudad de M\u00e9xico, capital de M\u00e9xico. (Xinhua\/Carolina Endara)<\/p>\n","protected":false},"excerpt":{"rendered":"<p>spanish.news.cn|&nbsp;2026-03-03 09:46:45| CIUDAD DE MEXICO, 2 marzo, 2026 (Xinhua) &#8212; Imagen del 1 de marzo de 2026 de la cantante colombiana, Shakira (c), realizando una presentaci\u00f3n durante su concierto gratuito en el Z\u00f3calo de la Ciudad de M\u00e9xico, capital de M\u00e9xico. (Xinhua\/Carolina Endara) CIUDAD DE MEXICO, 2 marzo, 2026 (Xinhua) &#8212; Imagen del 1 de [&hellip;]<\/p>\n","protected":false},"author":28,"featured_media":668053,"comment_status":"open","ping_status":"closed","sticky":false,"template":"","format":"standard","meta":{"footnotes":""},"categories":[36,25],"tags":[4923],"class_list":["post-668052","post","type-post","status-publish","format-standard","has-post-thumbnail","hentry","category-hombresmujeresycosas","category-gente","tag-shakira"],"_links":{"self":[{"href":"https:\/\/diariodominicano.com\/index.php?rest_route=\/wp\/v2\/posts\/668052","targetHints":{"allow":["GET"]}}],"collection":[{"href":"https:\/\/diariodominicano.com\/index.php?rest_route=\/wp\/v2\/posts"}],"about":[{"href":"https:\/\/diariodominicano.com\/index.php?rest_route=\/wp\/v2\/types\/post"}],"author":[{"embeddable":true,"href":"https:\/\/diariodominicano.com\/index.php?rest_route=\/wp\/v2\/users\/28"}],"replies":[{"embeddable":true,"href":"https:\/\/diariodominicano.com\/index.php?rest_route=%2Fwp%2Fv2%2Fcomments&post=668052"}],"version-history":[{"count":1,"href":"https:\/\/diariodominicano.com\/index.php?rest_route=\/wp\/v2\/posts\/668052\/revisions"}],"predecessor-version":[{"id":668054,"href":"https:\/\/diariodominicano.com\/index.php?rest_route=\/wp\/v2\/posts\/668052\/revisions\/668054"}],"wp:featuredmedia":[{"embeddable":true,"href":"https:\/\/diariodominicano.com\/index.php?rest_route=\/wp\/v2\/media\/668053"}],"wp:attachment":[{"href":"https:\/\/diariodominicano.com\/index.php?rest_route=%2Fwp%2Fv2%2Fmedia&parent=668052"}],"wp:term":[{"taxonomy":"category","embeddable":true,"href":"https:\/\/diariodominicano.com\/index.php?rest_route=%2Fwp%2Fv2%2Fcategories&post=668052"},{"taxonomy":"post_tag","embeddable":true,"href":"https:\/\/diariodominicano.com\/index.php?rest_route=%2Fwp%2Fv2%2Ftags&post=668052"}],"curies":[{"name":"wp","href":"https:\/\/api.w.org\/{rel}","templated":true}]}}