{"id":668046,"date":"2026-03-03T01:53:56","date_gmt":"2026-03-03T05:53:56","guid":{"rendered":"https:\/\/diariodominicano.com\/?p=668046"},"modified":"2026-03-07T02:10:04","modified_gmt":"2026-03-07T06:10:04","slug":"tribunal-federal-de-apelaciones-rechaza-solicitud-de-trump-de-retrasar-inicio-del-proceso-de-devolucion-de-aranceles","status":"publish","type":"post","link":"https:\/\/diariodominicano.com\/?p=668046","title":{"rendered":"Tribunal federal de apelaciones rechaza solicitud de Trump de retrasar inicio del proceso de devoluci\u00f3n de aranceles"},"content":{"rendered":"\n<p><em>spanish.news.cn<\/em>|<em>&nbsp;2026-03-03 10:56:04<\/em>|<\/p>\n\n\n\n<p>NUEVA YORK, 2 mar (Xinhua) &#8212; Un tribunal federal de apelaciones rechaz\u00f3 el lunes una solicitud de la Administraci\u00f3n del presidente Donald Trump para retrasar el inicio del proceso de reembolso de aranceles despu\u00e9s de que el Tribunal Supremo invalidara la mayor\u00eda de los aranceles en febrero.<\/p>\n\n\n\n<p>\u00abNada relacionado con la cuesti\u00f3n de los reembolsos justifica ning\u00fan retraso en la emisi\u00f3n del mandato de este tribunal, y mucho menos un retraso escalonado de tres meses\u00bb, se\u00f1al\u00f3 un documento judicial, que a\u00f1adi\u00f3 que \u00abel momento adecuado para emitir el mandato es ahora\u00bb.<\/p>\n\n\n\n<p>El mandato allana el camino para que el Tribunal de Comercio Internacional de Estados Unidos comience a elaborar medidas de reparaci\u00f3n para las empresas que impugnaron con \u00e9xito los aranceles globales, informaron medios locales el lunes.<\/p>\n\n\n\n<p>En un fallo de 6 votos contra 3 emitido el 20 de febrero, el Tribunal Supremo sostuvo que la Ley de Poderes Econ\u00f3micos de Emergencia Internacional (IEEPA, siglas en ingl\u00e9s) no otorgaba al presidente autoridad para imponer aranceles. Sin embargo, el fallo no abord\u00f3 la cuesti\u00f3n de los reembolsos.<\/p>\n\n\n\n<p>El viernes, la Administraci\u00f3n Trump solicit\u00f3 al Tribunal de Apelaciones del Circuito Federal que retrasara la emisi\u00f3n de su mandato por 90 d\u00edas para permitir que los departamentos competentes consideraran sus opciones.<\/p>\n\n\n\n<p>Trump anunci\u00f3 el 2 de abril de 2025 que Estados Unidos hab\u00eda establecido un arancel base del 10 por ciento sobre pr\u00e1cticamente todos los bienes importados, junto con tasas m\u00e1s altas para ciertos socios comerciales, al afirmar que los aranceles generar\u00edan ingresos para el Gobierno y revitalizar\u00edan la manufactura estadounidense.<\/p>\n\n\n\n<p>El 23 de abril, una coalici\u00f3n de 12 estados de Estados Unidos demand\u00f3 a la Administraci\u00f3n Trump por los \u00abaranceles ilegales\u00bb ante el Tribunal de Comercio Internacional de Estados Unidos en Nueva York.<\/p>\n\n\n\n<p>El 29 de agosto, un tribunal federal de apelaciones confirm\u00f3 el fallo del tribunal inferior, al se\u00f1alar que Trump invoc\u00f3 indebidamente la IEEPA para imponer los aranceles.<\/p>\n\n\n\n<p>En septiembre, la Administraci\u00f3n Trump apel\u00f3 ante el Tribunal Supremo para que se pronunciara sobre la legalidad de los aranceles.<\/p>\n\n\n\n<p><a href=\"https:\/\/www.facebook.com\/sharer\/sharer.php?u=https:\/\/spanish.xinhuanet.com\/20260303\/6810b7f345034505a8ce280b416f13db\/c.html\" target=\"_blank\" rel=\"noreferrer noopener\"><\/a>&nbsp;<a href=\"https:\/\/twitter.com\/intent\/tweet?text=Tribunal%20federal%20de%20apelaciones%20rechaza%20solicitud%20de%20Trump%20de%20retrasar%20inicio%20del%20proceso%20de%20devoluci%C3%B3n%20de%20aranceles&amp;url=https:\/\/spanish.xinhuanet.com\/20260303\/6810b7f345034505a8ce280b416f13db\/c.html\" target=\"_blank\" rel=\"noreferrer noopener\"><\/a>&nbsp;<a target=\"_blank\" href=\"https:\/\/service.weibo.com\/share\/share.php?title=Tribunal%20federal%20de%20apelaciones%20rechaza%20solicitud%20de%20Trump%20de%20retrasar%20inicio%20del%20proceso%20de%20devoluci%C3%B3n%20de%20aranceles&amp;url=https:\/\/spanish.xinhuanet.com\/20260303\/6810b7f345034505a8ce280b416f13db\/c.html\" rel=\"noreferrer noopener\"><\/a>&nbsp;<a><\/a><\/p>\n\n\n\n<figure class=\"wp-block-image\"><img decoding=\"async\" src=\"https:\/\/imgs.news.cn\/res\/xhwimg\/spanish\/20170522\/img\/jc-xfa.png\" alt=\"\"\/><\/figure>\n","protected":false},"excerpt":{"rendered":"<p>spanish.news.cn|&nbsp;2026-03-03 10:56:04| NUEVA YORK, 2 mar (Xinhua) &#8212; Un tribunal federal de apelaciones rechaz\u00f3 el lunes una solicitud de la Administraci\u00f3n del presidente Donald Trump para retrasar el inicio del proceso de reembolso de aranceles despu\u00e9s de que el Tribunal Supremo invalidara la mayor\u00eda de los aranceles en febrero. \u00abNada relacionado con la cuesti\u00f3n de [&hellip;]<\/p>\n","protected":false},"author":28,"featured_media":0,"comment_status":"open","ping_status":"closed","sticky":false,"template":"","format":"standard","meta":{"footnotes":""},"categories":[23,24],"tags":[4921,4771,4922],"class_list":["post-668046","post","type-post","status-publish","format-standard","hentry","category-internacional","category-justicia-y-derecho","tag-aranceles","tag-donald-j-trump","tag-tribunal-federal"],"_links":{"self":[{"href":"https:\/\/diariodominicano.com\/index.php?rest_route=\/wp\/v2\/posts\/668046","targetHints":{"allow":["GET"]}}],"collection":[{"href":"https:\/\/diariodominicano.com\/index.php?rest_route=\/wp\/v2\/posts"}],"about":[{"href":"https:\/\/diariodominicano.com\/index.php?rest_route=\/wp\/v2\/types\/post"}],"author":[{"embeddable":true,"href":"https:\/\/diariodominicano.com\/index.php?rest_route=\/wp\/v2\/users\/28"}],"replies":[{"embeddable":true,"href":"https:\/\/diariodominicano.com\/index.php?rest_route=%2Fwp%2Fv2%2Fcomments&post=668046"}],"version-history":[{"count":1,"href":"https:\/\/diariodominicano.com\/index.php?rest_route=\/wp\/v2\/posts\/668046\/revisions"}],"predecessor-version":[{"id":668047,"href":"https:\/\/diariodominicano.com\/index.php?rest_route=\/wp\/v2\/posts\/668046\/revisions\/668047"}],"wp:attachment":[{"href":"https:\/\/diariodominicano.com\/index.php?rest_route=%2Fwp%2Fv2%2Fmedia&parent=668046"}],"wp:term":[{"taxonomy":"category","embeddable":true,"href":"https:\/\/diariodominicano.com\/index.php?rest_route=%2Fwp%2Fv2%2Fcategories&post=668046"},{"taxonomy":"post_tag","embeddable":true,"href":"https:\/\/diariodominicano.com\/index.php?rest_route=%2Fwp%2Fv2%2Ftags&post=668046"}],"curies":[{"name":"wp","href":"https:\/\/api.w.org\/{rel}","templated":true}]}}