{"id":668033,"date":"2026-03-03T00:10:22","date_gmt":"2026-03-03T04:10:22","guid":{"rendered":"https:\/\/diariodominicano.com\/?p=668033"},"modified":"2026-03-03T00:53:46","modified_gmt":"2026-03-03T04:53:46","slug":"eucaristia-por-la-paz-y-la-soberania-de-los-pueblos","status":"publish","type":"post","link":"https:\/\/diariodominicano.com\/?p=668033","title":{"rendered":"Comit\u00e9 de Solidaridad convoca a Eucarist\u00eda por la Paz y la Soberan\u00eda de los Pueblos"},"content":{"rendered":"\n<p><strong>Santo Domingo, RD, 2 de Marzo de 2026.<\/strong> El Comit\u00e9 de Solidaridad en Defensa de la Soberan\u00eda de los Pueblos en Lucha convoca a la comunidad y a las organizaciones sociales y eclesiales a participar en una misa \u00abpor las v\u00edctimas de la agresi\u00f3n militar de Estados Unidos contra la Rep\u00fablica Bolivariana de Venezuela\u00bb, ocurrida el 3 de enero de 2026, en la que martirizaron 32 cubanos y m\u00e1s de 70 venezolanos y venezolanas y secuestraron al presidente Nicol\u00e1s Maduro y a la primera dama, Cilia Flores.<\/p>\n\n\n\n<p>\u00abEn un contexto en que la paz de Am\u00e9rica Latina, el Caribe, Ir\u00e1n y el mundo ha sido vulnerada y la soberan\u00eda de nuestros pueblos enfrenta amenazas, este acto religioso se propone como un espacio de compromiso moral con la vida, la dignidad humana y el derecho de cada naci\u00f3n a decidir su propio destino sin injerencias ni violencia\u00bb.<\/p>\n\n\n\n<p>\u00abLa eucarist\u00eda ser\u00e1 ocasi\u00f3n para honrar la memoria de las v\u00edctimas y elevar una voz firme por la paz, el respeto al Derecho Internacional y la libertad del presidente Nicol\u00e1s Maduro y de la diputada Cilia Flores. Asimismo, reafirma la solidaridad con los pueblos de Cuba y Venezuela, y el compromiso de que el Caribe sea zona de paz, no escenario de guerra ni bloqueos.<\/p>\n\n\n\n<p>\u00abQue nuestra presencia sea un mensaje claro de justicia, autodeterminaci\u00f3n y fraternidad entre naciones hermanas. Unirnos en oraci\u00f3n es tambi\u00e9n unirnos en esperanza activa por un futuro de respeto, soberan\u00eda y convivencia pac\u00edfica, afirmaron.<\/p>\n\n\n\n<p>Agenda Solidaridad<\/p>\n\n\n\n<p><a target=\"_blank\" href=\"mailto:agendasolidaridad5@gmail.com\" rel=\"noreferrer noopener\">agendasolidaridad5@gmail.co<\/a><\/p>\n\n\n\n<p>D\u00eda: 3 de marzo de 2026<br>Hora: 5:00 p.m.<br>Lugar: Iglesia Las Mercedes, Ciudad Colonial, Santo Domingo, Distrito Nacional.<\/p>\n","protected":false},"excerpt":{"rendered":"<p>Santo Domingo, RD, 2 de Marzo de 2026. El Comit\u00e9 de Solidaridad en Defensa de la Soberan\u00eda de los Pueblos en Lucha convoca a la comunidad y a las organizaciones sociales y eclesiales a participar en una misa \u00abpor las v\u00edctimas de la agresi\u00f3n militar de Estados Unidos contra la Rep\u00fablica Bolivariana de Venezuela\u00bb, ocurrida [&hellip;]<\/p>\n","protected":false},"author":2,"featured_media":0,"comment_status":"open","ping_status":"closed","sticky":false,"template":"","format":"standard","meta":{"footnotes":""},"categories":[22],"tags":[4918],"class_list":["post-668033","post","type-post","status-publish","format-standard","hentry","category-politica","tag-comite"],"_links":{"self":[{"href":"https:\/\/diariodominicano.com\/index.php?rest_route=\/wp\/v2\/posts\/668033","targetHints":{"allow":["GET"]}}],"collection":[{"href":"https:\/\/diariodominicano.com\/index.php?rest_route=\/wp\/v2\/posts"}],"about":[{"href":"https:\/\/diariodominicano.com\/index.php?rest_route=\/wp\/v2\/types\/post"}],"author":[{"embeddable":true,"href":"https:\/\/diariodominicano.com\/index.php?rest_route=\/wp\/v2\/users\/2"}],"replies":[{"embeddable":true,"href":"https:\/\/diariodominicano.com\/index.php?rest_route=%2Fwp%2Fv2%2Fcomments&post=668033"}],"version-history":[{"count":2,"href":"https:\/\/diariodominicano.com\/index.php?rest_route=\/wp\/v2\/posts\/668033\/revisions"}],"predecessor-version":[{"id":668036,"href":"https:\/\/diariodominicano.com\/index.php?rest_route=\/wp\/v2\/posts\/668033\/revisions\/668036"}],"wp:attachment":[{"href":"https:\/\/diariodominicano.com\/index.php?rest_route=%2Fwp%2Fv2%2Fmedia&parent=668033"}],"wp:term":[{"taxonomy":"category","embeddable":true,"href":"https:\/\/diariodominicano.com\/index.php?rest_route=%2Fwp%2Fv2%2Fcategories&post=668033"},{"taxonomy":"post_tag","embeddable":true,"href":"https:\/\/diariodominicano.com\/index.php?rest_route=%2Fwp%2Fv2%2Ftags&post=668033"}],"curies":[{"name":"wp","href":"https:\/\/api.w.org\/{rel}","templated":true}]}}