{"id":668013,"date":"2026-03-02T22:47:36","date_gmt":"2026-03-03T02:47:36","guid":{"rendered":"https:\/\/diariodominicano.com\/?p=668013"},"modified":"2026-03-02T22:50:04","modified_gmt":"2026-03-03T02:50:04","slug":"enviado-de-iran-ante-onu-insta-a-consejo-de-seguridad-a-actuar-con-firmeza-ante-ataques-de-ee-uu-e-israel","status":"publish","type":"post","link":"https:\/\/diariodominicano.com\/?p=668013","title":{"rendered":"Enviado de Ir\u00e1n ante ONU insta a Consejo de Seguridad a actuar con firmeza ante ataques de EE. UU. e Israel"},"content":{"rendered":"\n<p><em>spanish.news.cn<\/em>|<em>&nbsp;2026-03-03 08:31:15<\/em>|<\/p>\n\n\n\n<p>NACIONES UNIDAS, 2 mar (Xinhua) &#8212; El Consejo de Seguridad de la ONU \u00abdebe actuar con firmeza, claridad y sin ambig\u00fcedades\u00bb frente a los ataques militares lanzados por EE. UU. e Israel contra Ir\u00e1n, afirm\u00f3 hoy lunes Amir Saeid Iravani, representante permanente de Ir\u00e1n ante la ONU.<\/p>\n\n\n\n<p><\/p>\n\n\n\n<p>En una declaraci\u00f3n a la prensa, Iravani se\u00f1al\u00f3 que Estados Unidos, en plena coordinaci\u00f3n con Israel, lanz\u00f3 \u00abun segundo ataque militar deliberado y no provocado\u00bb contra Ir\u00e1n, el cual calific\u00f3 como \u00abun acto de agresi\u00f3n calculado\u00bb.<\/p>\n\n\n\n<p>\u00abFueron atacadas grandes ciudades y zonas civiles densamente pobladas. Cientos de civiles inocentes perdieron la vida y muchos m\u00e1s resultaron heridos\u00bb, indic\u00f3.<\/p>\n\n\n\n<p>\u00abSe trata de una flagrante violaci\u00f3n de la Carta de las Naciones Unidas, que proh\u00edbe estrictamente la amenaza o el uso de la fuerza contra la soberan\u00eda y la integridad territorial de cualquier Estado\u00bb, afirm\u00f3 Iravani.<\/p>\n\n\n\n<p>\u00abEs un ataque directo contra los fundamentos del derecho internacional\u00bb, a\u00f1adi\u00f3. \u00abLos hechos son claros. La agresi\u00f3n es clara. La responsabilidad tambi\u00e9n es clara\u00bb.<\/p>\n\n\n\n<p>Al se\u00f1alar que EE. UU. e Israel atacaron deliberadamente al l\u00edder supremo de Ir\u00e1n y a numerosos altos mandos militares, Iravani sostuvo que atacar a la m\u00e1xima autoridad de un Estado soberano miembro de la ONU constituye \u00abuna grave violaci\u00f3n del derecho internacional y un ataque directo al principio de igualdad soberana\u00bb.<\/p>\n\n\n\n<p>\u00abEse tipo de conducta pone en peligro todo el sistema internacional\u00bb, advirti\u00f3.<\/p>\n\n\n\n<p>Iravani tambi\u00e9n acus\u00f3 a EE. UU. e Israel de \u00abatacar deliberadamente a civiles e infraestructura civil\u00bb, lo que, seg\u00fan dijo, provoc\u00f3 la muerte de 165 alumnas en una escuela de la provincia meridional iran\u00ed de Hormozg\u00e1n, y afirm\u00f3 que \u00abestos actos constituyen agresi\u00f3n. Constituyen cr\u00edmenes de guerra. Constituyen cr\u00edmenes de lesa humanidad\u00bb.<\/p>\n\n\n\n<p>\u00abLas Naciones Unidas no pueden permanecer en silencio. La rendici\u00f3n de cuentas no es opcional\u00bb, declar\u00f3 Iravani, al reiterar que \u00abel Consejo de Seguridad debe actuar con firmeza, claridad y sin ambig\u00fcedades\u00bb.<\/p>\n\n\n\n<p>Subray\u00f3 que no exist\u00eda ninguna amenaza inminente por parte de Ir\u00e1n, que su programa nuclear es exclusivamente pac\u00edfico y que el pa\u00eds participaba en negociaciones diplom\u00e1ticas serias.<\/p>\n\n\n\n<p>Sin embargo, afirm\u00f3 que \u00abpor segunda vez, Estados Unidos opt\u00f3 por la fuerza en lugar de la diplomacia y viol\u00f3 la Carta de la ONU. No existe fundamento jur\u00eddico que justifique este ataque\u00bb.<\/p>\n\n\n\n<p>\u00abIr\u00e1n est\u00e1 ejerciendo su derecho inherente a la leg\u00edtima defensa en virtud del Art\u00edculo 51 de la Carta\u00bb, y su respuesta es \u00ablegal, necesaria y proporcional\u00bb, al dirigirse \u00fanicamente contra objetivos militares de las fuerzas hostiles, sostuvo Iravani.<\/p>\n\n\n\n<p>\u00abIr\u00e1n no busca la guerra. Ir\u00e1n no busca la escalada, pero no renunciar\u00e1 a su soberan\u00eda\u00bb, enfatiz\u00f3.&nbsp;<\/p>\n","protected":false},"excerpt":{"rendered":"<p>spanish.news.cn|&nbsp;2026-03-03 08:31:15| NACIONES UNIDAS, 2 mar (Xinhua) &#8212; El Consejo de Seguridad de la ONU \u00abdebe actuar con firmeza, claridad y sin ambig\u00fcedades\u00bb frente a los ataques militares lanzados por EE. UU. e Israel contra Ir\u00e1n, afirm\u00f3 hoy lunes Amir Saeid Iravani, representante permanente de Ir\u00e1n ante la ONU. En una declaraci\u00f3n a la prensa, [&hellip;]<\/p>\n","protected":false},"author":2,"featured_media":513534,"comment_status":"open","ping_status":"closed","sticky":false,"template":"","format":"standard","meta":{"footnotes":""},"categories":[23,27],"tags":[4916,2908,292],"class_list":["post-668013","post","type-post","status-publish","format-standard","has-post-thumbnail","hentry","category-internacional","category-portada","tag-amir-saeid-iravan","tag-iran","tag-onu"],"_links":{"self":[{"href":"https:\/\/diariodominicano.com\/index.php?rest_route=\/wp\/v2\/posts\/668013","targetHints":{"allow":["GET"]}}],"collection":[{"href":"https:\/\/diariodominicano.com\/index.php?rest_route=\/wp\/v2\/posts"}],"about":[{"href":"https:\/\/diariodominicano.com\/index.php?rest_route=\/wp\/v2\/types\/post"}],"author":[{"embeddable":true,"href":"https:\/\/diariodominicano.com\/index.php?rest_route=\/wp\/v2\/users\/2"}],"replies":[{"embeddable":true,"href":"https:\/\/diariodominicano.com\/index.php?rest_route=%2Fwp%2Fv2%2Fcomments&post=668013"}],"version-history":[{"count":2,"href":"https:\/\/diariodominicano.com\/index.php?rest_route=\/wp\/v2\/posts\/668013\/revisions"}],"predecessor-version":[{"id":668016,"href":"https:\/\/diariodominicano.com\/index.php?rest_route=\/wp\/v2\/posts\/668013\/revisions\/668016"}],"wp:featuredmedia":[{"embeddable":true,"href":"https:\/\/diariodominicano.com\/index.php?rest_route=\/wp\/v2\/media\/513534"}],"wp:attachment":[{"href":"https:\/\/diariodominicano.com\/index.php?rest_route=%2Fwp%2Fv2%2Fmedia&parent=668013"}],"wp:term":[{"taxonomy":"category","embeddable":true,"href":"https:\/\/diariodominicano.com\/index.php?rest_route=%2Fwp%2Fv2%2Fcategories&post=668013"},{"taxonomy":"post_tag","embeddable":true,"href":"https:\/\/diariodominicano.com\/index.php?rest_route=%2Fwp%2Fv2%2Ftags&post=668013"}],"curies":[{"name":"wp","href":"https:\/\/api.w.org\/{rel}","templated":true}]}}