{"id":667997,"date":"2026-03-02T22:17:19","date_gmt":"2026-03-03T02:17:19","guid":{"rendered":"https:\/\/diariodominicano.com\/?p=667997"},"modified":"2026-03-02T22:38:08","modified_gmt":"2026-03-03T02:38:08","slug":"conversatorio-empresarial-2026-de-capex-destaca-la-alianza-entre-turismo-zonas-francas-y-pensiones-como-motor-del-desarrollo-nacional","status":"publish","type":"post","link":"https:\/\/diariodominicano.com\/?p=667997","title":{"rendered":"Conversatorio Empresarial 2026 de CAPEX destaca la alianza entre turismo, zonas francas y pensiones como motor del desarrollo nacional"},"content":{"rendered":"\n<p>CAPEX reuni\u00f3 a l\u00edderes de turismo, zonas francas y sistema de pensiones.<\/p>\n\n\n\n<p><strong>Santiago de los Caballeros, Rep\u00fablica Dominicana<\/strong>. El Centro de Innovaci\u00f3n y Capacitaci\u00f3n Profesional (CAPEX) reuni\u00f3 en el Conversatorio Empresarial 2026, a l\u00edderes de tres sectores que posicionan la econom\u00eda dominicana: turismo, zonas francas y sistema de pensiones. El panel estuvo integrado por Frank El\u00edas Rainieri, presidente de Grupo Puntacana; Claudia Pellerano, presidenta de ADOZONA; y Alvin Mart\u00ednez LLibre, vicepresidente ejecutivo de AFP Siembra.<\/p>\n\n\n\n<p>Uno de los principales consensos del encuentro fue que, aunque sus sectores parezcan distintos, enfrentan desaf\u00edos comunes. La infraestructura moderna y la capacitaci\u00f3n del capital humano fueron se\u00f1aladas como condiciones indispensables para el crecimiento sostenible. M\u00e1s all\u00e1 de las diferencias sectoriales, qued\u00f3 marcada la convicci\u00f3n de que un empresariado fuerte, articulado y alineado con la sociedad y el gobierno constituye la f\u00f3rmula para lograr resultados verdaderamente transformadores, con una visi\u00f3n que no solo responda al presente, sino que construya el pa\u00eds que se desea para las futuras generaciones.<\/p>\n\n\n\n<p>Durante su intervenci\u00f3n, Frank El\u00edas Rainieri afirm\u00f3 que la Autopista del \u00c1mbar ser\u00e1 un paso trascendental para la ciudad de Santiago, generando mayor conectividad y desarrollo econ\u00f3mico, al tiempo que subray\u00f3 que la ciudad debe prepararse para lo que viene.<\/p>\n\n\n\n<p>Adem\u00e1s, los panelistas coincidieron en la necesidad urgente de fortalecer los polit\u00e9cnicos y la capacitaci\u00f3n especializada, ya que estos centros forman a los futuros suplidores de empresas hoteleras, zonas francas y el sector financiero. Se destac\u00f3 la creciente demanda de t\u00e9cnicos industriales, especialistas en calidad, log\u00edstica, tecnolog\u00edas de la informaci\u00f3n y servicios globales como pilares del crecimiento exportador y la expansi\u00f3n productiva.<\/p>\n\n\n\n<figure class=\"wp-block-image size-full\"><img loading=\"lazy\" decoding=\"async\" width=\"665\" height=\"443\" src=\"https:\/\/diariodominicano.com\/wp-content\/uploads\/2026\/03\/Frank-Elias-Rainieri-Copy.jpg\" alt=\"\" class=\"wp-image-668005\" srcset=\"https:\/\/diariodominicano.com\/wp-content\/uploads\/2026\/03\/Frank-Elias-Rainieri-Copy.jpg 665w, https:\/\/diariodominicano.com\/wp-content\/uploads\/2026\/03\/Frank-Elias-Rainieri-Copy-300x200.jpg 300w\" sizes=\"auto, (max-width: 665px) 100vw, 665px\" \/><\/figure>\n\n\n\n<p><strong>Frank El\u00edas Rainieri de Grupo Punta Cana.<\/strong><\/p>\n\n\n\n<p>El conversatorio permiti\u00f3 evidenciar c\u00f3mo estos tres sectores pueden potenciarse mutuamente. Rainieri expres\u00f3 que \u00a8de zonas francas necesitamos mayor dinamismo exportador que sostenga m\u00e1s rutas, frecuencias y carga; y de pensiones, capital de largo plazo para infraestructura que haga eficiente todo el sistema\u00a8. A\u00f1adi\u00f3 que cuando aumentan las rutas y se eleva la experiencia del visitante, se fortalece la reputaci\u00f3n del pa\u00eds, lo que genera confianza e impulsa la inversi\u00f3n. Una operaci\u00f3n aeroportuaria madura mejora la log\u00edstica y la carga, reduce fricciones, baja costos para exportadores y aumenta la competitividad de las zonas francas.<\/p>\n\n\n\n<figure class=\"wp-block-image size-full\"><img loading=\"lazy\" decoding=\"async\" width=\"665\" height=\"443\" src=\"https:\/\/diariodominicano.com\/wp-content\/uploads\/2026\/03\/Claudia-Pellerano-y-Alvin-Martinez-Llibre-Copy.jpg\" alt=\"\" class=\"wp-image-668003\" srcset=\"https:\/\/diariodominicano.com\/wp-content\/uploads\/2026\/03\/Claudia-Pellerano-y-Alvin-Martinez-Llibre-Copy.jpg 665w, https:\/\/diariodominicano.com\/wp-content\/uploads\/2026\/03\/Claudia-Pellerano-y-Alvin-Martinez-Llibre-Copy-300x200.jpg 300w\" sizes=\"auto, (max-width: 665px) 100vw, 665px\" \/><\/figure>\n\n\n\n<p><strong>Claudia Pellerano y Alvin Mart\u00ednez Llibre de ADOZONA y AFP Siembra respectivamente.<\/strong><\/p>\n\n\n\n<p>Luego, Claudia Pellerano se\u00f1al\u00f3 que \u00a8de turismo y aeropuertos requerimos conectividad y log\u00edstica confiable, junto con una marca pa\u00eds fuerte y estabilidad pol\u00edtica, social y jur\u00eddica; y de pensiones, financiamiento local a escala para parques modernos e infraestructuras como energ\u00eda y servicios conexos\u00a8.<\/p>\n\n\n\n<p>De igual manera, Alvin Mart\u00ednez LLibre de AFP Siembra, enfatiz\u00f3 la importancia de estructurar proyectos \u00a8invertibles\u00a8 con gobernanza s\u00f3lida, correcta asignaci\u00f3n de riesgos y flujos medibles. \u00a8Los fondos de pensiones nacen para el largo plazo. Podemos apoyar infraestructura y activos productivos si existen estas condiciones. Cuando turismo y zonas francas estructuran proyectos atractivos -energ\u00eda, log\u00edstica, parques industriales, infraestructura aeroportuaria- el ahorro del trabajador puede impulsar el desarrollo sin comprometer la seguridad del sistema\u00a8, afirm\u00f3.<\/p>\n\n\n\n<p>El panel, moderado por la periodista Grisbel Medina, tambi\u00e9n desmitific\u00f3 percepciones comunes sobre estos sectores. Se destac\u00f3 que el turismo no es solo ocio, sino infraestructura, empleo y competitividad; que las zonas francas no son islas dentro del pa\u00eds, sino un puente hacia el empleo formal y los mercados globales; y que las pensiones no constituyen dinero pasivo, sino que pueden convertirse en un motor disciplinado del desarrollo nacional.<\/p>\n\n\n\n<p>Elogiaron la capacidad de organizaci\u00f3n del empresariado de la ciudad, al crear a Compromiso Santiago, \u00f3rgano que asume el reto de aportar, desde su posici\u00f3n, soluciones de desarrollo urbano que permitan atraer turistas, impulsar el turismo de salud, fortalecer las conexiones industriales y desarrollar proyectos sostenibles, viables y atractivos para canalizar inversi\u00f3n de largo plazo.<\/p>\n\n\n\n<p>El primer Conversatorio Empresarial 2026 de Capex fue patrocinado por Corporaci\u00f3n Zona Franca Santiago, AFP Siembra, Banreservas, Procigar, Revista Mercado, Banco Popular, Grupo Universal, Acero Estrella, Coopmedica, United Capital y Kora Caf\u00e9. En nombre de CAPEX habl\u00f3 su directora ejecutiva, Cayra Bencosme.<\/p>\n\n\n\n<p>Johanna Benoit<\/p>\n\n\n\n<p><a target=\"_blank\" href=\"mailto:benoit181182@gmail.com\" rel=\"noreferrer noopener\">benoit181182@gmail.com<\/a><\/p>\n","protected":false},"excerpt":{"rendered":"<p>CAPEX reuni\u00f3 a l\u00edderes de turismo, zonas francas y sistema de pensiones. Santiago de los Caballeros, Rep\u00fablica Dominicana. El Centro de Innovaci\u00f3n y Capacitaci\u00f3n Profesional (CAPEX) reuni\u00f3 en el Conversatorio Empresarial 2026, a l\u00edderes de tres sectores que posicionan la econom\u00eda dominicana: turismo, zonas francas y sistema de pensiones. El panel estuvo integrado por Frank [&hellip;]<\/p>\n","protected":false},"author":2,"featured_media":667998,"comment_status":"open","ping_status":"closed","sticky":false,"template":"","format":"standard","meta":{"footnotes":""},"categories":[18,27,32],"tags":[4913,123,4914],"class_list":["post-667997","post","type-post","status-publish","format-standard","has-post-thumbnail","hentry","category-economia","category-portada","category-turismo","tag-conversatorio-empresarial-2026-de-capex","tag-turismo","tag-zonas-francas-y-pensiones"],"_links":{"self":[{"href":"https:\/\/diariodominicano.com\/index.php?rest_route=\/wp\/v2\/posts\/667997","targetHints":{"allow":["GET"]}}],"collection":[{"href":"https:\/\/diariodominicano.com\/index.php?rest_route=\/wp\/v2\/posts"}],"about":[{"href":"https:\/\/diariodominicano.com\/index.php?rest_route=\/wp\/v2\/types\/post"}],"author":[{"embeddable":true,"href":"https:\/\/diariodominicano.com\/index.php?rest_route=\/wp\/v2\/users\/2"}],"replies":[{"embeddable":true,"href":"https:\/\/diariodominicano.com\/index.php?rest_route=%2Fwp%2Fv2%2Fcomments&post=667997"}],"version-history":[{"count":5,"href":"https:\/\/diariodominicano.com\/index.php?rest_route=\/wp\/v2\/posts\/667997\/revisions"}],"predecessor-version":[{"id":668010,"href":"https:\/\/diariodominicano.com\/index.php?rest_route=\/wp\/v2\/posts\/667997\/revisions\/668010"}],"wp:featuredmedia":[{"embeddable":true,"href":"https:\/\/diariodominicano.com\/index.php?rest_route=\/wp\/v2\/media\/667998"}],"wp:attachment":[{"href":"https:\/\/diariodominicano.com\/index.php?rest_route=%2Fwp%2Fv2%2Fmedia&parent=667997"}],"wp:term":[{"taxonomy":"category","embeddable":true,"href":"https:\/\/diariodominicano.com\/index.php?rest_route=%2Fwp%2Fv2%2Fcategories&post=667997"},{"taxonomy":"post_tag","embeddable":true,"href":"https:\/\/diariodominicano.com\/index.php?rest_route=%2Fwp%2Fv2%2Ftags&post=667997"}],"curies":[{"name":"wp","href":"https:\/\/api.w.org\/{rel}","templated":true}]}}