{"id":667941,"date":"2026-03-02T13:34:13","date_gmt":"2026-03-02T17:34:13","guid":{"rendered":"https:\/\/diariodominicano.com\/?p=667941"},"modified":"2026-03-02T13:34:16","modified_gmt":"2026-03-02T17:34:16","slug":"la-solidaridad-no-es-complicidad","status":"publish","type":"post","link":"https:\/\/diariodominicano.com\/?p=667941","title":{"rendered":"La solidaridad no es complicidad"},"content":{"rendered":"\n<p><strong>Por Ram\u00f3n Antonio Veras<\/strong><\/p>\n\n\n\n<p><strong>1.- La solidaridad, la m\u00e1s alta expresi\u00f3n de sensibilidad, entra\u00f1a comunidad de puntos de vista o intereses.<\/strong><\/p>\n\n\n\n<p><strong>2.- La ayuda material o moral, individual o colectiva, se le presta a una persona f\u00edsica, organizaci\u00f3n, pueblo o pa\u00eds por razones de \u00edndole social o pol\u00edtica.<\/strong><\/p>\n\n\n\n<p><strong>3.- Para hacerse merecedor de la adhesi\u00f3n de otro, hay que dar demostraci\u00f3n de firmeza y coherencia en los conceptos y principios que se dicen defender.<\/strong><\/p>\n\n\n\n<p><strong>4.- La persona, partido o gobierno honesto puede contar con la colaboraci\u00f3n sincera de quienes se han entregado a luchar por los mejores objetivos de la humanidad sin procurar beneficios personales.<\/strong><\/p>\n\n\n\n<p><strong>5.- Para hacerse merecedor de la solidaridad del movimiento progresista mundial, hay que actuar apegado al signo de los tiempos frente a las potencias coloniales que tienen como misi\u00f3n hacer labor de rapi\u00f1a, saqueando recursos naturales.<\/strong><\/p>\n\n\n\n<p><strong>6.- Est\u00e1 impedido de reclamar compa\u00f1erismo aquel que decide renegar, abandonar la l\u00ednea pol\u00edtica e ideol\u00f3gica que lo manten\u00eda unido a los que todav\u00eda siguen apegados a la causa que en su momento juntos defendieron.<\/strong><\/p>\n\n\n\n<p><strong>7.- El pacto solidario solo es posible all\u00ed donde ambas partes est\u00e1n trillando el mismo camino para lograr iguales objetivos liberadores.<\/strong><\/p>\n\n\n\n<p><strong>8.- La solidaridad no se da pura y simple, sin condiciones, se impone que quien recibe el apoyo se mantenga igual, siendo el mismo en pr\u00e9dica y actuaciones.<\/strong><\/p>\n\n\n\n<p><strong>9.- No puede esperar que siga la adherencia a sus actuaciones aquel que ahora es aliado de quien motiv\u00f3 merecer apoyo. Ser adherente a una posici\u00f3n consecuente no quiere decir que ser\u00e1 eterna.<\/strong><\/p>\n\n\n\n<p><strong>10.- Ser merecedor, hacerse acreedor y ser digno de solidaridad se comprueba en los hechos, con el comportamiento de quien recibe sost\u00e9n.<\/strong><\/p>\n\n\n\n<p><strong>11.- La Revoluci\u00f3n Cubana desde siempre se ha hecho digna de apoyarla, respaldarla y secundarla porque ha demostrado coherencia, nada de componendas con su adversario, el imperio de occidente.<\/strong><\/p>\n\n\n\n<p><strong>12.- El proceso revolucionario cubano cuenta con el respaldo de todos los hombres y mujeres que se identifican con la paz y la liberaci\u00f3n contra toda forma de desprecio al ser humano.<\/strong><\/p>\n\n\n\n<p><strong>13.- Adem\u00e1s, en Am\u00e9rica Latina y el Caribe, Cuba ha sido el pa\u00eds que m\u00e1s solidaridad ha dado a los pueblos que la han necesitado o requerido. Los hechos est\u00e1n ah\u00ed como testigos de piedra.<\/strong><\/p>\n\n\n\n<p><strong>14.- Nunca, jam\u00e1s pueden esperar que se les mantenga la solidaridad que en su momento recibieron aquellos que hacen componendas con los intereses monopolistas norteamericanos.<\/strong><\/p>\n\n\n\n<p><strong>15.- En los seres humanos, la solidaridad no es complicidad entre el que la da y el que la recibe. La colaboraci\u00f3n voluntaria sale del alma.<\/strong><\/p>\n\n\n\n<p><strong>16.- El que da solidaridad no espera recompensa de ninguna clase; le basta que quien la recibe prosiga en la actitud que lo hizo merecedor de ella.<\/strong><\/p>\n\n\n\n<p><strong>Santiago de los Caballeros,<\/strong><\/p>\n","protected":false},"excerpt":{"rendered":"<p>Por Ram\u00f3n Antonio Veras 1.- La solidaridad, la m\u00e1s alta expresi\u00f3n de sensibilidad, entra\u00f1a comunidad de puntos de vista o intereses. 2.- La ayuda material o moral, individual o colectiva, se le presta a una persona f\u00edsica, organizaci\u00f3n, pueblo o pa\u00eds por razones de \u00edndole social o pol\u00edtica. 3.- Para hacerse merecedor de la adhesi\u00f3n [&hellip;]<\/p>\n","protected":false},"author":7,"featured_media":654589,"comment_status":"closed","ping_status":"closed","sticky":false,"template":"","format":"standard","meta":{"footnotes":""},"categories":[16],"tags":[426],"class_list":["post-667941","post","type-post","status-publish","format-standard","has-post-thumbnail","hentry","category-opiniones","tag-ramon-antonio-veras"],"_links":{"self":[{"href":"https:\/\/diariodominicano.com\/index.php?rest_route=\/wp\/v2\/posts\/667941","targetHints":{"allow":["GET"]}}],"collection":[{"href":"https:\/\/diariodominicano.com\/index.php?rest_route=\/wp\/v2\/posts"}],"about":[{"href":"https:\/\/diariodominicano.com\/index.php?rest_route=\/wp\/v2\/types\/post"}],"author":[{"embeddable":true,"href":"https:\/\/diariodominicano.com\/index.php?rest_route=\/wp\/v2\/users\/7"}],"replies":[{"embeddable":true,"href":"https:\/\/diariodominicano.com\/index.php?rest_route=%2Fwp%2Fv2%2Fcomments&post=667941"}],"version-history":[{"count":1,"href":"https:\/\/diariodominicano.com\/index.php?rest_route=\/wp\/v2\/posts\/667941\/revisions"}],"predecessor-version":[{"id":667962,"href":"https:\/\/diariodominicano.com\/index.php?rest_route=\/wp\/v2\/posts\/667941\/revisions\/667962"}],"wp:featuredmedia":[{"embeddable":true,"href":"https:\/\/diariodominicano.com\/index.php?rest_route=\/wp\/v2\/media\/654589"}],"wp:attachment":[{"href":"https:\/\/diariodominicano.com\/index.php?rest_route=%2Fwp%2Fv2%2Fmedia&parent=667941"}],"wp:term":[{"taxonomy":"category","embeddable":true,"href":"https:\/\/diariodominicano.com\/index.php?rest_route=%2Fwp%2Fv2%2Fcategories&post=667941"},{"taxonomy":"post_tag","embeddable":true,"href":"https:\/\/diariodominicano.com\/index.php?rest_route=%2Fwp%2Fv2%2Ftags&post=667941"}],"curies":[{"name":"wp","href":"https:\/\/api.w.org\/{rel}","templated":true}]}}