{"id":667940,"date":"2026-03-02T12:30:05","date_gmt":"2026-03-02T16:30:05","guid":{"rendered":"https:\/\/diariodominicano.com\/?p=667940"},"modified":"2026-03-02T12:30:08","modified_gmt":"2026-03-02T16:30:08","slug":"aba-respalda-valoracion-del-presidente-abinader-sobre-fortaleza-del-sistema-financiero","status":"publish","type":"post","link":"https:\/\/diariodominicano.com\/?p=667940","title":{"rendered":"ABA respalda valoraci\u00f3n del presidente Abinader sobre fortaleza del sistema financiero"},"content":{"rendered":"\n<p><strong><em>La entidad considera que estos resultados son fruto de una gesti\u00f3n responsable del riesgo, del fortalecimiento institucional y de una articulaci\u00f3n p\u00fablico-privada que ha permitido consolidar un sistema resiliente y con capacidad de respuesta ante choques externos.<\/em><\/strong><\/p>\n\n\n\n<p><strong>Santo Domingo, Rep. Dom.-&nbsp;La Asociaci\u00f3n de Bancos M\u00faltiples de la Rep\u00fablica Dominicana (ABA) valor\u00f3 que el presidente Luis Abinader destacara, en su discurso de rendici\u00f3n de cuentas, la solidez del sistema financiero como una de las fortalezas nacionales, al considerar que ello evidencia la capacidad de la banca m\u00faltiple para sostener el crecimiento econ\u00f3mico con estabilidad y mayores niveles de inclusi\u00f3n.<\/strong><\/p>\n\n\n\n<p><strong>En ese sentido, la ABA indic\u00f3 que activos equivalentes al 56.1 % del PIB y un crecimiento interanual de 7.9 % confirman la relevancia del sistema financiero en la econom\u00eda dominicana, tanto por su funci\u00f3n de intermediaci\u00f3n como por su papel en la canalizaci\u00f3n del ahorro hacia la inversi\u00f3n productiva. \u201cA esto se suma un \u00edndice de solvencia cercano al 17 %, significativamente superior al m\u00ednimo regulatorio, lo que demuestra una base patrimonial robusta, provisiones adecuadas y margen suficiente para absorber riesgos sin comprometer la continuidad del cr\u00e9dito\u201d, agreg\u00f3.<\/strong><\/p>\n\n\n\n<p><strong>Mediante un documento de prensa, la ABA sostuvo, adem\u00e1s, que estos resultados no son coyunturales, sino fruto de una gesti\u00f3n responsable del riesgo, del fortalecimiento institucional y de una articulaci\u00f3n p\u00fablico-privada que ha permitido consolidar un sistema resiliente y con capacidad de respuesta ante choques externos.<\/strong><\/p>\n\n\n\n<p><strong>En materia de inclusi\u00f3n financiera, el gremio destac\u00f3 el incremento significativo en la proporci\u00f3n de adultos con acceso a cuentas en los \u00faltimos a\u00f1os, se\u00f1alado por el presidente, al considerar que esta expansi\u00f3n ampl\u00eda la participaci\u00f3n en el sistema formal, fortalece las oportunidades de ahorro y acceso a cr\u00e9dito responsable y contribuye a reducir vulnerabilidades asociadas a la informalidad.<\/strong><\/p>\n\n\n\n<p><strong>En el contexto de la Meta 2036, de la cual forma parte activa, la Asociaci\u00f3n de Bancos reafirm\u00f3 su compromiso de continuar impulsando iniciativas orientadas a incrementar el financiamiento a los sectores productivos, especialmente a las mipymes, bajo criterios de sostenibilidad, estabilidad macroecon\u00f3mica y gesti\u00f3n prudente del riesgo.<\/strong><\/p>\n\n\n\n<p><strong>Asimismo, valor\u00f3 las medidas orientadas a modernizar el ecosistema financiero, como la habilitaci\u00f3n del pago de impuestos mediante tarjetas de cr\u00e9dito y d\u00e9bito, al considerar que fortalecen la eficiencia operativa, promueven la formalizaci\u00f3n econ\u00f3mica y facilitan el cumplimiento tributario. Asimismo, se\u00f1al\u00f3 que este tipo de instrumentos ampl\u00eda el acceso a cr\u00e9dito responsable y a medios de pago digitales, contribuyendo a reducir los niveles de informalidad.<\/strong><\/p>\n\n\n\n<p><strong>\u201cCoincidimos con el presidente en que la estabilidad y la fortaleza patrimonial del sistema financiero constituyen una ventaja estrat\u00e9gica y uno de los pilares fundamentales de la estabilidad macroecon\u00f3mica que goza el pa\u00eds. Mantener esa confianza y traducirla en m\u00e1s financiamiento productivo e inclusi\u00f3n sostenible es clave para el desarrollo nacional\u201d, concluy\u00f3 la ABA.<\/strong><\/p>\n\n\n\n<p><strong>Comunicaciones ABA <a href=\"mailto:comunicaciones@aba.org.do\">comunicaciones@aba.org.do<\/a><\/strong><\/p>\n","protected":false},"excerpt":{"rendered":"<p>La entidad considera que estos resultados son fruto de una gesti\u00f3n responsable del riesgo, del fortalecimiento institucional y de una articulaci\u00f3n p\u00fablico-privada que ha permitido consolidar un sistema resiliente y con capacidad de respuesta ante choques externos. Santo Domingo, Rep. Dom.-&nbsp;La Asociaci\u00f3n de Bancos M\u00faltiples de la Rep\u00fablica Dominicana (ABA) valor\u00f3 que el presidente Luis [&hellip;]<\/p>\n","protected":false},"author":7,"featured_media":599849,"comment_status":"closed","ping_status":"closed","sticky":false,"template":"","format":"standard","meta":{"footnotes":""},"categories":[18],"tags":[762],"class_list":["post-667940","post","type-post","status-publish","format-standard","has-post-thumbnail","hentry","category-economia","tag-aba"],"_links":{"self":[{"href":"https:\/\/diariodominicano.com\/index.php?rest_route=\/wp\/v2\/posts\/667940","targetHints":{"allow":["GET"]}}],"collection":[{"href":"https:\/\/diariodominicano.com\/index.php?rest_route=\/wp\/v2\/posts"}],"about":[{"href":"https:\/\/diariodominicano.com\/index.php?rest_route=\/wp\/v2\/types\/post"}],"author":[{"embeddable":true,"href":"https:\/\/diariodominicano.com\/index.php?rest_route=\/wp\/v2\/users\/7"}],"replies":[{"embeddable":true,"href":"https:\/\/diariodominicano.com\/index.php?rest_route=%2Fwp%2Fv2%2Fcomments&post=667940"}],"version-history":[{"count":1,"href":"https:\/\/diariodominicano.com\/index.php?rest_route=\/wp\/v2\/posts\/667940\/revisions"}],"predecessor-version":[{"id":667961,"href":"https:\/\/diariodominicano.com\/index.php?rest_route=\/wp\/v2\/posts\/667940\/revisions\/667961"}],"wp:featuredmedia":[{"embeddable":true,"href":"https:\/\/diariodominicano.com\/index.php?rest_route=\/wp\/v2\/media\/599849"}],"wp:attachment":[{"href":"https:\/\/diariodominicano.com\/index.php?rest_route=%2Fwp%2Fv2%2Fmedia&parent=667940"}],"wp:term":[{"taxonomy":"category","embeddable":true,"href":"https:\/\/diariodominicano.com\/index.php?rest_route=%2Fwp%2Fv2%2Fcategories&post=667940"},{"taxonomy":"post_tag","embeddable":true,"href":"https:\/\/diariodominicano.com\/index.php?rest_route=%2Fwp%2Fv2%2Ftags&post=667940"}],"curies":[{"name":"wp","href":"https:\/\/api.w.org\/{rel}","templated":true}]}}