{"id":667901,"date":"2026-03-02T00:19:23","date_gmt":"2026-03-02T04:19:23","guid":{"rendered":"https:\/\/diariodominicano.com\/?p=667901"},"modified":"2026-03-02T00:19:30","modified_gmt":"2026-03-02T04:19:30","slug":"consul-rd-ny-partidario-se-alojen-en-bahia-principe-personas-afectadas-por-las-inundaciones-en-gaspar-hernandez","status":"publish","type":"post","link":"https:\/\/diariodominicano.com\/?p=667901","title":{"rendered":"C\u00f3nsul RD-NY partidario se alojen en Bah\u00eda Pr\u00edncipe personas afectadas por las inundaciones en Gaspar Hern\u00e1ndez"},"content":{"rendered":"\n<p><strong>Por Ram\u00f3n Mercedes<\/strong><\/p>\n\n\n\n<p><strong>NUEVA YORK.\u2013<\/strong>&nbsp;El c\u00f3nsul dominicano en esta ciudad, Jes\u00fas V\u00e1squez (Ch\u00fa), se mostr\u00f3 de acuerdo en que el Estado dominicano busque cualquier v\u00eda para brindar alojamiento a los damnificados de la reciente tragedia acaecida en Gaspar Hern\u00e1ndez.<\/p>\n\n\n\n<p>Entrevistado por este reportero con relaci\u00f3n a la solicitud que hicieran el pasado fin de semana gasparenses en la urbe para que el presidente Luis Abinader aloje provisionalmente a los damnificados de la cat\u00e1strofe en el hotel Bah\u00eda Pr\u00edncipe, ubicado en R\u00edo San Juan, el c\u00f3nsul reiter\u00f3: \u201cEstoy de acuerdo en que el Estado le busque una soluci\u00f3n\u201d.<\/p>\n\n\n\n<p>Dicho hotel, con m\u00e1s de 900 habitaciones, fue arrendado por el propio c\u00f3nsul, en su gesti\u00f3n como ministro de Interior y Polic\u00eda, al Grupo Pi\u00f1ero, a un costo de RD$471,930,710.40 por 4 a\u00f1os, con opci\u00f3n a compra, para entrenar all\u00ed a los nuevos agentes de la Polic\u00eda Nacional, y se utiliza una parte de la edificaci\u00f3n.<\/p>\n\n\n\n<p>El inmueble se encuentra a poca distancia de donde ocurri\u00f3 la tragedia,<\/p>\n\n\n\n<p>La petici\u00f3n fue realizada por Juan Mart\u00ednez, Leonardo Herrera, Marcia de los Santos, Sigfrido Rodr\u00edguez, Leoncio Sierra, Mildred Lantigua, Rosmery de Marrero, V\u00edctor de la Cruz, Juan T. Mej\u00eda, y Armando Rivera, entre otros.<\/p>\n\n\n\n<p>V\u00e1squez indic\u00f3 que no conoce la magnitud de los hechos, pero cree que el Estado debe buscar cualquier v\u00eda para brindar alojamiento a esas personas.<\/p>\n\n\n\n<p>\u201cEs un centro de formaci\u00f3n policial y tiene una serie de requisitos de disciplina\u201d. Hay que evaluar la magnitud y ver c\u00f3mo el Estado puede encontrar alg\u00fan tipo de soluci\u00f3n\u201d, sostuvo V\u00e1squez, oriundo de la provincia Mar\u00eda Trinidad S\u00e1nchez (Nagua), colindante de donde ocurri\u00f3 el desastre natural.<\/p>\n\n\n\n<figure class=\"wp-block-embed is-type-video is-provider-youtube wp-block-embed-youtube wp-embed-aspect-16-9 wp-has-aspect-ratio\"><div class=\"wp-block-embed__wrapper\">\n<iframe loading=\"lazy\" title=\"C\u00f3nsul RD-NY partidario se alojen damnificados Gaspar Hern\u00e1ndez en Hotel Bah\u00eda Pr\u00edncipe de all\u00ed.\" width=\"616\" height=\"347\" src=\"https:\/\/www.youtube.com\/embed\/kMX5jH8i4es?feature=oembed\" frameborder=\"0\" allow=\"accelerometer; autoplay; clipboard-write; encrypted-media; gyroscope; picture-in-picture; web-share\" referrerpolicy=\"strict-origin-when-cross-origin\" allowfullscreen><\/iframe>\n<\/div><\/figure>\n","protected":false},"excerpt":{"rendered":"<p>Por Ram\u00f3n Mercedes NUEVA YORK.\u2013&nbsp;El c\u00f3nsul dominicano en esta ciudad, Jes\u00fas V\u00e1squez (Ch\u00fa), se mostr\u00f3 de acuerdo en que el Estado dominicano busque cualquier v\u00eda para brindar alojamiento a los damnificados de la reciente tragedia acaecida en Gaspar Hern\u00e1ndez. Entrevistado por este reportero con relaci\u00f3n a la solicitud que hicieran el pasado fin de semana [&hellip;]<\/p>\n","protected":false},"author":7,"featured_media":667909,"comment_status":"closed","ping_status":"closed","sticky":false,"template":"","format":"standard","meta":{"footnotes":""},"categories":[36,23],"tags":[181],"class_list":["post-667901","post","type-post","status-publish","format-standard","has-post-thumbnail","hentry","category-hombresmujeresycosas","category-internacional","tag-ramon-mercedes"],"_links":{"self":[{"href":"https:\/\/diariodominicano.com\/index.php?rest_route=\/wp\/v2\/posts\/667901","targetHints":{"allow":["GET"]}}],"collection":[{"href":"https:\/\/diariodominicano.com\/index.php?rest_route=\/wp\/v2\/posts"}],"about":[{"href":"https:\/\/diariodominicano.com\/index.php?rest_route=\/wp\/v2\/types\/post"}],"author":[{"embeddable":true,"href":"https:\/\/diariodominicano.com\/index.php?rest_route=\/wp\/v2\/users\/7"}],"replies":[{"embeddable":true,"href":"https:\/\/diariodominicano.com\/index.php?rest_route=%2Fwp%2Fv2%2Fcomments&post=667901"}],"version-history":[{"count":1,"href":"https:\/\/diariodominicano.com\/index.php?rest_route=\/wp\/v2\/posts\/667901\/revisions"}],"predecessor-version":[{"id":667915,"href":"https:\/\/diariodominicano.com\/index.php?rest_route=\/wp\/v2\/posts\/667901\/revisions\/667915"}],"wp:featuredmedia":[{"embeddable":true,"href":"https:\/\/diariodominicano.com\/index.php?rest_route=\/wp\/v2\/media\/667909"}],"wp:attachment":[{"href":"https:\/\/diariodominicano.com\/index.php?rest_route=%2Fwp%2Fv2%2Fmedia&parent=667901"}],"wp:term":[{"taxonomy":"category","embeddable":true,"href":"https:\/\/diariodominicano.com\/index.php?rest_route=%2Fwp%2Fv2%2Fcategories&post=667901"},{"taxonomy":"post_tag","embeddable":true,"href":"https:\/\/diariodominicano.com\/index.php?rest_route=%2Fwp%2Fv2%2Ftags&post=667901"}],"curies":[{"name":"wp","href":"https:\/\/api.w.org\/{rel}","templated":true}]}}