{"id":667881,"date":"2026-03-01T23:52:08","date_gmt":"2026-03-02T03:52:08","guid":{"rendered":"https:\/\/diariodominicano.com\/?p=667881"},"modified":"2026-03-19T04:05:05","modified_gmt":"2026-03-19T08:05:05","slug":"cuba-lamenta-asesinato-del-lider-supremo-irani-ayatola-jamenei","status":"publish","type":"post","link":"https:\/\/diariodominicano.com\/?p=667881","title":{"rendered":"Cuba lamenta asesinato del l\u00edder supremo iran\u00ed Ayatol\u00e1 Jamene\u00ed"},"content":{"rendered":"\n<p>La Habana, 1 mar (Prensa Latina) El presidente de Cuba, Miguel D\u00edaz-Canel, expres\u00f3 hoy sus m\u00e1s sentidas condolencias a Ir\u00e1n por el asesinato del L\u00edder Supremo de esa Rep\u00fablica Isl\u00e1mica, Gran Ayatol\u00e1 Seyed Al\u00ed Jamene\u00ed, en bombardeo.<\/p>\n\n\n\n<p><a href=\"https:\/\/www.prensa-latina.cu\/2026\/03\/01\/\"><time>marzo 1, 2026 | 15:47<\/time><\/a> <\/p>\n\n\n\n<p>En su perfil en la red social X, el mandatario cubano calific\u00f3 de execrable el ataque perpetrado por Estados Unidos e Israel contra esa naci\u00f3n isl\u00e1mica, y afirm\u00f3 que tal acto constituye una violaci\u00f3n de todas las normas del Derecho Internacional y la dignidad humana.<\/p>\n\n\n\n<p>Afirm\u00f3 en su mensaje que el Ayatol\u00e1 Jamene\u00ed ser\u00e1 recordado en este pa\u00eds antillano como un destacado estadista y l\u00edder de su pueblo, que contribuy\u00f3 al desarrollo de relaciones de amistad entre Cuba e Ir\u00e1n.<\/p>\n\n\n\n<p>La v\u00edspera, Cuba conden\u00f3 en los t\u00e9rminos m\u00e1s en\u00e9rgicos los ataques y exigi\u00f3 el cese inmediato de la agresi\u00f3n que calific\u00f3 como violaci\u00f3n flagrante del Derecho Internacional.<\/p>\n\n\n\n<p>En una declaraci\u00f3n oficial, el Ministerio Relaciones Exteriores se\u00f1al\u00f3 que esta \u00abirresponsable y deliberada agresi\u00f3n\u00bb boicotea por segunda ocasi\u00f3n los esfuerzos de la diplomacia internacional en relaci\u00f3n con la cuesti\u00f3n nuclear, y pone en grave peligro la paz, la estabilidad y la seguridad regional e internacional.<\/p>\n\n\n\n<p>El documento urgi\u00f3 al Consejo de Seguridad de las Naciones Unidas a \u00abejercer su responsabilidad primordial de mantener la paz y la seguridad internacionales\u00bb, y a la Asamblea General a movilizar a la comunidad internacional para restaurar la paz \u00abcon la urgencia y la determinaci\u00f3n que exige el momento\u00bb.<\/p>\n\n\n\n<p>rgh\/evm<\/p>\n\n\n\n<ul class=\"wp-block-list\">\n<li>#<a href=\"https:\/\/www.prensa-latina.cu\/etiqueta\/asesinato\/\">asesinato<\/a>&nbsp;#<a href=\"https:\/\/www.prensa-latina.cu\/etiqueta\/cuba\/\">cuba<\/a>&nbsp;#<a href=\"https:\/\/www.prensa-latina.cu\/etiqueta\/lamenta\/\">lamenta<\/a>&nbsp;#<a href=\"https:\/\/www.prensa-latina.cu\/etiqueta\/presidente\/\">presidente<\/a><\/li>\n<\/ul>\n","protected":false},"excerpt":{"rendered":"<p>La Habana, 1 mar (Prensa Latina) El presidente de Cuba, Miguel D\u00edaz-Canel, expres\u00f3 hoy sus m\u00e1s sentidas condolencias a Ir\u00e1n por el asesinato del L\u00edder Supremo de esa Rep\u00fablica Isl\u00e1mica, Gran Ayatol\u00e1 Seyed Al\u00ed Jamene\u00ed, en bombardeo. marzo 1, 2026 | 15:47 En su perfil en la red social X, el mandatario cubano calific\u00f3 de [&hellip;]<\/p>\n","protected":false},"author":28,"featured_media":667882,"comment_status":"open","ping_status":"closed","sticky":false,"template":"","format":"standard","meta":{"footnotes":""},"categories":[23],"tags":[4896,3100,2908,4897],"class_list":["post-667881","post","type-post","status-publish","format-standard","has-post-thumbnail","hentry","category-internacional","tag-ayatola-jamenei","tag-cuba","tag-iran","tag-miguel-diaz-canel"],"_links":{"self":[{"href":"https:\/\/diariodominicano.com\/index.php?rest_route=\/wp\/v2\/posts\/667881","targetHints":{"allow":["GET"]}}],"collection":[{"href":"https:\/\/diariodominicano.com\/index.php?rest_route=\/wp\/v2\/posts"}],"about":[{"href":"https:\/\/diariodominicano.com\/index.php?rest_route=\/wp\/v2\/types\/post"}],"author":[{"embeddable":true,"href":"https:\/\/diariodominicano.com\/index.php?rest_route=\/wp\/v2\/users\/28"}],"replies":[{"embeddable":true,"href":"https:\/\/diariodominicano.com\/index.php?rest_route=%2Fwp%2Fv2%2Fcomments&post=667881"}],"version-history":[{"count":2,"href":"https:\/\/diariodominicano.com\/index.php?rest_route=\/wp\/v2\/posts\/667881\/revisions"}],"predecessor-version":[{"id":667925,"href":"https:\/\/diariodominicano.com\/index.php?rest_route=\/wp\/v2\/posts\/667881\/revisions\/667925"}],"wp:featuredmedia":[{"embeddable":true,"href":"https:\/\/diariodominicano.com\/index.php?rest_route=\/wp\/v2\/media\/667882"}],"wp:attachment":[{"href":"https:\/\/diariodominicano.com\/index.php?rest_route=%2Fwp%2Fv2%2Fmedia&parent=667881"}],"wp:term":[{"taxonomy":"category","embeddable":true,"href":"https:\/\/diariodominicano.com\/index.php?rest_route=%2Fwp%2Fv2%2Fcategories&post=667881"},{"taxonomy":"post_tag","embeddable":true,"href":"https:\/\/diariodominicano.com\/index.php?rest_route=%2Fwp%2Fv2%2Ftags&post=667881"}],"curies":[{"name":"wp","href":"https:\/\/api.w.org\/{rel}","templated":true}]}}