{"id":667857,"date":"2026-03-01T23:01:36","date_gmt":"2026-03-02T03:01:36","guid":{"rendered":"https:\/\/diariodominicano.com\/?p=667857"},"modified":"2026-03-02T03:58:05","modified_gmt":"2026-03-02T07:58:05","slug":"con-masiva-asistencia-de-lechones-comparsas-personajes-familias-y-publico-en-general-cierra-el-carnaval-de-santiago-2026","status":"publish","type":"post","link":"https:\/\/diariodominicano.com\/?p=667857","title":{"rendered":"Con masiva asistencia de lechones, comparsas, personajes, familias y p\u00fablico en general, cierra el Carnaval de Santiago 2026"},"content":{"rendered":"\n<p><strong>La asistencia de lechones, comparsas, personajes, familias y p\u00fablico en general.<\/strong><\/p>\n\n\n\n<figure class=\"wp-block-image size-large\"><img loading=\"lazy\" decoding=\"async\" width=\"1024\" height=\"476\" src=\"https:\/\/diariodominicano.com\/wp-content\/uploads\/2026\/03\/Con-masiva-asistencia-de-lechones-comparsas-personajes-familias-y-publico-en-general-cierra-el-Carnaval-de-Santiago-2026-6-1024x476.jpeg\" alt=\"\" class=\"wp-image-667859\" srcset=\"https:\/\/diariodominicano.com\/wp-content\/uploads\/2026\/03\/Con-masiva-asistencia-de-lechones-comparsas-personajes-familias-y-publico-en-general-cierra-el-Carnaval-de-Santiago-2026-6-1024x476.jpeg 1024w, https:\/\/diariodominicano.com\/wp-content\/uploads\/2026\/03\/Con-masiva-asistencia-de-lechones-comparsas-personajes-familias-y-publico-en-general-cierra-el-Carnaval-de-Santiago-2026-6-300x140.jpeg 300w, https:\/\/diariodominicano.com\/wp-content\/uploads\/2026\/03\/Con-masiva-asistencia-de-lechones-comparsas-personajes-familias-y-publico-en-general-cierra-el-Carnaval-de-Santiago-2026-6-768x357.jpeg 768w, https:\/\/diariodominicano.com\/wp-content\/uploads\/2026\/03\/Con-masiva-asistencia-de-lechones-comparsas-personajes-familias-y-publico-en-general-cierra-el-Carnaval-de-Santiago-2026-6-816x380.jpeg 816w, https:\/\/diariodominicano.com\/wp-content\/uploads\/2026\/03\/Con-masiva-asistencia-de-lechones-comparsas-personajes-familias-y-publico-en-general-cierra-el-Carnaval-de-Santiago-2026-6.jpeg 1161w\" sizes=\"auto, (max-width: 1024px) 100vw, 1024px\" \/><\/figure>\n\n\n\n<p>Santiago de los Caballeros, RD.\u2013 El Carnaval de Santiago 2026 culmin\u00f3 el domingo con una jornada multitudinaria que transform\u00f3 el Parque Central en el principal escenario de la cultura, la tradici\u00f3n y el turismo en la Rep\u00fablica Dominicana. Miles de personas asistieron al gran cierre de esta emblem\u00e1tica festividad, que se desarroll\u00f3 en un ambiente de organizaci\u00f3n, seguridad y sano entretenimiento familiar.<\/p>\n\n\n\n<figure class=\"wp-block-image size-large\"><img loading=\"lazy\" decoding=\"async\" width=\"1024\" height=\"662\" src=\"https:\/\/diariodominicano.com\/wp-content\/uploads\/2026\/03\/Con-masiva-asistencia-de-lechones-comparsas-personajes-familias-y-publico-en-general-cierra-el-Carnaval-de-Santiago-2026-4-1024x662.jpeg\" alt=\"\" class=\"wp-image-667860\" srcset=\"https:\/\/diariodominicano.com\/wp-content\/uploads\/2026\/03\/Con-masiva-asistencia-de-lechones-comparsas-personajes-familias-y-publico-en-general-cierra-el-Carnaval-de-Santiago-2026-4-1024x662.jpeg 1024w, https:\/\/diariodominicano.com\/wp-content\/uploads\/2026\/03\/Con-masiva-asistencia-de-lechones-comparsas-personajes-familias-y-publico-en-general-cierra-el-Carnaval-de-Santiago-2026-4-300x194.jpeg 300w, https:\/\/diariodominicano.com\/wp-content\/uploads\/2026\/03\/Con-masiva-asistencia-de-lechones-comparsas-personajes-familias-y-publico-en-general-cierra-el-Carnaval-de-Santiago-2026-4-768x497.jpeg 768w, https:\/\/diariodominicano.com\/wp-content\/uploads\/2026\/03\/Con-masiva-asistencia-de-lechones-comparsas-personajes-familias-y-publico-en-general-cierra-el-Carnaval-de-Santiago-2026-4-816x528.jpeg 816w, https:\/\/diariodominicano.com\/wp-content\/uploads\/2026\/03\/Con-masiva-asistencia-de-lechones-comparsas-personajes-familias-y-publico-en-general-cierra-el-Carnaval-de-Santiago-2026-4.jpeg 1045w\" sizes=\"auto, (max-width: 1024px) 100vw, 1024px\" \/><\/figure>\n\n\n\n<p>El alcalde Ulises Rodr\u00edguez destac\u00f3 que el Carnaval de Santiago representa la m\u00e1s aut\u00e9ntica expresi\u00f3n cultural del pueblo, resaltando la presencia de personajes tradicionales como los lechones, roba la gallina, pepineros, bolleros y las recientes marolas, s\u00edmbolos de la creatividad popular que consolidan esta celebraci\u00f3n como la m\u00e1s rica en identidad folkl\u00f3rica de la Rep\u00fablica Dominicana y referente regional en manifestaciones culturales.<\/p>\n\n\n\n<figure class=\"wp-block-image size-large\"><img loading=\"lazy\" decoding=\"async\" width=\"1024\" height=\"881\" src=\"https:\/\/diariodominicano.com\/wp-content\/uploads\/2026\/03\/Con-masiva-asistencia-de-lechones-comparsas-personajes-familias-y-publico-en-general-cierra-el-Carnaval-de-Santiago-2026-1-1024x881.jpeg\" alt=\"\" class=\"wp-image-667861\" srcset=\"https:\/\/diariodominicano.com\/wp-content\/uploads\/2026\/03\/Con-masiva-asistencia-de-lechones-comparsas-personajes-familias-y-publico-en-general-cierra-el-Carnaval-de-Santiago-2026-1-1024x881.jpeg 1024w, https:\/\/diariodominicano.com\/wp-content\/uploads\/2026\/03\/Con-masiva-asistencia-de-lechones-comparsas-personajes-familias-y-publico-en-general-cierra-el-Carnaval-de-Santiago-2026-1-300x258.jpeg 300w, https:\/\/diariodominicano.com\/wp-content\/uploads\/2026\/03\/Con-masiva-asistencia-de-lechones-comparsas-personajes-familias-y-publico-en-general-cierra-el-Carnaval-de-Santiago-2026-1-768x661.jpeg 768w, https:\/\/diariodominicano.com\/wp-content\/uploads\/2026\/03\/Con-masiva-asistencia-de-lechones-comparsas-personajes-familias-y-publico-en-general-cierra-el-Carnaval-de-Santiago-2026-1-816x702.jpeg 816w, https:\/\/diariodominicano.com\/wp-content\/uploads\/2026\/03\/Con-masiva-asistencia-de-lechones-comparsas-personajes-familias-y-publico-en-general-cierra-el-Carnaval-de-Santiago-2026-1.jpeg 1171w\" sizes=\"auto, (max-width: 1024px) 100vw, 1024px\" \/><\/figure>\n\n\n\n<p>\u201cHoy vemos aqu\u00ed a toda la familia compartiendo y disfrutando su carnaval. Este es el carnaval m\u00e1s alegre de la Rep\u00fablica Dominicana, un evento seguro donde ni\u00f1os, j\u00f3venes y adultos pueden venir sin temor. Invitamos a todos a que se integren y no se pierdan este momento tan emocionante. El gran Carnaval de Santiago es local, regional, nacional e internacional, porque ya hay gente de todas partes visit\u00e1ndonos\u201d, expres\u00f3 el alcalde.<\/p>\n\n\n\n<p>La edici\u00f3n 2026 reafirm\u00f3 el posicionamiento del Carnaval de Santiago como referente cultural nacional e internacional. Decenas de comparsas, personajes emblem\u00e1ticos y los tradicionales lechones llenaron de color, m\u00fasica y creatividad cada espacio del Parque Central, fortaleciendo el valor hist\u00f3rico y simb\u00f3lico de esta expresi\u00f3n popular.<\/p>\n\n\n\n<p>El desfile inici\u00f3 a las 2:30 de la tarde con la participaci\u00f3n de la Reina y el Rey del Carnaval, acompa\u00f1ados del grupo de lechones Los Tuareg. Luego desfilaron la tradicional Roba La Gallina, de Walvis Mart\u00ednez; Las Marchantes, de Ilsa Florentino; y la comparsa Fantas\u00eda Egipcia, de Miguel Jim\u00e9nez.<\/p>\n\n\n\n<p>Tambi\u00e9n se destac\u00f3 la presentaci\u00f3n especial del grupo cultural Los Guloyas de San Pedro de Macor\u00eds, patrimonio cultural dominicano, junto a Chuchy y Ston \/ Ricky. Posteriormente avanzaron los bloques organizados: Bloque 1 (Felecsa), Bloque 2 (Independientes), el grupo de lechones Los Guinguirianos, Bloque 3 (Ucacosan), una comparsa invitada (B.S.), Bloque 4 (Ucasa), Los Traficantes.com, Bloque 5 (Bloque Bic) y Bloque 6 (Fucsa), completando el orden oficial del recorrido.<\/p>\n\n\n\n<p>El Roco Tren, convertido en uno de los principales atractivos del evento, continu\u00f3 desfilando cada domingo de carnaval junto a los artistas y personajes invitados.<\/p>\n\n\n\n<figure class=\"wp-block-image size-large\"><img loading=\"lazy\" decoding=\"async\" width=\"1024\" height=\"468\" src=\"https:\/\/diariodominicano.com\/wp-content\/uploads\/2026\/03\/Con-masiva-asistencia-de-lechones-comparsas-personajes-familias-y-publico-en-general-cierra-el-Carnaval-de-Santiago-2026-2-1024x468.jpeg\" alt=\"\" class=\"wp-image-667862\" srcset=\"https:\/\/diariodominicano.com\/wp-content\/uploads\/2026\/03\/Con-masiva-asistencia-de-lechones-comparsas-personajes-familias-y-publico-en-general-cierra-el-Carnaval-de-Santiago-2026-2-1024x468.jpeg 1024w, https:\/\/diariodominicano.com\/wp-content\/uploads\/2026\/03\/Con-masiva-asistencia-de-lechones-comparsas-personajes-familias-y-publico-en-general-cierra-el-Carnaval-de-Santiago-2026-2-300x137.jpeg 300w, https:\/\/diariodominicano.com\/wp-content\/uploads\/2026\/03\/Con-masiva-asistencia-de-lechones-comparsas-personajes-familias-y-publico-en-general-cierra-el-Carnaval-de-Santiago-2026-2-768x351.jpeg 768w, https:\/\/diariodominicano.com\/wp-content\/uploads\/2026\/03\/Con-masiva-asistencia-de-lechones-comparsas-personajes-familias-y-publico-en-general-cierra-el-Carnaval-de-Santiago-2026-2-1536x703.jpeg 1536w, https:\/\/diariodominicano.com\/wp-content\/uploads\/2026\/03\/Con-masiva-asistencia-de-lechones-comparsas-personajes-familias-y-publico-en-general-cierra-el-Carnaval-de-Santiago-2026-2-816x373.jpeg 816w, https:\/\/diariodominicano.com\/wp-content\/uploads\/2026\/03\/Con-masiva-asistencia-de-lechones-comparsas-personajes-familias-y-publico-en-general-cierra-el-Carnaval-de-Santiago-2026-2.jpeg 1600w\" sizes=\"auto, (max-width: 1024px) 100vw, 1024px\" \/><\/figure>\n\n\n\n<p>El espect\u00e1culo de clausura cont\u00f3 con la participaci\u00f3n de reconocidas figuras de la m\u00fasica dominicana como Chiquito Team Band, Crazy Design, Rold\u00e1n M\u00e1rmol, El Jeque DT, Ronny GTA y DJ Julton, quienes pusieron a vibrar a miles de asistentes en una noche cargada de ritmo y energ\u00eda.<\/p>\n\n\n\n<p>La organizaci\u00f3n prioriz\u00f3 la seguridad ciudadana y el control log\u00edstico, garantizando una celebraci\u00f3n sin incidentes y con amplia participaci\u00f3n familiar. La presencia de visitantes nacionales e internacionales confirm\u00f3 el impacto del carnaval en el dinamismo econ\u00f3mico, hotelero y comercial de Santiago de los Caballeros.<\/p>\n\n\n\n<p>Adem\u00e1s de su cobertura en canales de televisi\u00f3n, el Carnaval de Santiago 2026 fue transmitido durante los cuatro domingos a trav\u00e9s de YouTube, alcanzando una amplia audiencia digital y fortaleciendo su proyecci\u00f3n internacional.<\/p>\n\n\n\n<p>Durante el gran desfile final del Carnaval de Santiago fueron reconocidos Dinora Cabrera Puello, Miguelina Balbuena Polanco, Polanquito y Ana Mar\u00eda L\u00f3pez \u201cNinita\u201d, por su trayectoria y valioso aporte al fortalecimiento, preservaci\u00f3n y proyecci\u00f3n de esta emblem\u00e1tica tradici\u00f3n cultural que llena de orgullo a la Ciudad Coraz\u00f3n.<\/p>\n\n\n\n<p>Con una asistencia masiva y un ambiente festivo que desbord\u00f3 entusiasmo, el Carnaval de Santiago 2026 cerr\u00f3 con rotundo \u00e9xito, consolid\u00e1ndose como una de las festividades culturales m\u00e1s importantes y esperadas de la Rep\u00fablica Dominicana y reafirmando a Santiago como capital del turismo cultural y de grandes eventos.<\/p>\n\n\n\n<p><strong>Direcci\u00f3n de Comunicaci\u00f3n y Prensa<br>Ayuntamiento de Santiago<br>1 de marzo de 2026<\/strong><\/p>\n","protected":false},"excerpt":{"rendered":"<p>La asistencia de lechones, comparsas, personajes, familias y p\u00fablico en general. Santiago de los Caballeros, RD.\u2013 El Carnaval de Santiago 2026 culmin\u00f3 el domingo con una jornada multitudinaria que transform\u00f3 el Parque Central en el principal escenario de la cultura, la tradici\u00f3n y el turismo en la Rep\u00fablica Dominicana. Miles de personas asistieron al gran [&hellip;]<\/p>\n","protected":false},"author":2,"featured_media":667858,"comment_status":"open","ping_status":"closed","sticky":false,"template":"","format":"standard","meta":{"footnotes":""},"categories":[21,25,27],"tags":[1633,4756],"class_list":["post-667857","post","type-post","status-publish","format-standard","has-post-thumbnail","hentry","category-cultura","category-gente","category-portada","tag-carnaval-de-santiago","tag-carnaval-de-santiago-2026"],"_links":{"self":[{"href":"https:\/\/diariodominicano.com\/index.php?rest_route=\/wp\/v2\/posts\/667857","targetHints":{"allow":["GET"]}}],"collection":[{"href":"https:\/\/diariodominicano.com\/index.php?rest_route=\/wp\/v2\/posts"}],"about":[{"href":"https:\/\/diariodominicano.com\/index.php?rest_route=\/wp\/v2\/types\/post"}],"author":[{"embeddable":true,"href":"https:\/\/diariodominicano.com\/index.php?rest_route=\/wp\/v2\/users\/2"}],"replies":[{"embeddable":true,"href":"https:\/\/diariodominicano.com\/index.php?rest_route=%2Fwp%2Fv2%2Fcomments&post=667857"}],"version-history":[{"count":2,"href":"https:\/\/diariodominicano.com\/index.php?rest_route=\/wp\/v2\/posts\/667857\/revisions"}],"predecessor-version":[{"id":667865,"href":"https:\/\/diariodominicano.com\/index.php?rest_route=\/wp\/v2\/posts\/667857\/revisions\/667865"}],"wp:featuredmedia":[{"embeddable":true,"href":"https:\/\/diariodominicano.com\/index.php?rest_route=\/wp\/v2\/media\/667858"}],"wp:attachment":[{"href":"https:\/\/diariodominicano.com\/index.php?rest_route=%2Fwp%2Fv2%2Fmedia&parent=667857"}],"wp:term":[{"taxonomy":"category","embeddable":true,"href":"https:\/\/diariodominicano.com\/index.php?rest_route=%2Fwp%2Fv2%2Fcategories&post=667857"},{"taxonomy":"post_tag","embeddable":true,"href":"https:\/\/diariodominicano.com\/index.php?rest_route=%2Fwp%2Fv2%2Ftags&post=667857"}],"curies":[{"name":"wp","href":"https:\/\/api.w.org\/{rel}","templated":true}]}}