{"id":667805,"date":"2026-03-01T00:31:41","date_gmt":"2026-03-01T04:31:41","guid":{"rendered":"https:\/\/diariodominicano.com\/?p=667805"},"modified":"2026-03-01T00:31:51","modified_gmt":"2026-03-01T04:31:51","slug":"macron-francia-no-participo-ni-fue-avisada-del-ataque-a-iran","status":"publish","type":"post","link":"https:\/\/diariodominicano.com\/?p=667805","title":{"rendered":"Macron: Francia no particip\u00f3 ni fue avisada del ataque a Ir\u00e1n"},"content":{"rendered":"\n<p><\/p>\n\n\n\n<p>Par\u00eds, 28 feb (Prensa Latina) El presidente Emmanuel Macron asegur\u00f3 hoy que Francia no form\u00f3 parte del ataque lanzado por Estados Unidos e Israel contra Ir\u00e1n ni fue alertada sobre el mismo.<\/p>\n\n\n\n<ul class=\"wp-block-list\">\n<li><a href=\"https:\/\/www.prensa-latina.cu\/2026\/02\/28\/\"><time>febrero 28, 2026 | 13:35<\/time><\/a><\/li>\n<\/ul>\n\n\n\n<ul class=\"wp-block-list\">\n<li><a href=\"https:\/\/www.prensa-latina.cu\/2026\/02\/28\/macron-francia-no-participo-ni-fue-avisada-del-ataque-a-iran\/#\"><\/a><\/li>\n\n\n\n<li><a href=\"https:\/\/www.prensa-latina.cu\/2026\/02\/28\/macron-francia-no-participo-ni-fue-avisada-del-ataque-a-iran\/#\"><\/a><\/li>\n\n\n\n<li><a href=\"https:\/\/www.prensa-latina.cu\/2026\/02\/28\/macron-francia-no-participo-ni-fue-avisada-del-ataque-a-iran\/#\"><\/a><\/li>\n\n\n\n<li><a href=\"https:\/\/www.prensa-latina.cu\/2026\/02\/28\/macron-francia-no-participo-ni-fue-avisada-del-ataque-a-iran\/#\"><\/a><\/li>\n<\/ul>\n\n\n\n<p>En el contexto de un Consejo de Defensa de urgencia que encabez\u00f3 en el El\u00edseo, el mandatario consider\u00f3 que la labor diplom\u00e1tica debe retomar su curso, despu\u00e9s de la agresi\u00f3n estadounidense e israel\u00ed y de la respuesta del pa\u00eds persa, que abarc\u00f3 a varias naciones del Medio Oriente donde Washington tiene bases militares.<\/p>\n\n\n\n<p>Quisiera que podamos tomar todas las iniciativas \u00fatiles para el regreso de la diplomacia, nadie puede pensar que la cuesti\u00f3n nuclear de Ir\u00e1n, su programa de misiles y la desestabilizaci\u00f3n regional podr\u00e1n resolverse con estos golpes, subray\u00f3.<\/p>\n\n\n\n<p>M\u00e1s temprano, Macron hab\u00eda expresado en X preocupaci\u00f3n por las consecuencias del ataque y calific\u00f3 de \u201cpeligrosa para todos\u201d la escalada en curso.<\/p>\n\n\n\n<p>Tambi\u00e9n se\u00f1al\u00f3 en la red social que en el complejo escenario imperante, todas las medidas son adoptadas para garantizar la seguridad del territorio nacional, de los ciudadanos y de las empresas de Francia en el Medio Oriente.<\/p>\n\n\n\n<p>De acuerdo con el jefe de Estado, Par\u00eds est\u00e1 dispuesto a desplegar los medios necesarios para proteger a \u00absus socios m\u00e1s cercanos, seg\u00fan su solicitud\u00bb, adem\u00e1s de pedir una reuni\u00f3n urgente del Consejo de Seguridad de la ONU.<\/p>\n\n\n\n<p>Por su parte, el ministro del Interior, Laurent N\u00fa\u00f1ez, llam\u00f3 a las fuerzas del orden a la vigilancia en toda Francia, en aras de evitar cualquier situaci\u00f3n de seguridad derivada de la guerra.<\/p>\n\n\n\n<p>jcm\/wmr<\/p>\n\n\n\n<ul class=\"wp-block-list\">\n<li>#<a href=\"https:\/\/www.prensa-latina.cu\/etiqueta\/francia\/\">Francia<\/a>\u00a0#<a href=\"https:\/\/www.prensa-latina.cu\/etiqueta\/macron\/\">Macron<\/a><\/li>\n<\/ul>\n","protected":false},"excerpt":{"rendered":"<p>Par\u00eds, 28 feb (Prensa Latina) El presidente Emmanuel Macron asegur\u00f3 hoy que Francia no form\u00f3 parte del ataque lanzado por Estados Unidos e Israel contra Ir\u00e1n ni fue alertada sobre el mismo. En el contexto de un Consejo de Defensa de urgencia que encabez\u00f3 en el El\u00edseo, el mandatario consider\u00f3 que la labor diplom\u00e1tica debe [&hellip;]<\/p>\n","protected":false},"author":28,"featured_media":667806,"comment_status":"open","ping_status":"closed","sticky":false,"template":"","format":"standard","meta":{"footnotes":""},"categories":[23,27],"tags":[1869,3595],"class_list":["post-667805","post","type-post","status-publish","format-standard","has-post-thumbnail","hentry","category-internacional","category-portada","tag-francia","tag-macron"],"_links":{"self":[{"href":"https:\/\/diariodominicano.com\/index.php?rest_route=\/wp\/v2\/posts\/667805","targetHints":{"allow":["GET"]}}],"collection":[{"href":"https:\/\/diariodominicano.com\/index.php?rest_route=\/wp\/v2\/posts"}],"about":[{"href":"https:\/\/diariodominicano.com\/index.php?rest_route=\/wp\/v2\/types\/post"}],"author":[{"embeddable":true,"href":"https:\/\/diariodominicano.com\/index.php?rest_route=\/wp\/v2\/users\/28"}],"replies":[{"embeddable":true,"href":"https:\/\/diariodominicano.com\/index.php?rest_route=%2Fwp%2Fv2%2Fcomments&post=667805"}],"version-history":[{"count":1,"href":"https:\/\/diariodominicano.com\/index.php?rest_route=\/wp\/v2\/posts\/667805\/revisions"}],"predecessor-version":[{"id":667807,"href":"https:\/\/diariodominicano.com\/index.php?rest_route=\/wp\/v2\/posts\/667805\/revisions\/667807"}],"wp:featuredmedia":[{"embeddable":true,"href":"https:\/\/diariodominicano.com\/index.php?rest_route=\/wp\/v2\/media\/667806"}],"wp:attachment":[{"href":"https:\/\/diariodominicano.com\/index.php?rest_route=%2Fwp%2Fv2%2Fmedia&parent=667805"}],"wp:term":[{"taxonomy":"category","embeddable":true,"href":"https:\/\/diariodominicano.com\/index.php?rest_route=%2Fwp%2Fv2%2Fcategories&post=667805"},{"taxonomy":"post_tag","embeddable":true,"href":"https:\/\/diariodominicano.com\/index.php?rest_route=%2Fwp%2Fv2%2Ftags&post=667805"}],"curies":[{"name":"wp","href":"https:\/\/api.w.org\/{rel}","templated":true}]}}