{"id":667799,"date":"2026-03-01T00:21:18","date_gmt":"2026-03-01T04:21:18","guid":{"rendered":"https:\/\/diariodominicano.com\/?p=667799"},"modified":"2026-03-01T00:31:31","modified_gmt":"2026-03-01T04:31:31","slug":"protestan-en-eeuu-paz-con-iran-ahora-piden","status":"publish","type":"post","link":"https:\/\/diariodominicano.com\/?p=667799","title":{"rendered":"Protestan en EEUU: Paz con Ir\u00e1n ahora, piden"},"content":{"rendered":"\n<p>Washington, 28 feb (Prensa Latina) Activistas por la paz, entre ellos representantes de la organizaci\u00f3n CodePink, se congregaron hoy frente a la Casa Blanca en protesta por los ataques de Estados Unidos e Israel contra Ir\u00e1n, que dejaron m\u00e1s de 200 muertos.<\/p>\n\n\n\n<ul class=\"wp-block-list\">\n<li><a href=\"https:\/\/www.prensa-latina.cu\/2026\/02\/28\/\"><time>febrero 28, 2026 | 22:30<\/time><\/a><\/li>\n<\/ul>\n\n\n\n<ul class=\"wp-block-list\">\n<li><a href=\"https:\/\/www.prensa-latina.cu\/2026\/02\/28\/protestan-en-eeuu-paz-con-iran-ahora-piden\/#\"><\/a><\/li>\n\n\n\n<li><a href=\"https:\/\/www.prensa-latina.cu\/2026\/02\/28\/protestan-en-eeuu-paz-con-iran-ahora-piden\/#\"><\/a><\/li>\n\n\n\n<li><a href=\"https:\/\/www.prensa-latina.cu\/2026\/02\/28\/protestan-en-eeuu-paz-con-iran-ahora-piden\/#\"><\/a><\/li>\n\n\n\n<li><a href=\"https:\/\/www.prensa-latina.cu\/2026\/02\/28\/protestan-en-eeuu-paz-con-iran-ahora-piden\/#\"><\/a><\/li>\n<\/ul>\n\n\n\n<p>La demostraci\u00f3n en esta capital se sum\u00f3 a las ocurridas en m\u00e1s de 60 ciudades del pa\u00eds, donde se reunieron para rechazar esta nueva aventura b\u00e9lica, menos de 24 horas despu\u00e9s de que Estados Unidos e Israel lanzaran sus numerosos ataques en suelo iran\u00ed, sembrando el caos.<\/p>\n\n\n\n<p>\u201cDebemos detener la locura destructiva del imperio estadounidense\u201d, dijo Medea Benjamin, cofundadora del grupo, en la red social X.<\/p>\n\n\n\n<p>Paz con Ir\u00e1n ahora, se\u00f1ala un mensaje que acompa\u00f1a a un video en el que denuncian los cr\u00edmenes contra la humanidad cometidos por Estados Unidos e Israel, en especial luego de reportarse que en este primer d\u00eda fue embestida una escuela donde perdieron la vida m\u00e1s de 60 ni\u00f1as.<\/p>\n\n\n\n<p>El ataque imprudente e inconstitucional del presidente Donald Trump contra Ir\u00e1n, lanzado en medio de las negociaciones, ha costado vidas civiles y ha empujado a la regi\u00f3n hacia una guerra m\u00e1s amplia, subray\u00f3 la tambi\u00e9n escritora y periodista.<\/p>\n\n\n\n<p>El Congreso, no el presidente -dijo-, tiene la facultad de autorizar la guerra. \u201cEl pueblo estadounidense no quiere de un bill\u00f3n de d\u00f3lares en Medio Oriente mientras las familias aqu\u00ed luchan por acceder a la atenci\u00f3n m\u00e9dica y la vivienda\u201d, enfatiz\u00f3. D\u00edgale al Congreso: vote S\u00ed a la Resoluci\u00f3n de Poderes de Guerra, inst\u00f3 Benjamin.<\/p>\n\n\n\n<p>Mientras, en Los \u00c1ngeles, la actriz y activista Jane Fonda particip\u00f3 junto a cientos de personas en una manifestaci\u00f3n en el centro de esa cuidad de California.<\/p>\n\n\n\n<p>Brian Becker, coordinador nacional de la Coalici\u00f3n ANSWER, expres\u00f3 all\u00ed: \u00abEs evidente que el pueblo estadounidense no quiere otra guerra en Medio Oriente\u00bb.<\/p>\n\n\n\n<p>Los bombardeos de este s\u00e1bado impactaron varias provincias de Ir\u00e1n, incluida la capital, Teher\u00e1n, donde se reportan da\u00f1os significativos en infraestructuras civiles y administrativas. Trump reconoci\u00f3 incluso que llevar\u00e1 tiempo la reconstrucci\u00f3n.<\/p>\n\n\n\n<p>La ofensiva a gran escala coordinada contra la Rep\u00fablica Isl\u00e1mica fue dirigida a instalaciones estrat\u00e9gicas militares y administrativas.<\/p>\n\n\n\n<p>Las autoridades iran\u00edes calificaron la acci\u00f3n como una violaci\u00f3n flagrante de la soberan\u00eda nacional y del derecho internacional, respondiendo con fuego contra Israel y las principales bases de Estados Unidos situadas en pa\u00edses del Golfo P\u00e9rsico.<\/p>\n\n\n\n<p>El secretario de Estado Marco Rubio tuvo que cancelar su viaje a Israel la pr\u00f3xima semana tras los ataques.<\/p>\n\n\n\n<p>\u00abDebido a las circunstancias actuales, el secretario Rubio ya no viajar\u00e1 a Israel el 2 de marzo\u00bb, declar\u00f3 Dylan Johnson, subsecretario de Estado para Asuntos P\u00fablicos Globales, en un mensaje en X.<\/p>\n\n\n\n<p>Ir\u00e1n confirm\u00f3 la muerte del L\u00edder Supremo de la Rep\u00fablica Isl\u00e1mica, ayatol\u00e1 Al\u00ed Jamenei, como consecuencia de estos ataques. El gobierno de Teher\u00e1n decret\u00f3 40 d\u00edas de duelo nacional y el cierre de las oficinas gubernamentales durante siete d\u00edas.<\/p>\n\n\n\n<p>Este es el segundo ataque de Estados Unidos a Ir\u00e1n en menos de un a\u00f1o. En junio Trump orden\u00f3 bombardear tres instalaciones vinculadas al programa nuclear de ese pa\u00eds. En aquel momento el mandatario republicano se jact\u00f3 de que sab\u00eda la ubicaci\u00f3n de Jamenei, pero que no dirigir\u00eda una operaci\u00f3n para matarlo.<\/p>\n\n\n\n<p>La ofensiva conjunta de Estados Unidos e Israel contra Ir\u00e1n elev\u00f3 la tensi\u00f3n en Medio Oriente.<\/p>\n\n\n\n<p>lam\/dfm<\/p>\n\n\n\n<ul class=\"wp-block-list\">\n<li>#<a href=\"https:\/\/www.prensa-latina.cu\/etiqueta\/israel\/\">Israel<\/a><\/li>\n<\/ul>\n","protected":false},"excerpt":{"rendered":"<p>Washington, 28 feb (Prensa Latina) Activistas por la paz, entre ellos representantes de la organizaci\u00f3n CodePink, se congregaron hoy frente a la Casa Blanca en protesta por los ataques de Estados Unidos e Israel contra Ir\u00e1n, que dejaron m\u00e1s de 200 muertos. La demostraci\u00f3n en esta capital se sum\u00f3 a las ocurridas en m\u00e1s de [&hellip;]<\/p>\n","protected":false},"author":28,"featured_media":0,"comment_status":"open","ping_status":"closed","sticky":false,"template":"","format":"standard","meta":{"footnotes":""},"categories":[23],"tags":[3955],"class_list":["post-667799","post","type-post","status-publish","format-standard","hentry","category-internacional","tag-eeuu"],"_links":{"self":[{"href":"https:\/\/diariodominicano.com\/index.php?rest_route=\/wp\/v2\/posts\/667799","targetHints":{"allow":["GET"]}}],"collection":[{"href":"https:\/\/diariodominicano.com\/index.php?rest_route=\/wp\/v2\/posts"}],"about":[{"href":"https:\/\/diariodominicano.com\/index.php?rest_route=\/wp\/v2\/types\/post"}],"author":[{"embeddable":true,"href":"https:\/\/diariodominicano.com\/index.php?rest_route=\/wp\/v2\/users\/28"}],"replies":[{"embeddable":true,"href":"https:\/\/diariodominicano.com\/index.php?rest_route=%2Fwp%2Fv2%2Fcomments&post=667799"}],"version-history":[{"count":1,"href":"https:\/\/diariodominicano.com\/index.php?rest_route=\/wp\/v2\/posts\/667799\/revisions"}],"predecessor-version":[{"id":667800,"href":"https:\/\/diariodominicano.com\/index.php?rest_route=\/wp\/v2\/posts\/667799\/revisions\/667800"}],"wp:attachment":[{"href":"https:\/\/diariodominicano.com\/index.php?rest_route=%2Fwp%2Fv2%2Fmedia&parent=667799"}],"wp:term":[{"taxonomy":"category","embeddable":true,"href":"https:\/\/diariodominicano.com\/index.php?rest_route=%2Fwp%2Fv2%2Fcategories&post=667799"},{"taxonomy":"post_tag","embeddable":true,"href":"https:\/\/diariodominicano.com\/index.php?rest_route=%2Fwp%2Fv2%2Ftags&post=667799"}],"curies":[{"name":"wp","href":"https:\/\/api.w.org\/{rel}","templated":true}]}}