{"id":667789,"date":"2026-02-28T22:55:58","date_gmt":"2026-03-01T02:55:58","guid":{"rendered":"https:\/\/diariodominicano.com\/?p=667789"},"modified":"2026-02-28T22:56:03","modified_gmt":"2026-03-01T02:56:03","slug":"brasil-expresa-preocupacion-por-escalada-en-medio-oriente","status":"publish","type":"post","link":"https:\/\/diariodominicano.com\/?p=667789","title":{"rendered":"Brasil expresa preocupaci\u00f3n por escalada en Medio Oriente"},"content":{"rendered":"\n<p>Brasilia, 28 feb (Prensa Latina) El Gobierno brasile\u00f1o expres\u00f3 hoy su profunda preocupaci\u00f3n por la escalada de hostilidades en Medio Oriente, que representa una grave amenaza para la paz y la seguridad internacionales.<\/p>\n\n\n\n<ul class=\"wp-block-list\">\n<li><a href=\"https:\/\/www.prensa-latina.cu\/2026\/02\/28\/\"><time>febrero 28, 2026 | 21:34<\/time><\/a><\/li>\n<\/ul>\n\n\n\n<ul class=\"wp-block-list\">\n<li><a href=\"https:\/\/www.prensa-latina.cu\/2026\/02\/28\/brasil-expresa-preocupacion-por-escalada-en-medio-oriente\/#\"><\/a><\/li>\n\n\n\n<li><a href=\"https:\/\/www.prensa-latina.cu\/2026\/02\/28\/brasil-expresa-preocupacion-por-escalada-en-medio-oriente\/#\"><\/a><\/li>\n\n\n\n<li><a href=\"https:\/\/www.prensa-latina.cu\/2026\/02\/28\/brasil-expresa-preocupacion-por-escalada-en-medio-oriente\/#\"><\/a><\/li>\n\n\n\n<li><a href=\"https:\/\/www.prensa-latina.cu\/2026\/02\/28\/brasil-expresa-preocupacion-por-escalada-en-medio-oriente\/#\"><\/a><\/li>\n<\/ul>\n\n\n\n<p>En un comunicado difundido esta noche, el Ministerio de Relaciones Exteriores manifest\u00f3 que estos hechos tienen posibles repercusiones humanitarias y econ\u00f3micas de gran alcance.<\/p>\n\n\n\n<p>Al exigir el cese de las acciones militares ofensivas, Brasil insta a todas las partes a respetar el derecho internacional y condena cualquier medida que viole la soberan\u00eda de terceros Estados o que pueda agravar el conflicto, como las represalias y los ataques contra zonas civiles, indic\u00f3 el texto.<\/p>\n\n\n\n<p>Recordando que la leg\u00edtima defensa, prevista en el Art\u00edculo 51 de la Carta de las Naciones Unidas, es una medida excepcional sujeta a la proporcionalidad y la causalidad con el ataque armado, Brasil expresa su solidaridad con Arabia Saudita, Bar\u00e9in, Qatar, Emiratos \u00c1rabes Unidos, Iraq, Kuwait y Jordania, blanco de los ataques de represalia de Ir\u00e1n, a\u00f1adi\u00f3 la Canciller\u00eda.<\/p>\n\n\n\n<p>Al lamentar la p\u00e9rdida de vidas, Brasil tambi\u00e9n manifest\u00f3 su solidaridad con las familias de las v\u00edctimas y enfatiz\u00f3 la obligaci\u00f3n de los Estados de garantizar la protecci\u00f3n de los civiles, de conformidad con el Derecho Internacional Humanitario.<\/p>\n\n\n\n<p>En la declaraci\u00f3n, el gigante sudamericano reafirm\u00f3 que el di\u00e1logo y la negociaci\u00f3n diplom\u00e1tica constituyen la \u00fanica v\u00eda viable para superar las diferencias y construir una soluci\u00f3n duradera, con las Naciones Unidas desempe\u00f1ando un papel central en la prevenci\u00f3n y resoluci\u00f3n de conflictos.<\/p>\n\n\n\n<p>M\u00e1s temprano, la Canciller\u00eda brasile\u00f1a hab\u00eda divulgado otro comunicado en el que conden\u00f3 los ataques perpetrados este s\u00e1bado por Estados Unidos e Israel contra objetivos en Ir\u00e1n y expres\u00f3 su grave preocupaci\u00f3n por esos hechos.<\/p>\n\n\n\n<p>El organismo se\u00f1al\u00f3 que esa agresi\u00f3n se produjo en medio de negociaciones en curso, que constituyen el \u00fanico camino para la paz, una postura tradicionalmente defendida por Brasil en la regi\u00f3n.<\/p>\n\n\n\n<p>Adem\u00e1s, el Gobierno del gigante sudamericano inst\u00f3 a todas las partes a respetar el derecho internacional y a ejercer la m\u00e1xima moderaci\u00f3n para evitar una escalada de hostilidades y garantizar la protecci\u00f3n de la poblaci\u00f3n y la infraestructura civiles.<\/p>\n\n\n\n<p>lam\/mar<\/p>\n\n\n\n<ul class=\"wp-block-list\">\n<li>#<a href=\"https:\/\/www.prensa-latina.cu\/etiqueta\/agresion-a-iran\/\">agresi\u00f3n a Ir\u00e1n<\/a>\u00a0#<a href=\"https:\/\/www.prensa-latina.cu\/etiqueta\/brasil\/\">brasil<\/a>\u00a0#<a href=\"https:\/\/www.prensa-latina.cu\/etiqueta\/eeuu\/\">eeuu<\/a>\u00a0#<a href=\"https:\/\/www.prensa-latina.cu\/etiqueta\/israel\/\">Israel<\/a><\/li>\n<\/ul>\n","protected":false},"excerpt":{"rendered":"<p>Brasilia, 28 feb (Prensa Latina) El Gobierno brasile\u00f1o expres\u00f3 hoy su profunda preocupaci\u00f3n por la escalada de hostilidades en Medio Oriente, que representa una grave amenaza para la paz y la seguridad internacionales. En un comunicado difundido esta noche, el Ministerio de Relaciones Exteriores manifest\u00f3 que estos hechos tienen posibles repercusiones humanitarias y econ\u00f3micas de [&hellip;]<\/p>\n","protected":false},"author":28,"featured_media":0,"comment_status":"open","ping_status":"closed","sticky":false,"template":"","format":"standard","meta":{"footnotes":""},"categories":[23],"tags":[2998],"class_list":["post-667789","post","type-post","status-publish","format-standard","hentry","category-internacional","tag-brasil"],"_links":{"self":[{"href":"https:\/\/diariodominicano.com\/index.php?rest_route=\/wp\/v2\/posts\/667789","targetHints":{"allow":["GET"]}}],"collection":[{"href":"https:\/\/diariodominicano.com\/index.php?rest_route=\/wp\/v2\/posts"}],"about":[{"href":"https:\/\/diariodominicano.com\/index.php?rest_route=\/wp\/v2\/types\/post"}],"author":[{"embeddable":true,"href":"https:\/\/diariodominicano.com\/index.php?rest_route=\/wp\/v2\/users\/28"}],"replies":[{"embeddable":true,"href":"https:\/\/diariodominicano.com\/index.php?rest_route=%2Fwp%2Fv2%2Fcomments&post=667789"}],"version-history":[{"count":1,"href":"https:\/\/diariodominicano.com\/index.php?rest_route=\/wp\/v2\/posts\/667789\/revisions"}],"predecessor-version":[{"id":667792,"href":"https:\/\/diariodominicano.com\/index.php?rest_route=\/wp\/v2\/posts\/667789\/revisions\/667792"}],"wp:attachment":[{"href":"https:\/\/diariodominicano.com\/index.php?rest_route=%2Fwp%2Fv2%2Fmedia&parent=667789"}],"wp:term":[{"taxonomy":"category","embeddable":true,"href":"https:\/\/diariodominicano.com\/index.php?rest_route=%2Fwp%2Fv2%2Fcategories&post=667789"},{"taxonomy":"post_tag","embeddable":true,"href":"https:\/\/diariodominicano.com\/index.php?rest_route=%2Fwp%2Fv2%2Ftags&post=667789"}],"curies":[{"name":"wp","href":"https:\/\/api.w.org\/{rel}","templated":true}]}}