{"id":667718,"date":"2026-02-28T20:13:08","date_gmt":"2026-03-01T00:13:08","guid":{"rendered":"https:\/\/diariodominicano.com\/?p=667718"},"modified":"2026-02-28T20:14:28","modified_gmt":"2026-03-01T00:14:28","slug":"decepcion-silenciosa-en-los-hogares-dominicanos","status":"publish","type":"post","link":"https:\/\/diariodominicano.com\/?p=667718","title":{"rendered":"Decepci\u00f3n silenciosa en los hogares dominicanos"},"content":{"rendered":"\n<p><strong>Es notoria la sensaci\u00f3n de pausa de estancamiento que vive la poblaci\u00f3n dominicana, advierte Johnny Pujols, Secretario General del PLD.&nbsp;&nbsp;<\/strong><\/p>\n\n\n\n<p><strong>Johnny Pujols, secretario general del Partido de la Liberaci\u00f3n Dominicana (PLD),&nbsp;&nbsp;ratific\u00f3 que el gobierno del PRM ha generado una p\u00e9rdida&nbsp; notable de la confianza de la ciudadan\u00eda, un aspecto elemental para el buen funcionamiento de la naci\u00f3n.<\/strong><\/p>\n\n\n\n<p><strong>\u201cLo dijimos&nbsp;&nbsp;en el documento que nos correspondi\u00f3 exponer a nombre del Comit\u00e9 Pol\u00edtico y lo ratificamos , el&nbsp;&nbsp;&nbsp;gobierno&nbsp;&nbsp;ha roto la confianza&nbsp;&nbsp;en las instituciones p\u00fablicas, en las organizaciones pol\u00edticas, en el servicio p\u00fablico; nos ha hecho perder la confianza unos en otros. Y, quiz\u00e1s lo m\u00e1s grave, nos ha hecho perder la confianza en nosotros mismos como dominicanos: hemos perdido la fe en que podemos avanzar como pa\u00eds\u201d,&nbsp;&nbsp;dijo Pujols al participar la ma\u00f1ana de este d\u00eda en el programa Panorama del S\u00e1bado.<\/strong><\/p>\n\n\n\n<p><strong>Apunt\u00f3 que&nbsp;&nbsp;los estudios de opini\u00f3n p\u00fablica&nbsp;&nbsp;coinciden en destacar un sentimiento de la gente de que el pa\u00eds se est\u00e1 paralizando: \u201cEs una sensaci\u00f3n de pausa, de estancamiento; de sentir que, por m\u00e1s que te esfuerzas, no avanzas. Hay una decepci\u00f3n silenciosa en los hogares, un cansancio profundo que ya no se puede disimular\u201d, agreg\u00f3.<\/strong><\/p>\n\n\n\n<p><strong>Record\u00f3 que la estabilidad social que ha predominado en Rep\u00fablica Dominicana en las \u00faltimas cuatro d\u00e9cadas depende de la estabilidad pol\u00edtica y de la estabilidad econ\u00f3mica.<\/strong><\/p>\n\n\n\n<p><strong>\u201cEs que la econom\u00eda se est\u00e1 colocando en una situaci\u00f3n fr\u00e1gil la econom\u00eda&nbsp;&nbsp;y la propia actividad pol\u00edtica porque se ha permitido que se desacredite y desde el Gobierno del PRM, se ha propiciado el descr\u00e9dito de la actividad pol\u00edtica, tratando&nbsp;&nbsp;desprestigiar otros partidos&nbsp;&nbsp;incurriendo en situaciones con los actos de corrupci\u00f3n y el narcotr\u00e1fico\u201d respondi\u00f3 Pujols al panel que lo entrevist\u00f3.<\/strong><\/p>\n\n\n\n<p><strong>El Secretario General del PLD fue reiterativo en advertir que lo que se comprueba en la realidad est\u00e1 muy distante del enfoque del Presidente de la Rep\u00fablica en el discurso de Rendici\u00f3n de Cuentas del 27 de febrero.<\/strong><\/p>\n\n\n\n<p><strong>\u201cEstamos en el Gobierno con la menor inversi\u00f3n p\u00fablica de los \u00faltimos setenta a\u00f1os. Ese rengl\u00f3n ha ca\u00eddo en 1.4 por ciento de PIB, que siempre super\u00f3 los 3.3 por ciento, es por lo que sectores claves para econom\u00eda, como la construcci\u00f3n decrecieron\u201d, agreg\u00f3.<\/strong><\/p>\n\n\n\n<p><strong>Dijo que esa reducida inversi\u00f3n p\u00fablica, ha tenido un efecto negativo en la econom\u00eda, situaci\u00f3n preocupante porque no se ven,&nbsp;&nbsp;desde el gobierno,&nbsp;&nbsp;mecanismos para superar ese malestar.<\/strong><\/p>\n\n\n\n<p><strong>&nbsp;Explic\u00f3 que el&nbsp;&nbsp;Gobierno ha querido presentar el desempe\u00f1o econ\u00f3mico del pa\u00eds como un logro, pero cuando se examinan los datos con seriedad, el relato oficial no se sostiene.<\/strong><\/p>\n\n\n\n<p><strong>SECRETARIA COMUNICACIONES<\/strong><\/p>\n","protected":false},"excerpt":{"rendered":"<p>Es notoria la sensaci\u00f3n de pausa de estancamiento que vive la poblaci\u00f3n dominicana, advierte Johnny Pujols, Secretario General del PLD.&nbsp;&nbsp; Johnny Pujols, secretario general del Partido de la Liberaci\u00f3n Dominicana (PLD),&nbsp;&nbsp;ratific\u00f3 que el gobierno del PRM ha generado una p\u00e9rdida&nbsp; notable de la confianza de la ciudadan\u00eda, un aspecto elemental para el buen funcionamiento de [&hellip;]<\/p>\n","protected":false},"author":7,"featured_media":667725,"comment_status":"closed","ping_status":"closed","sticky":false,"template":"","format":"standard","meta":{"footnotes":""},"categories":[22],"tags":[2413,175],"class_list":["post-667718","post","type-post","status-publish","format-standard","has-post-thumbnail","hentry","category-politica","tag-johnny-pujols","tag-pld"],"_links":{"self":[{"href":"https:\/\/diariodominicano.com\/index.php?rest_route=\/wp\/v2\/posts\/667718","targetHints":{"allow":["GET"]}}],"collection":[{"href":"https:\/\/diariodominicano.com\/index.php?rest_route=\/wp\/v2\/posts"}],"about":[{"href":"https:\/\/diariodominicano.com\/index.php?rest_route=\/wp\/v2\/types\/post"}],"author":[{"embeddable":true,"href":"https:\/\/diariodominicano.com\/index.php?rest_route=\/wp\/v2\/users\/7"}],"replies":[{"embeddable":true,"href":"https:\/\/diariodominicano.com\/index.php?rest_route=%2Fwp%2Fv2%2Fcomments&post=667718"}],"version-history":[{"count":1,"href":"https:\/\/diariodominicano.com\/index.php?rest_route=\/wp\/v2\/posts\/667718\/revisions"}],"predecessor-version":[{"id":667726,"href":"https:\/\/diariodominicano.com\/index.php?rest_route=\/wp\/v2\/posts\/667718\/revisions\/667726"}],"wp:featuredmedia":[{"embeddable":true,"href":"https:\/\/diariodominicano.com\/index.php?rest_route=\/wp\/v2\/media\/667725"}],"wp:attachment":[{"href":"https:\/\/diariodominicano.com\/index.php?rest_route=%2Fwp%2Fv2%2Fmedia&parent=667718"}],"wp:term":[{"taxonomy":"category","embeddable":true,"href":"https:\/\/diariodominicano.com\/index.php?rest_route=%2Fwp%2Fv2%2Fcategories&post=667718"},{"taxonomy":"post_tag","embeddable":true,"href":"https:\/\/diariodominicano.com\/index.php?rest_route=%2Fwp%2Fv2%2Ftags&post=667718"}],"curies":[{"name":"wp","href":"https:\/\/api.w.org\/{rel}","templated":true}]}}