{"id":667717,"date":"2026-02-28T20:04:28","date_gmt":"2026-03-01T00:04:28","guid":{"rendered":"https:\/\/diariodominicano.com\/?p=667717"},"modified":"2026-02-28T20:04:30","modified_gmt":"2026-03-01T00:04:30","slug":"abinader-reafirma-ante-la-asamblea-nacional-su-lucha-contra-la-corrupcion-administrativa","status":"publish","type":"post","link":"https:\/\/diariodominicano.com\/?p=667717","title":{"rendered":"Abinader reafirma ante la Asamblea Nacional su lucha contra la corrupci\u00f3n administrativa"},"content":{"rendered":"\n<p><strong>Manuel Diaz Aponte<\/strong><\/p>\n\n\n\n<p><strong>El presidente de la Rep\u00fablica, Luis Abinader, reafirm\u00f3 su decidida pol\u00edtica de lucha contra la corrupci\u00f3n en el pa\u00eds, y dio seguridad, de que los recursos sustra\u00eddos de SENASA ser\u00e1n recuperados y reincorporados a las arcas del Estado.<\/strong><\/p>\n\n\n\n<p><strong>Valor\u00f3 la importancia de la honestidad para el ciudadano y particularmente entre aquellos funcionarios que manejan fondos del patrimonio p\u00fablico.<\/strong><\/p>\n\n\n\n<p><strong>En ese contexto, dijo que mientras sea presidente de la Rep\u00fablica, no habr\u00e1 escondites, no habr\u00e1 silencios c\u00f3mplices y no habr\u00e1 poder que est\u00e9 por encima de la ley.<\/strong><\/p>\n\n\n\n<p><strong>Asegur\u00f3 que en su gobierno no existen intocables, ni existen protegidos y no existen excusas, porque nadie est\u00e1 por encima de la ley.<\/strong><\/p>\n\n\n\n<p><strong>\u201cY cuando han surgido pruebas, incluso en instituciones tan sensibles como SeNaSa, la respuesta ha sido una sola: enviarlo al ministerio p\u00fablico para que&nbsp;investigue, act\u00fae y se asuman las consecuencias. Sin interferencias. Sin presiones. Sin encubrimientos\u201d, expuso el jefe de Estado.<\/strong><\/p>\n\n\n\n<p><strong>Hablando ante la Asamblea Nacional en ocasi\u00f3n del 182 Aniversario de la Independencia Nacional, Abinader enfatiz\u00f3: \u201cEn los casos de corrupci\u00f3n, como el de Senasa, en el que el gobierno se ha constituido en actor civil, los culpables no solo tendr\u00e1n encima todo el peso de la ley, mi compromiso es que tendr\u00e1n que devolver hasta el \u00faltimo peso de lo robado. Y para eso, he instruido al equipo de recuperaci\u00f3n del patrimonio p\u00fablico, quienes est\u00e1n aqu\u00ed presentes. \u00a1No descansen hasta conseguirlo!\u201d.<\/strong><\/p>\n\n\n\n<p><strong>El mandatario y l\u00edder del Partido Revolucionario Moderno (PRM) record\u00f3 que al ascender al poder el 16 de agosto del 2020 fue claro al advertir que no habr\u00e1 impunidad para la corrupci\u00f3n del pasado, ni tampoco para la que se cometa en el futuro.<\/strong><\/p>\n\n\n\n<p><strong>Igualmente, rememor\u00f3 sus palabras de que el funcionario que se equivoque con el dinero del pueblo ser\u00e1 inmediatamente destituido y puesto a disposici\u00f3n de la justicia.<\/strong><\/p>\n\n\n\n<p><strong>\u201cHoy puedo decir, con la frente en alto y la coherencia intacta,&nbsp;que esas palabras se han cumplido.\u201d<\/strong><\/p>\n\n\n\n<p><strong>Transparencia en el Estado &nbsp;<\/strong><\/p>\n\n\n\n<p><strong>Abinader expuso que la&nbsp;honestidad no es un discurso: es una l\u00ednea que no se cruza. La transparencia no es una opci\u00f3n: es un deber.<\/strong><\/p>\n\n\n\n<p><strong>En su alocuci\u00f3n de tres horas en el Congreso Nacional para rendir cuentas de su gesti\u00f3n gubernamental, el presidente Luis Abinader resalt\u00f3 la importancia de la independencia de la justicia en el desarrollo institucional.&nbsp;&nbsp;<\/strong><\/p>\n\n\n\n<p><strong>Al respecto, cit\u00f3 lo expresado por&nbsp;Transparencia Internacional&nbsp;en el \u00cdndice de Percepci\u00f3n de la Corrupci\u00f3n, donde indica que la Rep\u00fablica Dominicana mejor\u00f3 por quinto a\u00f1o consecutivo, pasando de la posici\u00f3n 136 en 2020 a la 99 en 2025. &nbsp;&nbsp;&nbsp;<\/strong><\/p>\n\n\n\n<p><strong>En su discurso, Abinader defendi\u00f3 en forma vehemente la importancia de la honestidad en la administraci\u00f3n p\u00fablica, indicando que: \u201cYo tengo amigos, pero no c\u00f3mplices, y este Gobierno no retrocede, no negocia y no se rinde frente a la corrupci\u00f3n, cueste lo que cueste; me cueste lo que me cueste, ese es mi compromiso incondicional con mi pa\u00eds, con mi padre y con Dios\u201d.<\/strong><\/p>\n\n\n\n<p><strong>En el \u00e1mbito externo, dijo que el reconocimiento internacional a los esfuerzos por la transparencia en el pa\u00eds es innegable, y refiri\u00f3 que la Rep\u00fablica Dominicana ha sido seleccionada para albergar la Conferencia Internacional Anticorrupci\u00f3n 2026, un evento de gran relevancia que reunir\u00e1 a m\u00e1s de 2,000 actores de 160 pa\u00edses.<\/strong><\/p>\n\n\n\n<p><strong>Obligaci\u00f3n moral &nbsp;<\/strong><\/p>\n\n\n\n<p><strong>La postura de Abinader ante la defensa de la transparencia en la conducci\u00f3n gubernamental qued\u00f3 de manifiesto cuando expuso lo vital que es el manejo pulcro de los bienes p\u00fablicos. &nbsp;&nbsp;&nbsp;&nbsp;<\/strong><\/p>\n\n\n\n<p><strong>En ese sentido, estableci\u00f3 que \u201cun Estado honesto no es una opci\u00f3n. Es una obligaci\u00f3n moral. Es la base de la confianza, el cimiento del desarrollo y la \u00fanica garant\u00eda de que los recursos p\u00fablicos lleguen a donde deben llegar: a la gente\u201d.<\/strong><\/p>\n\n\n\n<p><strong>Esta intervenci\u00f3n representa probablemente la mayor firmeza de un mandatario dominicano en los \u00faltimos a\u00f1os al abordar la cuesti\u00f3n de la corrupci\u00f3n desde los salones de la Asamblea Nacional. &nbsp;&nbsp;&nbsp;&nbsp;&nbsp;<\/strong><\/p>\n\n\n\n<p><strong>No solamente la conden\u00f3, sino que igualmente advirti\u00f3 sobre sus consecuencias negativas para la estabilidad econ\u00f3mica, democr\u00e1tica e institucional.<\/strong><\/p>\n\n\n\n<p><strong>Igualmente, es una clara advertencia de que el presidente Luis Abinader seguir\u00e1 vigilante ante el accionar de sus funcionarios y decidido a defender su obra de gobierno que culmina el 16 de agosto del 2028.<\/strong><\/p>\n\n\n\n<p><strong>Al mismo tiempo, que busca desligar su imagen ante cualquier otro posible caso de corrupci\u00f3n administrativa que pueda presentarse en la actual gesti\u00f3n gubernamental. &nbsp;<\/strong><\/p>\n\n\n\n<p><strong>Por esa raz\u00f3n, no escatim\u00f3 esfuerzo al indicar que la lucha contra la corrupci\u00f3n no es una declaratoria m\u00e1s; es su columna vertebral, su br\u00fajula moral inamovible. &nbsp;&nbsp;&nbsp;&nbsp;&nbsp;&nbsp;<\/strong><\/p>\n\n\n\n<p><strong>Bajo el amparo e iniciativa&nbsp;de la Meta RD 2036, el gobierno busca consolidar e<em>l aumento de la productividad, la innovaci\u00f3n, el fortalecimiento del capital humano y la consolidaci\u00f3n de un Estado m\u00e1s eficiente.<\/em><\/strong><\/p>\n\n\n\n<p><strong><em>Legado Patri\u00f3tico &nbsp;<\/em><\/strong><\/p>\n\n\n\n<p><strong><em>Al destacar el legado de los&nbsp;padres fundadores de nuestra nacionalidad, Juan Pablo Duarte, Francisco del Rosario S\u00e1nchez y Ram\u00f3n Mat\u00edas Mella,&nbsp;el Ejecutivo dijo que la construcci\u00f3n de una&nbsp;patria digna&nbsp;es una&nbsp;responsabilidad permanente&nbsp;de cada generaci\u00f3n.<\/em><\/strong><\/p>\n\n\n\n<p><strong><em>\u201cCada 27 de febrero, la Rep\u00fablica Dominicana celebra con orgullo su origen. Esta no es solo una fecha marcada en el calendario, es el latido m\u00e1s profundo de nuestra identidad. Es el d\u00eda en que recordamos que un grupo de j\u00f3venes, armados \u00fanicamente con su fe en la libertad, decidi\u00f3 que esta tierra no ser\u00eda simplemente un territorio, sino una patria. Una patria que deb\u00eda resguardarse con sacrificio, construirse con dignidad y honrarse con trabajo\u201d, expuso el presidente en su discurso de rendici\u00f3n de cuentas del a\u00f1o 2025. &nbsp;<\/em><\/strong><\/p>\n\n\n\n<p><strong>Por el robo en el Servicio Nacional de Salud (SaNasa) guardan prisi\u00f3n&nbsp;preventiva en el Centro de Correcci\u00f3n y Rehabilitaci\u00f3n Las Parras, Distrito Nacional, su exdirector, Santiago Hazim y otros seis implicados. Otros tres acusados guardan prisi\u00f3n domiciliaria.<\/strong><\/p>\n\n\n\n<p><strong>A comienzos de febrero, la Segunda Sala Penal de la Corte de Apelaci\u00f3n del Distrito Nacional confirm\u00f3 las medidas de coerci\u00f3n dictadas contra los imputados en este esc\u00e1ndalo de corrupci\u00f3n estimado en m\u00e1s de 15 mil millones de pesos.<\/strong><\/p>\n\n\n\n<p><strong>La sociedad dominicana espera que finalmente la Justicia aplique sanciones ejemplarizadoras contra este o cualquier otro acto de corrupci\u00f3n que pueda presentarse en el futuro. Es la \u00fanica manera de fortalecer nuestro sistema democr\u00e1tico y devolverle esperanza a la ciudadan\u00eda. &nbsp;&nbsp;<\/strong><\/p>\n\n\n\n<p><strong>Todos debemos permanecer vigilantes ante la lucha contra la corrupci\u00f3n administrativa que impacta negativamente en la calidad de vida de la poblaci\u00f3n, cuyos integrantes en su mayor\u00eda trabajan dignamente con esfuerzos y sacrificios.<\/strong><\/p>\n\n\n\n<p><strong>Art\u00edculo de Manuel Diaz Aponte&nbsp;<\/strong><\/p>\n\n\n\n<p><strong>Manuel Diaz <a href=\"mailto:manueldiazaponte@gmail.com\">manueldiazaponte@gmail.com<\/a><\/strong><\/p>\n","protected":false},"excerpt":{"rendered":"<p>Manuel Diaz Aponte El presidente de la Rep\u00fablica, Luis Abinader, reafirm\u00f3 su decidida pol\u00edtica de lucha contra la corrupci\u00f3n en el pa\u00eds, y dio seguridad, de que los recursos sustra\u00eddos de SENASA ser\u00e1n recuperados y reincorporados a las arcas del Estado. Valor\u00f3 la importancia de la honestidad para el ciudadano y particularmente entre aquellos funcionarios [&hellip;]<\/p>\n","protected":false},"author":7,"featured_media":510907,"comment_status":"closed","ping_status":"closed","sticky":false,"template":"","format":"standard","meta":{"footnotes":""},"categories":[16],"tags":[4875],"class_list":["post-667717","post","type-post","status-publish","format-standard","has-post-thumbnail","hentry","category-opiniones","tag-manuel-diaz-aponte-3"],"_links":{"self":[{"href":"https:\/\/diariodominicano.com\/index.php?rest_route=\/wp\/v2\/posts\/667717","targetHints":{"allow":["GET"]}}],"collection":[{"href":"https:\/\/diariodominicano.com\/index.php?rest_route=\/wp\/v2\/posts"}],"about":[{"href":"https:\/\/diariodominicano.com\/index.php?rest_route=\/wp\/v2\/types\/post"}],"author":[{"embeddable":true,"href":"https:\/\/diariodominicano.com\/index.php?rest_route=\/wp\/v2\/users\/7"}],"replies":[{"embeddable":true,"href":"https:\/\/diariodominicano.com\/index.php?rest_route=%2Fwp%2Fv2%2Fcomments&post=667717"}],"version-history":[{"count":1,"href":"https:\/\/diariodominicano.com\/index.php?rest_route=\/wp\/v2\/posts\/667717\/revisions"}],"predecessor-version":[{"id":667723,"href":"https:\/\/diariodominicano.com\/index.php?rest_route=\/wp\/v2\/posts\/667717\/revisions\/667723"}],"wp:featuredmedia":[{"embeddable":true,"href":"https:\/\/diariodominicano.com\/index.php?rest_route=\/wp\/v2\/media\/510907"}],"wp:attachment":[{"href":"https:\/\/diariodominicano.com\/index.php?rest_route=%2Fwp%2Fv2%2Fmedia&parent=667717"}],"wp:term":[{"taxonomy":"category","embeddable":true,"href":"https:\/\/diariodominicano.com\/index.php?rest_route=%2Fwp%2Fv2%2Fcategories&post=667717"},{"taxonomy":"post_tag","embeddable":true,"href":"https:\/\/diariodominicano.com\/index.php?rest_route=%2Fwp%2Fv2%2Ftags&post=667717"}],"curies":[{"name":"wp","href":"https:\/\/api.w.org\/{rel}","templated":true}]}}