{"id":667701,"date":"2026-02-28T01:22:32","date_gmt":"2026-02-28T05:22:32","guid":{"rendered":"https:\/\/diariodominicano.com\/?p=667701"},"modified":"2026-03-07T02:04:36","modified_gmt":"2026-03-07T06:04:36","slug":"abinader-informa-gobierno-avanza-en-una-estrategia-de-diversificacion-productiva-y-nearshoring-con-el-objetivo-de-posicionar-a-la-republica-dominicana-en-la-industria-de-alta-tecn","status":"publish","type":"post","link":"https:\/\/diariodominicano.com\/?p=667701","title":{"rendered":"Abinader informa gobierno avanza en una\u00a0estrategia de diversificaci\u00f3n productiva\u00a0y\u00a0nearshoring, con el objetivo de posicionar a la Rep\u00fablica Dominicana en la\u00a0industria de alta tecnolog\u00eda, en la fabricaci\u00f3n de\u00a0semiconductores"},"content":{"rendered":"\n<p>27 de Febrero 2026 <\/p>\n\n\n\n<figure class=\"wp-block-image\"><img decoding=\"async\" src=\"https:\/\/platform-cdn.sharethis.com\/img\/sharethis.svg\" alt=\"sharethis sharing button\"\/><\/figure>\n\n\n\n<p>Santo Domingo, RD.\u2013\u00a0<strong>El presidente Luis Abinader\u00a0<\/strong>inform\u00f3 que el Gobierno avanza de manera firme en una\u00a0<strong>estrategia de diversificaci\u00f3n productiva<\/strong>\u00a0y\u00a0<em>nearshoring<\/em>, con el objetivo de posicionar a la Rep\u00fablica Dominicana en la\u00a0<strong>industria de alta tecnolog\u00eda<\/strong>, espec\u00edficamente en la fabricaci\u00f3n de\u00a0<strong>semiconductores.<\/strong><\/p>\n\n\n\n<p>Estas declaraciones fueron ofrecidas por el jefe de Estado en el marco de la conmemoraci\u00f3n del&nbsp;<strong>182.\u00ba aniversario de la Independencia Nacional,<\/strong>&nbsp;durante su intervenci\u00f3n ante el&nbsp;<strong>Congreso Nacional<\/strong>, escenario en el que present\u00f3 sus memorias de gesti\u00f3n.<\/p>\n\n\n\n<p>El mandatario destac\u00f3 que, tras consolidar el liderazgo regional en la&nbsp;<strong>exportaci\u00f3n de dispositivos m\u00e9dicos<\/strong>, el pa\u00eds da un&nbsp;<strong>paso estrat\u00e9gico<\/strong>&nbsp;hacia sectores de mayor valor agregado, con miras a integrarse a las cadenas globales de&nbsp;<strong>suministro de tecnolog\u00edas avanzadas.<\/strong><\/p>\n\n\n\n<p><strong>Formaci\u00f3n de capital humano especializado<\/strong><\/p>\n\n\n\n<p>Para garantizar la&nbsp;<strong>competitividad en este mercado global<\/strong>, el jefe de Estado subray\u00f3 los avances en la formaci\u00f3n de talento especializado, pilar fundamental para el&nbsp;<strong>desarrollo de la industria de semiconductores.<\/strong><\/p>\n\n\n\n<p>En ese contexto, resalt\u00f3 las&nbsp;<strong>alianzas estrat\u00e9gicas<\/strong>&nbsp;suscritas con la&nbsp;<strong>Universidad de Purdue<\/strong>, orientadas a fortalecer la&nbsp;<strong>capacitaci\u00f3n t\u00e9cnica y cient\u00edfica<\/strong>&nbsp;en \u00e1reas vinculadas a la ingenier\u00eda y la microelectr\u00f3nica.<\/p>\n\n\n\n<p>Asimismo, inform\u00f3 sobre la creaci\u00f3n de&nbsp;<strong>nuevos programas acad\u00e9micos<\/strong>&nbsp;en el Instituto T\u00e9cnico Superior Comunitario (<strong>ITSC)<\/strong>, as\u00ed como el fortalecimiento curricular en el&nbsp;<strong>Instituto Tecnol\u00f3gico de las Am\u00e9ricas<\/strong>&nbsp;(ITLA) y en el Instituto Nacional de Formaci\u00f3n T\u00e9cnico Profesional (<strong>Infotep)<\/strong>, con el fin de adecuar la oferta formativa a las exigencias de la industria tecnol\u00f3gica.<\/p>\n\n\n\n<p><strong>Desarrollo territorial y equidad<\/strong><\/p>\n\n\n\n<p>El presidente Abinader enfatiz\u00f3 que la&nbsp;<strong>expansi\u00f3n industrial<\/strong>&nbsp;no se limitar\u00e1 a los centros urbanos tradicionales. Explic\u00f3 que&nbsp;<strong>la estrategia estatal<\/strong>&nbsp;contempla el fortalecimiento de polos productivos en provincias hist\u00f3ricamente rezagadas, promoviendo un&nbsp;<strong>desarrollo territorial m\u00e1s equilibrado.<\/strong><\/p>\n\n\n\n<p>Indic\u00f3 que esta visi\u00f3n busca llevar&nbsp;<strong>oportunidades de crecimiento integral<\/strong>&nbsp;a todo el pa\u00eds, al tiempo que conecta a la Rep\u00fablica Dominicana con las&nbsp;<strong>cadenas globales de valor<\/strong>&nbsp;en&nbsp;<strong>industrias tecnol\u00f3gicas avanzadas.<\/strong><\/p>\n\n\n\n<p>Con esta iniciativa, el Gobierno reafirma su compromiso con una econom\u00eda m\u00e1s&nbsp;<strong>diversificada, innovadora y competitiva<\/strong>, capaz de generar empleos de calidad y consolidar al pa\u00eds como un destino estrat\u00e9gico para la inversi\u00f3n en&nbsp;<strong>sectores de alta tecnolog\u00eda.<\/strong><\/p>\n\n\n\n<p>Con informaci\u00f3n de la Presidencia de la Rep\u00fablica.<\/p>\n","protected":false},"excerpt":{"rendered":"<p>27 de Febrero 2026 Santo Domingo, RD.\u2013\u00a0El presidente Luis Abinader\u00a0inform\u00f3 que el Gobierno avanza de manera firme en una\u00a0estrategia de diversificaci\u00f3n productiva\u00a0y\u00a0nearshoring, con el objetivo de posicionar a la Rep\u00fablica Dominicana en la\u00a0industria de alta tecnolog\u00eda, espec\u00edficamente en la fabricaci\u00f3n de\u00a0semiconductores. Estas declaraciones fueron ofrecidas por el jefe de Estado en el marco de la [&hellip;]<\/p>\n","protected":false},"author":2,"featured_media":667703,"comment_status":"open","ping_status":"closed","sticky":false,"template":"","format":"standard","meta":{"footnotes":""},"categories":[36,27],"tags":[4105,4869,4995],"class_list":["post-667701","post","type-post","status-publish","format-standard","has-post-thumbnail","hentry","category-hombresmujeresycosas","category-portada","tag-abinader","tag-alta-tecnologia","tag-luis-abinader"],"_links":{"self":[{"href":"https:\/\/diariodominicano.com\/index.php?rest_route=\/wp\/v2\/posts\/667701","targetHints":{"allow":["GET"]}}],"collection":[{"href":"https:\/\/diariodominicano.com\/index.php?rest_route=\/wp\/v2\/posts"}],"about":[{"href":"https:\/\/diariodominicano.com\/index.php?rest_route=\/wp\/v2\/types\/post"}],"author":[{"embeddable":true,"href":"https:\/\/diariodominicano.com\/index.php?rest_route=\/wp\/v2\/users\/2"}],"replies":[{"embeddable":true,"href":"https:\/\/diariodominicano.com\/index.php?rest_route=%2Fwp%2Fv2%2Fcomments&post=667701"}],"version-history":[{"count":1,"href":"https:\/\/diariodominicano.com\/index.php?rest_route=\/wp\/v2\/posts\/667701\/revisions"}],"predecessor-version":[{"id":667704,"href":"https:\/\/diariodominicano.com\/index.php?rest_route=\/wp\/v2\/posts\/667701\/revisions\/667704"}],"wp:featuredmedia":[{"embeddable":true,"href":"https:\/\/diariodominicano.com\/index.php?rest_route=\/wp\/v2\/media\/667703"}],"wp:attachment":[{"href":"https:\/\/diariodominicano.com\/index.php?rest_route=%2Fwp%2Fv2%2Fmedia&parent=667701"}],"wp:term":[{"taxonomy":"category","embeddable":true,"href":"https:\/\/diariodominicano.com\/index.php?rest_route=%2Fwp%2Fv2%2Fcategories&post=667701"},{"taxonomy":"post_tag","embeddable":true,"href":"https:\/\/diariodominicano.com\/index.php?rest_route=%2Fwp%2Fv2%2Ftags&post=667701"}],"curies":[{"name":"wp","href":"https:\/\/api.w.org\/{rel}","templated":true}]}}