{"id":667648,"date":"2026-02-27T23:14:14","date_gmt":"2026-02-28T03:14:14","guid":{"rendered":"https:\/\/diariodominicano.com\/?p=667648"},"modified":"2026-02-28T01:24:17","modified_gmt":"2026-02-28T05:24:17","slug":"pld-advierte-retroceso-nacional-y-ruptura-de-la-confianza-tras-discurso-presidencial","status":"publish","type":"post","link":"https:\/\/diariodominicano.com\/?p=667648","title":{"rendered":"PLD advierte retroceso nacional y ruptura de la confianza tras discurso del presidente Abinader"},"content":{"rendered":"\n<p><em>\u201cEl pa\u00eds debe recuperar el orden\u2026 H<\/em><em>emos perdido la fe en que podemos avanzar como pa\u00eds<\/em><em>\u201d, afirm\u00f3 Johnny Pujols con la respuesta del PLD al discurso de Rendici\u00f3n de Cuentas del Jefe del Estado<\/em>.<\/p>\n\n\n\n<p><strong>El Partido de la Liberaci\u00f3n Dominicana (PLD)<\/strong>&nbsp;afirm\u00f3 este jueves que la Rep\u00fablica Dominicana atraviesa un preocupante retroceso econ\u00f3mico e institucional, tras evaluar el discurso de rendici\u00f3n de cuentas del presidente Luis Abinader en ocasi\u00f3n del aniversario de la Independencia Nacional.<\/p>\n\n\n\n<figure class=\"wp-block-image size-large\"><img loading=\"lazy\" decoding=\"async\" width=\"1024\" height=\"551\" src=\"https:\/\/diariodominicano.com\/wp-content\/uploads\/2026\/02\/pujols-33333-1024x551.jpg\" alt=\"\" class=\"wp-image-667650\" srcset=\"https:\/\/diariodominicano.com\/wp-content\/uploads\/2026\/02\/pujols-33333-1024x551.jpg 1024w, https:\/\/diariodominicano.com\/wp-content\/uploads\/2026\/02\/pujols-33333-300x161.jpg 300w, https:\/\/diariodominicano.com\/wp-content\/uploads\/2026\/02\/pujols-33333-768x413.jpg 768w, https:\/\/diariodominicano.com\/wp-content\/uploads\/2026\/02\/pujols-33333-816x439.jpg 816w, https:\/\/diariodominicano.com\/wp-content\/uploads\/2026\/02\/pujols-33333.jpg 1280w\" sizes=\"auto, (max-width: 1024px) 100vw, 1024px\" \/><\/figure>\n\n\n\n<p>En un pronunciamiento encabezado por el Secretario General del PLD, Johnny Pujols, la organizaci\u00f3n sostuvo que el pa\u00eds enfrenta una ruptura profunda de la confianza ciudadana, producto \u2014seg\u00fan indic\u00f3\u2014 de pol\u00edticas p\u00fablicas mal concebidas y peor ejecutadas.<\/p>\n\n\n\n<p>\u201cEste gobierno no solo ha roto la econom\u00eda, la salud, el servicio el\u00e9ctrico y el acceso a la canasta b\u00e1sica. Ha roto lo m\u00e1s elemental para que funcionemos como naci\u00f3n: la confianza\u201d, expres\u00f3 Pujols.<\/p>\n\n\n\n<p>El Secretario General asumi\u00f3 la vocer\u00eda del Comit\u00e9 Pol\u00edtico, cuyos integrantes estuvieron presentes en el Sal\u00f3n Bienvenido Sandoval de la sede nacional del PLD, as\u00ed como el equipo t\u00e9cnico que estuvo monitoreando la alocuci\u00f3n del mandatario.<\/p>\n\n\n\n<p>Esas anotaciones sirvieron de pauta a la exposici\u00f3n del Secretario General del PLD en nombre del Comit\u00e9 Pol\u00edtico<\/p>\n\n\n\n<p><strong>Costo de la vida, producci\u00f3n nacional y seguridad alimentaria<\/strong><\/p>\n\n\n\n<p><strong>El Partido de la Liberaci\u00f3n Dominicana (PLD)<\/strong>&nbsp;afirm\u00f3 que el&nbsp;aumento sostenido del costo de la vida&nbsp;se ha convertido en la principal preocupaci\u00f3n de las familias dominicanas. Se\u00f1al\u00f3 que la inflaci\u00f3n de alimentos super\u00f3 el 8 % en 2025 y que productos esenciales como arroz, pollo, huevo y pl\u00e1tano han experimentado aumentos significativos en comparaci\u00f3n con 2019.<\/p>\n\n\n\n<p>La organizaci\u00f3n advirti\u00f3, adem\u00e1s, que el&nbsp;sector agropecuario atraviesa una etapa cr\u00edtica&nbsp;que compromete la seguridad alimentaria del pa\u00eds. Seg\u00fan explic\u00f3 su secretario general, la autosuficiencia alimentaria se redujo de 88.5 % a 72 %, lo que implica que cerca del 28 % de los alimentos consumidos en 2025 fueron importados. Las importaciones alcanzaron los US$5,591 millones, representando un incremento del 80 % respecto a 2019, mientras que&nbsp;cayeron exportaciones agr\u00edcolas&nbsp;claves como el banano (45 %), tomate (28 %), hortalizas (25.6 %) y az\u00facar (19 %).<\/p>\n\n\n\n<p>Asimismo, cuestion\u00f3 que el mayor volumen de cr\u00e9dito otorgado por el Banco Agr\u00edcola no haya sido orientado prioritariamente al fortalecimiento de la producci\u00f3n nacional. \u201cEl&nbsp;campo dominicano no tiene paz. Se ha debilitado la producci\u00f3n local y se ha puesto en riesgo la soberan\u00eda alimentaria\u201d, afirm\u00f3.<\/p>\n\n\n\n<p>El PLD sostuvo que el crecimiento econ\u00f3mico exhibido por el gobierno responde principalmente al alza internacional del oro y no a una pol\u00edtica productiva interna s\u00f3lida.<\/p>\n\n\n\n<p><strong>Endeudamiento y presi\u00f3n fiscal<\/strong><\/p>\n\n\n\n<p>El partido alert\u00f3 sobre el peso creciente del servicio de la&nbsp;deuda p\u00fablica, indicando que el pa\u00eds destina alrededor de 324 mil millones de pesos anuales al pago de intereses, lo que representa aproximadamente el 25 % de los ingresos del Estado.<\/p>\n\n\n\n<p>\u201cCuando una cuarta parte de los ingresos se va en pagar intereses, el&nbsp;pa\u00eds pierde capacidad para invertir en salud, seguridad e infraestructura\u201d, se\u00f1al\u00f3 el secretario general, advirtiendo que esta situaci\u00f3n limita la inversi\u00f3n social y compromete el futuro fiscal de la naci\u00f3n.<\/p>\n\n\n\n<p><strong>Seguridad, violencia y servicios p\u00fablicos<\/strong><\/p>\n\n\n\n<p>El PLD expres\u00f3 preocupaci\u00f3n por la&nbsp;falta de transparencia en las estad\u00edsticas oficiales&nbsp;sobre criminalidad y&nbsp;feminicidios.&nbsp;Indic\u00f3 que, mientras las autoridades reportan 58 feminicidios en 2025, registros recopilados a partir de reportes p\u00fablicos elevan la cifra a 80 casos.<\/p>\n\n\n\n<p>\u201cSurge una pregunta leg\u00edtima y dolorosa: \u00bfd\u00f3nde est\u00e1n las 22 v\u00edctimas&nbsp;que no aparecen en las estad\u00edsticas oficiales?\u201d, cuestion\u00f3 el dirigente, al tiempo que afirm\u00f3 que no se observan pol\u00edticas integrales efectivas para enfrentar la violencia contra las mujeres.<\/p>\n\n\n\n<p><strong>En el sector el\u00e9ctrico,<\/strong>&nbsp;calific\u00f3 como alarmantes los recientes apagones generales y el aumento de las p\u00e9rdidas del sistema a m\u00e1s del 42 %, atribuy\u00e9ndolo a ineficiencia y falta de planificaci\u00f3n.<\/p>\n\n\n\n<p><strong>En salud y educaci\u00f3n,<\/strong>&nbsp;denunci\u00f3 precariedades hospitalarias, d\u00e9ficit presupuestario en el Servicio Nacional de Salud, cuestionamientos en instituciones p\u00fablicas, reducci\u00f3n en la cobertura escolar y un d\u00e9ficit superior a cinco mil aulas. Tambi\u00e9n critic\u00f3 la baja inversi\u00f3n p\u00fablica en infraestructura, situ\u00e1ndola en apenas 1.4 % del PIB, as\u00ed como el retraso en proyectos de transporte y obras estrat\u00e9gicas anunciadas.<\/p>\n\n\n\n<p><strong>Llamado al retorno del orden institucional<\/strong><\/p>\n\n\n\n<p>Finalmente, el Partido de la Liberaci\u00f3n Dominicana sostuvo que el pa\u00eds necesita recuperar el&nbsp;orden institucional<strong>,<\/strong>&nbsp;la planificaci\u00f3n estrat\u00e9gica y la capacidad de ejecuci\u00f3n del Estado.<\/p>\n\n\n\n<p>\u201cEl pueblo dominicano cumple con su trabajo y con sus responsabilidades. Es el gobierno el que ha fallado. La Rep\u00fablica Dominicana necesita direcci\u00f3n, experiencia y resultados. El pa\u00eds no puede seguir gobernado desde la propaganda; es momento de retomar el rumbo\u201d, concluy\u00f3.<\/p>\n\n\n\n<p>El&nbsp;<strong>PLD reiter\u00f3 su compromiso de trabajar<\/strong>&nbsp;por una naci\u00f3n con estabilidad, crecimiento productivo y oportunidades reales para todos los dominicanos.<\/p>\n\n\n\n<p><strong>SECRETAR\u00cdA DE COMUNICACIONES<\/strong><\/p>\n\n\n\n<p><strong>27 DE FEBRERO, 2026.-<\/strong><\/p>\n\n\n\n<p><strong>Adjunto:<\/strong>&nbsp;&nbsp;documento completo&nbsp;<\/p>\n","protected":false},"excerpt":{"rendered":"<p>\u201cEl pa\u00eds debe recuperar el orden\u2026 Hemos perdido la fe en que podemos avanzar como pa\u00eds\u201d, afirm\u00f3 Johnny Pujols con la respuesta del PLD al discurso de Rendici\u00f3n de Cuentas del Jefe del Estado. El Partido de la Liberaci\u00f3n Dominicana (PLD)&nbsp;afirm\u00f3 este jueves que la Rep\u00fablica Dominicana atraviesa un preocupante retroceso econ\u00f3mico e institucional, tras [&hellip;]<\/p>\n","protected":false},"author":2,"featured_media":667649,"comment_status":"open","ping_status":"closed","sticky":false,"template":"","format":"standard","meta":{"footnotes":""},"categories":[22,27],"tags":[2413,175],"class_list":["post-667648","post","type-post","status-publish","format-standard","has-post-thumbnail","hentry","category-politica","category-portada","tag-johnny-pujols","tag-pld"],"_links":{"self":[{"href":"https:\/\/diariodominicano.com\/index.php?rest_route=\/wp\/v2\/posts\/667648","targetHints":{"allow":["GET"]}}],"collection":[{"href":"https:\/\/diariodominicano.com\/index.php?rest_route=\/wp\/v2\/posts"}],"about":[{"href":"https:\/\/diariodominicano.com\/index.php?rest_route=\/wp\/v2\/types\/post"}],"author":[{"embeddable":true,"href":"https:\/\/diariodominicano.com\/index.php?rest_route=\/wp\/v2\/users\/2"}],"replies":[{"embeddable":true,"href":"https:\/\/diariodominicano.com\/index.php?rest_route=%2Fwp%2Fv2%2Fcomments&post=667648"}],"version-history":[{"count":4,"href":"https:\/\/diariodominicano.com\/index.php?rest_route=\/wp\/v2\/posts\/667648\/revisions"}],"predecessor-version":[{"id":667657,"href":"https:\/\/diariodominicano.com\/index.php?rest_route=\/wp\/v2\/posts\/667648\/revisions\/667657"}],"wp:featuredmedia":[{"embeddable":true,"href":"https:\/\/diariodominicano.com\/index.php?rest_route=\/wp\/v2\/media\/667649"}],"wp:attachment":[{"href":"https:\/\/diariodominicano.com\/index.php?rest_route=%2Fwp%2Fv2%2Fmedia&parent=667648"}],"wp:term":[{"taxonomy":"category","embeddable":true,"href":"https:\/\/diariodominicano.com\/index.php?rest_route=%2Fwp%2Fv2%2Fcategories&post=667648"},{"taxonomy":"post_tag","embeddable":true,"href":"https:\/\/diariodominicano.com\/index.php?rest_route=%2Fwp%2Fv2%2Ftags&post=667648"}],"curies":[{"name":"wp","href":"https:\/\/api.w.org\/{rel}","templated":true}]}}