{"id":667538,"date":"2026-02-27T02:34:33","date_gmt":"2026-02-27T06:34:33","guid":{"rendered":"https:\/\/diariodominicano.com\/?p=667538"},"modified":"2026-02-27T02:34:40","modified_gmt":"2026-02-27T06:34:40","slug":"182-anos-de-la-independencia-dominicana","status":"publish","type":"post","link":"https:\/\/diariodominicano.com\/?p=667538","title":{"rendered":"182 a\u00f1os de la Independencia Dominicana"},"content":{"rendered":"\n<p><strong>Por Te\u00f3filo Lappot Robles<\/strong><\/p>\n\n\n\n<p><strong>Se cumplen 182 a\u00f1os de la hist\u00f3rica noche (27-2-1844) en que fue proclamada la independencia nacional. Terminaban m\u00e1s de dos terribles d\u00e9cadas de sojuzgamiento del pueblo dominicano por el gobierno haitiano que robaba las riquezas nacionales y ahogaba las libertades, neg\u00e1ndoles \u201cel pan y la sal\u201d de que hablaban griegos y romanos en la antig\u00fcedad.<\/strong><\/p>\n\n\n\n<p><strong>El fogonazo redentor de Ram\u00f3n Mat\u00edas Mella en la Puerta de la Misericordia, la toma armada de la Puerta del Conde y la actitud resuelta de los febreristas que cargados de patriotismo se aproximaron en son de guerra a los fortines que los intrusos ten\u00edan en lugares claves de la zona colonial de la ciudad de Santo Domingo fueron el culmen de la materializaci\u00f3n del ideal trinitario.<\/strong><\/p>\n\n\n\n<p><strong>Aunque estaba desde hac\u00eda ocho meses en un exilio forzado el esp\u00edritu patri\u00f3tico de Juan Pablo Duarte vibraba en cada luchador independentista aut\u00e9ntico.<\/strong><\/p>\n\n\n\n<p><strong>La emoci\u00f3n del padre de la patria era desbordante al ver desde la rada del peque\u00f1o puerto de la capital de la isla de Curazao (Willemstad) la bandera tricolor en la proa de la goleta Leonor, envidada all\u00ed para traerlo de vuelta con sus compa\u00f1eros a la tierra liberada. Lo cual se produjo cuando la capa de la oscuridad arropaba el jueves 14 de marzo de 1844.<\/strong><\/p>\n\n\n\n<p><strong>Aquella alborada de libertad tuvo su primer pilar cuando se form\u00f3 La Trinitaria&nbsp; el 16 de julio de 1838,&nbsp; con&nbsp; Duarte a la cabeza, flanqueado por los j\u00f3venes Pedro Alejandrino Pina, Jacinto de la Concha, Jos\u00e9 Mar\u00eda Serra, Felipe Alfau,&nbsp; Juan Isidro P\u00e9rez, Juan Nepomuceno Ravelo, F\u00e9lix Mar\u00eda Ruiz y Benito Gonz\u00e1lez, quienes ese d\u00eda en la casa de do\u00f1a Chepita P\u00e9rez, frente a la iglesia Nuestra Se\u00f1ora del Carmen, juraron ofrendar sus vidas, si fuera necesario, en aras de la libertad del pueblo dominicano.<\/strong><\/p>\n\n\n\n<p><strong>Esos nueve j\u00f3venes representaban en ese momento hist\u00f3rico la dignidad del pueblo dominicano. Un ilustre ciudadano escribi\u00f3 mucho despu\u00e9s una reflexi\u00f3n digna de ser resaltada de nuevo ahora: \u201c\u2026respira decisi\u00f3n y profundo amor c\u00edvico el juramento de los trinitarios, ideado por Duarte y firmado con sangre\u2026todos firmaron con su sangre el juramento de morir o hacer libre la tierra de sus antepasados.\u201d (Monumento a Duarte. Primera publicaci\u00f3n en 1894. Emiliano Tejera Penson).<\/strong><\/p>\n\n\n\n<p><strong>Permitido es reiterar que con perseverancia y tenacidad juvenil, venciendo obst\u00e1culos y ariesg\u00e1ndolo todo, el proyecto redentor de Duarte y sus seguidores germin\u00f3 y se expandi\u00f3 entre la poblaci\u00f3n. Un fecundo historiador lo escribi\u00f3 as\u00ed: \u201cLos trinitarios\u2026emprenden sin tardanza sus patri\u00f3ticas faenas. Sus adeptos van aumentando d\u00eda por d\u00eda, y el anhelo de libertad, simiente regada por todo el pa\u00eds, es como un vasto y silencioso incendio que inflama el coraz\u00f3n de los dominicanos y que los prepara a la heroica jornada\u201d. (La Trinitaria. Apuntes y documentos para su estudio. Cl\u00edo No.86. Enero 1950.P6. Emilio Rodr\u00edguez Demorizi).<\/strong><\/p>\n\n\n\n<p><strong>Pero como estaban conscientes de que pisaban un terreno fangoso los trinitarios decidieron utilizar nombres supuestos para consolidar su lucha y protegerse un poco. La historia registra, por ejemplo, que Duarte era Ar\u00edstides, como el gran estadista ateniense, a quien antonom\u00e1sticamente llamaban el Justo, protagonista de la batalla de Marat\u00f3n, que en la primera guerra m\u00e9dica fren\u00f3 la invasi\u00f3n del rey persa Dar\u00edo I a Grecia.<\/strong><\/p>\n\n\n\n<p><strong>Ravelo era conocido como Tem\u00edstocles, recordando al h\u00e1bil pol\u00edtico y general ateniense, h\u00e9roe de la hist\u00f3rica batalla de Salamina, calificado como un genio de la estrategia naval, que derrot\u00f3 en la segunda guerra m\u00e9dica al terrible Jerjes I. Salv\u00f3 a su pueblo ordenando construir doscientas embarcaciones (trirremes) para combatir los constantes asedios de sus enemigos.<\/strong><\/p>\n\n\n\n<p><strong>As\u00ed tambi\u00e9n Benito Gonz\u00e1lez se hizo llamar Leonidas, probablemente en honra al rey de Esparta que cay\u00f3 defendiendo las Term\u00f3pilas, en la embestida del ej\u00e9rcito persa, en la segunda guerra m\u00e9dica. Alfau era de cara al p\u00fablico Sim\u00f3n, tal vez por el famoso cananeo que fue obispo de Jerusal\u00e9n y cuyo destino final ha sido narrado de manera diferente en cada leyenda tejida en torno a \u00e9l.<\/strong><\/p>\n\n\n\n<p><strong>Lo cierto fue que al filo de la media noche de 27 de febrero de 1844, y las horas siguientes, cuaj\u00f3 el ideal trinitario de \u201cimplantar una Rep\u00fablica libre e independiente de toda dominaci\u00f3n extranjera que se denominar\u00e1 Rep\u00fablica Dominicana\u2026\u201d<\/strong><\/p>\n\n\n\n<p><strong>El discernimiento de esos nueve dominicanos de pro, junto a muchos otros, al emprender su colosal labor, estaba abonado por sus vivencias cotidianas en medio de un pueblo que desde hac\u00eda mucho tiempo ya ten\u00eda conciencia de los atributos de su propia idiosincrasia, y cuya culminaci\u00f3n no pod\u00eda ser otra que lograr quitarse de encima la opresi\u00f3n de extranjeros. Formalizaron su jaculatoria patri\u00f3tica de: \u201c\u2026cumplir el voto que hacemos de redimir la Patria del poder de los haitianos\u201d.<\/strong><\/p>\n\n\n\n<p><strong>Algunos poderosos lograron abigarrar la lucha inicial, mediante a\u00f1agaza y fingiendo sus verdaderos objetivos. Esos fueron los h\u00e1biles que \u201c\u2026que pertenec\u00edan al elemento conservador, quienes no teniendo fe en los futuros destinos del pa\u00eds, miraron como una locura el proyecto de Duarte y se negaron a prestarle ayuda.\u201d (Jos\u00e9 Gabriel Garc\u00eda. Obras completas.Vol.4P.317.Impresora Amigo del Hogar, 2016).<\/strong><\/p>\n\n\n\n<p><strong>Al cumplirse ahora 182 a\u00f1os de la haza\u00f1a independentista es oportuno insistir que el firme compromiso del patricio Juan Pablo Duarte en defensa de la libertad del pueblo dominicano se resume en esta frase suya: \u201cNuestra Patria ha de ser libre e independiente de toda potencia extranjera o se hunde la isla\u201d.<\/strong><\/p>\n\n\n\n<p><strong>Teofilo Lappot <a href=\"mailto:teofilolappot@gmail.com\">teofilolappot@gmail.com<\/a><\/strong><\/p>\n","protected":false},"excerpt":{"rendered":"<p>Por Te\u00f3filo Lappot Robles Se cumplen 182 a\u00f1os de la hist\u00f3rica noche (27-2-1844) en que fue proclamada la independencia nacional. Terminaban m\u00e1s de dos terribles d\u00e9cadas de sojuzgamiento del pueblo dominicano por el gobierno haitiano que robaba las riquezas nacionales y ahogaba las libertades, neg\u00e1ndoles \u201cel pan y la sal\u201d de que hablaban griegos y [&hellip;]<\/p>\n","protected":false},"author":7,"featured_media":525185,"comment_status":"closed","ping_status":"closed","sticky":false,"template":"","format":"standard","meta":{"footnotes":""},"categories":[21,27],"tags":[177],"class_list":["post-667538","post","type-post","status-publish","format-standard","has-post-thumbnail","hentry","category-cultura","category-portada","tag-teofilo-lappot-robles"],"_links":{"self":[{"href":"https:\/\/diariodominicano.com\/index.php?rest_route=\/wp\/v2\/posts\/667538","targetHints":{"allow":["GET"]}}],"collection":[{"href":"https:\/\/diariodominicano.com\/index.php?rest_route=\/wp\/v2\/posts"}],"about":[{"href":"https:\/\/diariodominicano.com\/index.php?rest_route=\/wp\/v2\/types\/post"}],"author":[{"embeddable":true,"href":"https:\/\/diariodominicano.com\/index.php?rest_route=\/wp\/v2\/users\/7"}],"replies":[{"embeddable":true,"href":"https:\/\/diariodominicano.com\/index.php?rest_route=%2Fwp%2Fv2%2Fcomments&post=667538"}],"version-history":[{"count":1,"href":"https:\/\/diariodominicano.com\/index.php?rest_route=\/wp\/v2\/posts\/667538\/revisions"}],"predecessor-version":[{"id":667539,"href":"https:\/\/diariodominicano.com\/index.php?rest_route=\/wp\/v2\/posts\/667538\/revisions\/667539"}],"wp:featuredmedia":[{"embeddable":true,"href":"https:\/\/diariodominicano.com\/index.php?rest_route=\/wp\/v2\/media\/525185"}],"wp:attachment":[{"href":"https:\/\/diariodominicano.com\/index.php?rest_route=%2Fwp%2Fv2%2Fmedia&parent=667538"}],"wp:term":[{"taxonomy":"category","embeddable":true,"href":"https:\/\/diariodominicano.com\/index.php?rest_route=%2Fwp%2Fv2%2Fcategories&post=667538"},{"taxonomy":"post_tag","embeddable":true,"href":"https:\/\/diariodominicano.com\/index.php?rest_route=%2Fwp%2Fv2%2Ftags&post=667538"}],"curies":[{"name":"wp","href":"https:\/\/api.w.org\/{rel}","templated":true}]}}